{"id":80265,"date":"2023-11-13T09:32:20","date_gmt":"2023-11-13T08:32:20","guid":{"rendered":"https:\/\/www.teritoria.com\/decouvrir-les-marches-de-noel-de-milan\/"},"modified":"2025-02-13T10:37:09","modified_gmt":"2025-02-13T09:37:09","slug":"scopri-i-mercatini-di-natale-di-milano","status":"publish","type":"post","link":"https:\/\/www.teritoria.com\/it\/scopri-i-mercatini-di-natale-di-milano\/","title":{"rendered":"Alla scoperta dei Mercatini di Natale di Milano"},"content":{"rendered":"\n<p>Immergiti nell<strong>&#8216;incanto dei mercatini di Natale di Milano<\/strong>, dove ogni quartiere si trasforma in un vero e proprio paradiso delle feste. Dal 1\u00b0 dicembre 2024 al 6 gennaio 2025, il famoso Mercatino di Natale in Piazza Duomo, rivela l<strong>&#8216;anima calorosa della citt\u00e0<\/strong>. <br><br>Le strade si animano con oltre 60 bancarelle pieni di doni tradizionali, decorazioni scintillanti, ninnoli per alberi di Natale, presepi in movimento, calze della <strong>Befana <\/strong>e una deliziosa variet\u00e0 di <strong>specialit\u00e0 culinarie<\/strong> provenienti da tutta Italia. <\/p>\n\n\n\n<div class=\"wp-block-group\"><div class=\"wp-block-group__inner-container is-layout-constrained wp-block-group-is-layout-constrained\">\n<p><\/p>\n\n\n\n<p>Questa imperdibile celebrazione offre un&#8217;esperienza sensoriale unica, che fonde una profonda tradizione con un tocco contemporaneo, riflettendo l&#8217;essenza stessa della cultura milanese.<\/p>\n\n\n<div class=\"wp-block-image\">\n<figure class=\"aligncenter is-resized\"><img loading=\"lazy\" decoding=\"async\" width=\"878\" height=\"837\" src=\"https:\/\/www.teritoria.com\/wp-content\/uploads\/2023\/11\/milan_cathedral_marche.png\" alt=\"La cattedrale del Duomo di Milano\" class=\"wp-image-54039\" style=\"aspect-ratio:1;object-fit:cover;width:1450px\" title=\"\" srcset=\"https:\/\/www.teritoria.com\/wp-content\/uploads\/2023\/11\/milan_cathedral_marche.png 878w, https:\/\/www.teritoria.com\/wp-content\/uploads\/2023\/11\/milan_cathedral_marche-300x286.png 300w, https:\/\/www.teritoria.com\/wp-content\/uploads\/2023\/11\/milan_cathedral_marche-768x732.png 768w\" sizes=\"auto, (max-width: 878px) 100vw, 878px\" \/><\/figure>\n<\/div>\n\n\n<div class=\"wp-block-group has-white-background-color has-background\"><div class=\"wp-block-group__inner-container is-layout-constrained wp-block-group-is-layout-constrained\">\n<p>L&#8217;epicentro di questo incanto \u00e8 <strong>Piazza Duomo<\/strong>, la piazza centrale quindi si trasforma in un mercato festivo aperto dalle 9 alle 21, offrendo il luogo perfetto per una passeggiata all&#8217;ora di pranzo o un pomeriggio incantato. Questo mercato caratteristico va oltre il semplice commercio, presentando un vero e proprio <strong>quadro vivente della tradizione<\/strong>, della cultura moderna e del gusto raffinato di Milano.<\/p>\n\n\n\n<p><\/p>\n\n\n\n<p>Gli<strong> artigiani locali<\/strong> espongono e vendono con orgoglio le loro <strong>creazioni uniche<\/strong>, aggiungendo una dimensione artistica a questa fiera invernale. Il momento clou del mercatino \u00e8 la cerimonia di apertura, quando viene acceso il tradizionale albero di Natale milanese, che segna l&#8217;inizio ufficiale delle festivit\u00e0.<\/p>\n\n\n\n<h2 class=\"wp-block-heading has-luminous-vivid-orange-color has-text-color has-link-color wp-elements-bf7df31238f8bb0c87b73c9cbac74406\">Il mercato Oh Bej! Oh Bej! per la festa del patrono Sant&#8217;Ambrogio<\/h2>\n\n\n\n<p>Ma l&#8217;esplorazione non si ferma qui. <strong>Dal 5 all&#8217;8 dicembre<\/strong>, un altro gioiello della scena festiva milanese si svela con il <a href=\"https:\/\/www.yesmilano.it\/eventi\/tutti-gli-eventi\/fiera-oh-bej-oh-bej\" rel=\"nofollow noopener\" target=\"_blank\">mercatino Oh Bej! Oh Bej!<\/a> Qui i visitatori possono perdersi tra le bancarelle che offrono <strong>raffinate decorazioni <\/strong>per la casa, articoli in pelle fatti a mano, eleganti sciarpe e una serie di altri regali unici. E non mancano le <strong>delizie<\/strong> <strong>gastronomiche<\/strong>, che hanno reso questa fiera una delle preferite dagli abitanti del posto.<\/p>\n\n\n<div class=\"wp-block-image\">\n<figure class=\"aligncenter is-resized\"><img loading=\"lazy\" decoding=\"async\" width=\"1024\" height=\"683\" src=\"https:\/\/www.teritoria.com\/wp-content\/uploads\/2023\/11\/marche_noel_milan_artisanat.png\" alt=\"Mercatini di Natale a Milano\" class=\"wp-image-54042\" style=\"aspect-ratio:1;object-fit:cover;width:1450px\" title=\"\" srcset=\"https:\/\/www.teritoria.com\/wp-content\/uploads\/2023\/11\/marche_noel_milan_artisanat.png 1024w, https:\/\/www.teritoria.com\/wp-content\/uploads\/2023\/11\/marche_noel_milan_artisanat-300x200.png 300w, https:\/\/www.teritoria.com\/wp-content\/uploads\/2023\/11\/marche_noel_milan_artisanat-768x512.png 768w\" sizes=\"auto, (max-width: 1024px) 100vw, 1024px\" \/><\/figure>\n<\/div>\n\n\n<h2 class=\"wp-block-heading has-luminous-vivid-orange-color has-text-color has-link-color wp-elements-73429116ea40a51855e5e8d3e0e567ab\">Green Christmas per uno shopping natalizio eco-sostenibile<\/h2>\n\n\n\n<p>Per un&#8217;esperienza pi\u00f9 ecologica, il Green Christmas, \u00e8 dedicato alla promozione di uno<strong> stile di vita pi\u00f9 verde.<\/strong> Qui potrai esplorare la vasta gamma di <strong>prodotti biologici<\/strong>, cibi gustosi <strong>e decorazioni eco-compatibili,<\/strong> creando un&#8217;esperienza natalizia sostenibile e consapevole.<\/p>\n\n\n<div class=\"wp-block-image\">\n<figure class=\"aligncenter size-full is-resized\"><img loading=\"lazy\" decoding=\"async\" width=\"1024\" height=\"683\" src=\"https:\/\/www.teritoria.com\/wp-content\/uploads\/2023\/11\/artisanat_milan.png\" alt=\"Mercatini di Natale Milano\" class=\"wp-image-54045\" style=\"aspect-ratio:1;object-fit:cover;width:1450px\" title=\"\" srcset=\"https:\/\/www.teritoria.com\/wp-content\/uploads\/2023\/11\/artisanat_milan.png 1024w, https:\/\/www.teritoria.com\/wp-content\/uploads\/2023\/11\/artisanat_milan-300x200.png 300w, https:\/\/www.teritoria.com\/wp-content\/uploads\/2023\/11\/artisanat_milan-768x512.png 768w\" sizes=\"auto, (max-width: 1024px) 100vw, 1024px\" \/><\/figure>\n<\/div>\n\n\n<p>Infine, per gli amanti del <strong>vintage <\/strong>e delle<strong> collezioni uniche<\/strong>, il mercatino di Natale<strong> East Market Milano<\/strong> apre le sue porte solo nei fine settimana. Le bancarelle sono ricche di giocattoli retr\u00f2, abiti vintage e gioielli unici, creando un paradiso per i cacciatori di tesori.<\/p>\n\n\n<div class=\"wp-block-image\">\n<figure class=\"aligncenter is-resized\"><img loading=\"lazy\" decoding=\"async\" width=\"1024\" height=\"683\" src=\"https:\/\/www.teritoria.com\/wp-content\/uploads\/2023\/11\/parent_enfant_sapin_noel.png\" alt=\"P\u00e8re et fille profitant de la magie de No\u00ebl en observant les d\u00e9corations d&#039;un arbre de No\u00ebl sous la neige\" class=\"wp-image-54048\" style=\"aspect-ratio:1;object-fit:cover;width:1450px\" title=\"\" srcset=\"https:\/\/www.teritoria.com\/wp-content\/uploads\/2023\/11\/parent_enfant_sapin_noel.png 1024w, https:\/\/www.teritoria.com\/wp-content\/uploads\/2023\/11\/parent_enfant_sapin_noel-300x200.png 300w, https:\/\/www.teritoria.com\/wp-content\/uploads\/2023\/11\/parent_enfant_sapin_noel-768x512.png 768w\" sizes=\"auto, (max-width: 1024px) 100vw, 1024px\" \/><\/figure>\n<\/div>\n\n\n<p>Milano \u00e8 una<strong> sinfonia di tradizione, modernit\u00e0 e delizie<\/strong>, un&#8217;avventura festiva da non perdere. Ogni mercatino, ogni angolo della citt\u00e0, ogni eco di risate e di gioia contribuisce a tessere una rete coinvolgente, offrendoti un&#8217;esperienza natalizia unica e indimenticabile nel cuore di questa iconica citt\u00e0 italiana.<\/p>\n\n\n\n<p><\/p>\n\n\n\n<p>Stai cercando il <strong>regalo di Natale perfetto da fare ai tuoi cari<\/strong>? Visita la nostra <a href=\"https:\/\/www.teritoria.com\/it\/boutique\/\">boutique online<\/a> e regala loro un&#8217;esperienza unica e significativa!<\/p>\n\n\n\n<p>Per ricevere i nostri suggerimenti e le nostre ispirazioni direttamente sulla tua mail, <a href=\"https:\/\/share-eu1.hsforms.com\/1Djr2uzE4Q8mjQLtOL5WiNgf7vkn\" rel=\"nofollow noopener\" target=\"_blank\">iscriviti alla nostra newsletter<\/a>.<\/p>\n\n\n\n<div style=\"height:30px\" aria-hidden=\"true\" class=\"wp-block-spacer\"><\/div>\n<\/div><\/div>\n<\/div><\/div>\n","protected":false},"excerpt":{"rendered":"<p>Scopri i mercatini di Natale da visitare durante il tuo soggiorno a Milano nel periodo natalizio<\/p>\n","protected":false},"author":16,"featured_media":49230,"comment_status":"closed","ping_status":"closed","sticky":false,"template":"","format":"standard","meta":{"_acf_changed":false,"footnotes":""},"categories":[707,703,23],"tags":[],"class_list":["post-80265","post","type-post","status-publish","format-standard","has-post-thumbnail","hentry","category-diari-di-viaggio","category-momenti-di-vita","category-tutti-i-nostri-articoli"],"acf":[],"_links":{"self":[{"href":"https:\/\/www.teritoria.com\/it\/wp-json\/wp\/v2\/posts\/80265","targetHints":{"allow":["GET"]}}],"collection":[{"href":"https:\/\/www.teritoria.com\/it\/wp-json\/wp\/v2\/posts"}],"about":[{"href":"https:\/\/www.teritoria.com\/it\/wp-json\/wp\/v2\/types\/post"}],"author":[{"embeddable":true,"href":"https:\/\/www.teritoria.com\/it\/wp-json\/wp\/v2\/users\/16"}],"replies":[{"embeddable":true,"href":"https:\/\/www.teritoria.com\/it\/wp-json\/wp\/v2\/comments?post=80265"}],"version-history":[{"count":5,"href":"https:\/\/www.teritoria.com\/it\/wp-json\/wp\/v2\/posts\/80265\/revisions"}],"predecessor-version":[{"id":109845,"href":"https:\/\/www.teritoria.com\/it\/wp-json\/wp\/v2\/posts\/80265\/revisions\/109845"}],"wp:featuredmedia":[{"embeddable":true,"href":"https:\/\/www.teritoria.com\/it\/wp-json\/wp\/v2\/media\/49230"}],"wp:attachment":[{"href":"https:\/\/www.teritoria.com\/it\/wp-json\/wp\/v2\/media?parent=80265"}],"wp:term":[{"taxonomy":"category","embeddable":true,"href":"https:\/\/www.teritoria.com\/it\/wp-json\/wp\/v2\/categories?post=80265"},{"taxonomy":"post_tag","embeddable":true,"href":"https:\/\/www.teritoria.com\/it\/wp-json\/wp\/v2\/tags?post=80265"}],"curies":[{"name":"wp","href":"https:\/\/api.w.org\/{rel}","templated":true}]}}