{"id":80115,"date":"2024-06-12T18:55:40","date_gmt":"2024-06-12T16:55:40","guid":{"rendered":"https:\/\/www.teritoria.com\/que-faire-en-septembre-2024\/"},"modified":"2025-02-13T10:29:56","modified_gmt":"2025-02-13T09:29:56","slug":"cosa-fare-a-settembre-2024","status":"publish","type":"post","link":"https:\/\/www.teritoria.com\/it\/cosa-fare-a-settembre-2024\/","title":{"rendered":"Cosa fare a settembre 2024: i migliori eventi da scoprire"},"content":{"rendered":"\n<p>Ti stai chiedendo cosa fare a settembre 2024? Teritoria ha raccolto una selezione di eventi unici da non perdere. Dai tour storici alle feste in giardino, scopri gli eventi pi\u00f9 importanti di settembre.<\/p>\n\n\n\n<h2 class=\"wp-block-heading\">Eventi in Francia<\/h2>\n\n\n\n<h2 class=\"wp-block-heading has-luminous-vivid-orange-color has-text-color has-link-color wp-elements-13d62a85244cbe118d6e4b1319e4f006\">Approfitta di un upgrade all&#8217;H\u00f4tel La Baronnie &amp; SPA, \u00cele de R\u00e9<\/h2>\n\n\n<div class=\"wp-block-image\">\n<figure class=\"aligncenter size-full is-resized\"><img loading=\"lazy\" decoding=\"async\" width=\"1917\" height=\"1280\" src=\"https:\/\/www.teritoria.com\/wp-content\/uploads\/2023\/11\/2915m.jpg\" alt=\"\" class=\"wp-image-13259\" style=\"aspect-ratio:16\/9;object-fit:cover;width:1026px\" title=\"\" srcset=\"https:\/\/www.teritoria.com\/wp-content\/uploads\/2023\/11\/2915m.jpg 1917w, https:\/\/www.teritoria.com\/wp-content\/uploads\/2023\/11\/2915m-300x200.jpg 300w, https:\/\/www.teritoria.com\/wp-content\/uploads\/2023\/11\/2915m-1024x684.jpg 1024w, https:\/\/www.teritoria.com\/wp-content\/uploads\/2023\/11\/2915m-768x513.jpg 768w, https:\/\/www.teritoria.com\/wp-content\/uploads\/2023\/11\/2915m-1536x1026.jpg 1536w\" sizes=\"auto, (max-width: 1917px) 100vw, 1917px\" \/><\/figure>\n<\/div>\n\n\n<p>A settembre vieni a scoprire l&#8217;<strong>\u00cele de R\u00e9<\/strong> in tutto il suo splendore autunnale soggiornando all&#8217;<a href=\"https:\/\/www.teritoria.com\/hotels\/la-baronnie-hotel-spa-la-villa-baronnie-2915-ho01\/\">H\u00f4tel La Baronnie &amp; Spa****.<\/a> Approfitta dell&#8217;offerta speciale di bassa stagione, valida <strong>dal 25 agosto al 7 novembre<\/strong>, per vivere al ritmo dell&#8217;estate indiana. Prenota ora per un soggiorno minimo di due notti, colazione inclusa, e ricevi un <strong>upgrade gratuito<\/strong>. Non perdere questa opportunit\u00e0 unica di <strong>rilassarti in un ambiente idilliaco ed elegante<\/strong> mentre esplori il fascino dell&#8217;\u00cele de R\u00e9.<\/p>\n\n\n\n<h3 class=\"wp-block-heading has-luminous-vivid-orange-color has-text-color has-link-color wp-elements-2a4dec2c94be259248df218d0749c128\">Giornate del Patrimonio Europeo ai Jardins de La Ballue<\/h3>\n\n\n<div class=\"wp-block-image\">\n<figure class=\"aligncenter size-large is-resized\"><img loading=\"lazy\" decoding=\"async\" width=\"1024\" height=\"628\" src=\"https:\/\/www.teritoria.com\/wp-content\/uploads\/2024\/05\/2377t-1024x628.webp\" alt=\"\" class=\"wp-image-69444\" style=\"aspect-ratio:16\/9;object-fit:cover;width:1026px\" title=\"\" srcset=\"https:\/\/www.teritoria.com\/wp-content\/uploads\/2024\/05\/2377t-1024x628.webp 1024w, https:\/\/www.teritoria.com\/wp-content\/uploads\/2024\/05\/2377t-300x184.webp 300w, https:\/\/www.teritoria.com\/wp-content\/uploads\/2024\/05\/2377t-768x471.webp 768w, https:\/\/www.teritoria.com\/wp-content\/uploads\/2024\/05\/2377t-1536x942.webp 1536w, https:\/\/www.teritoria.com\/wp-content\/uploads\/2024\/05\/2377t-309x190.webp 309w, https:\/\/www.teritoria.com\/wp-content\/uploads\/2024\/05\/2377t.webp 1885w\" sizes=\"auto, (max-width: 1024px) 100vw, 1024px\" \/><\/figure>\n<\/div>\n\n\n<p>Il <strong>21 e 22 settembre 2024<\/strong>, partecipa alle 41esima edizione della Giornata del Patrimonio Europeo presso i Giardini del <a href=\"https:\/\/www.teritoria.com\/hotels\/chateau-de-la-ballue-2377-ho01\/\">Castello di La Ballue<\/a>, tra Saint-Malo e Mont Saint-Michel. Goditi un tour autoguidato dei giardini, classificati come <strong>monumenti storici<\/strong> e insigniti del marchio \u201c<strong> giardino notevole\u201d<\/strong>. Le visite guidate agli interni del castello del XVII\u00b0 secolo sono disponibili alle ore 10.30, 14.00, 16.00 e 18.00.<\/p>\n\n\n\n<h3 class=\"wp-block-heading has-luminous-vivid-orange-color has-text-color has-link-color wp-elements-052b5bd722960441add1663af4863d9e\">Festival Internazionale dei Giardini di Chaumont-sur-Loire<\/h3>\n\n\n<div class=\"wp-block-image\">\n<figure class=\"aligncenter size-full is-resized\"><img loading=\"lazy\" decoding=\"async\" width=\"910\" height=\"780\" src=\"https:\/\/www.teritoria.com\/wp-content\/uploads\/2023\/12\/4134_Caillere_site_2-1.jpg\" alt=\"\" class=\"wp-image-60004\" style=\"aspect-ratio:16\/9;object-fit:cover;width:1026px\" title=\"\" srcset=\"https:\/\/www.teritoria.com\/wp-content\/uploads\/2023\/12\/4134_Caillere_site_2-1.jpg 910w, https:\/\/www.teritoria.com\/wp-content\/uploads\/2023\/12\/4134_Caillere_site_2-1-300x257.jpg 300w, https:\/\/www.teritoria.com\/wp-content\/uploads\/2023\/12\/4134_Caillere_site_2-1-768x658.jpg 768w\" sizes=\"auto, (max-width: 910px) 100vw, 910px\" \/><\/figure>\n<\/div>\n\n\n<p><strong>Fino al 3 novembre,<\/strong> il 33\u00b0 Festival International des Jardins de Chaumont-sur-Loire, a Loir-et-Cher, ti invita a scoprire le creazioni del tema \u201c<em><strong>Giardino fonte di vita<\/strong><\/em>\u201d. Pi\u00f9 di 300 team internazionali hanno progettato giardini spettacolari. Tra le opere di spicco, scopri \u201cSpiralis\u201d di Marie Delassus, \u201cG\u00e9n\u00e9rosit\u00e9 de la nature\u201d di un team di Singapore e \u201cLe Jardin des murmures\u201d.<\/p>\n\n\n\n<p>Una visita al festival \u00e8 l&#8217;occasione ideale per concedersi una pausa gastronomica all&#8217;<a href=\"\/?p=5905\">Auberge de la Caill\u00e8re<\/a>, a soli 6 km di distanza.<\/p>\n\n\n\n<h2 class=\"wp-block-heading has-luminous-vivid-orange-color has-text-color has-link-color wp-elements-b17e69abc9609f73f4051f27a45c6b17\">Mostra \u201cScavi archeologici nel Passage de l&#8217;Arsenal\u201d presso il Royal Hainaut Spa &amp; Resort Hotel<\/h2>\n\n\n<div class=\"wp-block-image\">\n<figure class=\"aligncenter size-large is-resized\"><img loading=\"lazy\" decoding=\"async\" width=\"1024\" height=\"683\" src=\"https:\/\/www.teritoria.com\/wp-content\/uploads\/2023\/11\/3908b-1024x683.jpg\" alt=\"\" class=\"wp-image-21797\" style=\"aspect-ratio:16\/9;object-fit:cover;width:1026px\" title=\"\" srcset=\"https:\/\/www.teritoria.com\/wp-content\/uploads\/2023\/11\/3908b-1024x683.jpg 1024w, https:\/\/www.teritoria.com\/wp-content\/uploads\/2023\/11\/3908b-300x200.jpg 300w, https:\/\/www.teritoria.com\/wp-content\/uploads\/2023\/11\/3908b-768x512.jpg 768w, https:\/\/www.teritoria.com\/wp-content\/uploads\/2023\/11\/3908b-1536x1024.jpg 1536w, https:\/\/www.teritoria.com\/wp-content\/uploads\/2023\/11\/3908b.jpg 1920w\" sizes=\"auto, (max-width: 1024px) 100vw, 1024px\" \/><\/figure>\n<\/div>\n\n\n<p>A settembre, non perdere la mostra \u201c<em><strong>Les fouilles arch\u00e9ologiques du Passage de l&#8217;Arsenal<\/strong><\/em>\u201d presso il <a href=\"\/?p=5239\">Royal Hainaut Spa &amp; Resort Hotel<\/a> di Valenciennes. Scopri i <strong>resti del Medioevo e del Rinascimento<\/strong>, rivelati da recenti scavi archeologici, attraverso una <strong>presentazione coinvolgente<\/strong> di foto, video e oggetti storici. Questo evento offre un&#8217;opportunit\u00e0 unica di <strong>immergersi nella storia godendo dei raffinati ambienti<\/strong> del Royal Hainaut. La mostra \u00e8 <strong>gratuita e aperta tutti i giorni<\/strong> <strong>fino al 23 settembre 2024<\/strong>, dalle 10:00 alle 24:00 (e fino all&#8217;1:00 il venerd\u00ec e il sabato).<\/p>\n\n\n\n<h3 class=\"wp-block-heading has-luminous-vivid-orange-color has-text-color has-link-color wp-elements-e495ee0f1f1b06c549a9e9a7e154b46d\">Giornate del Patrimonio con Teritoria<\/h3>\n\n\n<div class=\"wp-block-image\">\n<figure class=\"aligncenter size-full is-resized\"><img loading=\"lazy\" decoding=\"async\" width=\"1500\" height=\"1000\" src=\"https:\/\/www.teritoria.com\/wp-content\/uploads\/2024\/06\/Chateau-detoges.webp\" alt=\"\" class=\"wp-image-71825\" style=\"aspect-ratio:16\/9;object-fit:cover;width:1026px\" title=\"\" srcset=\"https:\/\/www.teritoria.com\/wp-content\/uploads\/2024\/06\/Chateau-detoges.webp 1500w, https:\/\/www.teritoria.com\/wp-content\/uploads\/2024\/06\/Chateau-detoges-300x200.webp 300w, https:\/\/www.teritoria.com\/wp-content\/uploads\/2024\/06\/Chateau-detoges-1024x683.webp 1024w, https:\/\/www.teritoria.com\/wp-content\/uploads\/2024\/06\/Chateau-detoges-768x512.webp 768w\" sizes=\"auto, (max-width: 1500px) 100vw, 1500px\" \/><figcaption class=\"wp-element-caption\">Le Ch\u00e2teau d&#8217;\u00c9toges<\/figcaption><\/figure>\n<\/div>\n\n\n<p>Il <strong>21 e 22 settembre<\/strong>, visita <strong>le maison storiche di Teritoria <\/strong>durante le <a href=\"https:\/\/www.teritoria.com\/journees-du-patrimoine\/\">Giornate del Patrimonio<\/a>. Si tratta di un&#8217;opportunit\u00e0 unica per scoprire luoghi ricchi di storia e fascino. Ognuna di queste maison offre un affascinante tuffo nel passato, con un&#8217;architettura notevole e aneddoti accattivanti sul loro patrimonio. Immergiti nella storia della Francia con tour stimolanti che sottolineano l&#8217;importanza di preservare <strong>il patrimonio culturale francese<\/strong>. Avrai la possibilit\u00e0 di esplorare interni splendidamente restaurati, giardini sontuosi e scoprire dettagli architettonici unici che testimoniano l&#8217;arte di vivere di un tempo. \u00c8 l&#8217;occasione perfetta per gli appassionati di storia e architettura di vivere un&#8217;esperienza coinvolgente ed educativa.<\/p>\n\n\n\n<p>Non perdere questi giorni per arricchire la tua conoscenza del patrimonio culturale francese e godere del fascino senza tempo delle nostre maison.<\/p>\n\n\n\n<p><\/p>\n\n\n\n<h2 class=\"wp-block-heading has-luminous-vivid-orange-color has-text-color has-link-color wp-elements-5a78a33e612f9035ce7efc8b164ba9e4\">La Terrasse By l&#8217;\u00c2tre all&#8217;ippodromo di Clairefontaine<\/h2>\n\n\n<div class=\"wp-block-image\">\n<figure class=\"aligncenter size-large is-resized\"><img loading=\"lazy\" decoding=\"async\" width=\"1024\" height=\"682\" src=\"https:\/\/www.teritoria.com\/wp-content\/uploads\/2024\/06\/4128-20230330-105733-0-2180-scaled-1-1024x682.webp\" alt=\"\" class=\"wp-image-71471\" style=\"aspect-ratio:16\/9;object-fit:cover;width:1026px\" title=\"\" srcset=\"https:\/\/www.teritoria.com\/wp-content\/uploads\/2024\/06\/4128-20230330-105733-0-2180-scaled-1-1024x682.webp 1024w, https:\/\/www.teritoria.com\/wp-content\/uploads\/2024\/06\/4128-20230330-105733-0-2180-scaled-1-300x200.webp 300w, https:\/\/www.teritoria.com\/wp-content\/uploads\/2024\/06\/4128-20230330-105733-0-2180-scaled-1-768x512.webp 768w, https:\/\/www.teritoria.com\/wp-content\/uploads\/2024\/06\/4128-20230330-105733-0-2180-scaled-1-1536x1024.webp 1536w, https:\/\/www.teritoria.com\/wp-content\/uploads\/2024\/06\/4128-20230330-105733-0-2180-scaled-1-2048x1365.webp 2048w\" sizes=\"auto, (max-width: 1024px) 100vw, 1024px\" \/><\/figure>\n<\/div>\n\n\n<p>Questo settembre non perdere l&#8217;esperienza unica offerta da La Terrasse By l&#8217;<a href=\"https:\/\/www.teritoria.com\/restaurants\/latre-4128-re01\/\">\u00c2tre<\/a> all&#8217;<strong>Ippodromo di Clairefontaine<\/strong>, nel Calvados <strong>, in Normandia<\/strong>. <strong>Venerd\u00ec 6 settembre<\/strong>, vieni a goderti un&#8217;<strong>atmosfera amichevole<\/strong> mentre assapori <strong>piatti raffinati<\/strong>, con una<strong> vista mozzafiato sull&#8217;arrivo delle corse<\/strong>. Situata in posizione ideale per offrire una prospettiva strategica, La Terrasse By l&#8217;\u00c2tre rappresenta il luogo ideale per gli appassionati di corse e per i buongustai. Questo <strong>ambiente elegante e accogliente<\/strong> promette una giornata memorabile, combinando la gastronomia locale con l&#8217;emozione delle corse dei cavalli. Scopri questa eccezionale opportunit\u00e0 di vivere momenti speciali in un ambiente eccezionale.<\/p>\n\n\n\n<p><\/p>\n\n\n\n<h2 class=\"wp-block-heading\">Eventi in Italia<\/h2>\n\n\n\n<h3 class=\"wp-block-heading has-luminous-vivid-orange-color has-text-color has-link-color wp-elements-d997b4192755f645df2403d9ab7bbaed\">Il &#8220;Borgo Selvaggio&#8221; in Umbria<\/h3>\n\n\n<div class=\"wp-block-image\">\n<figure class=\"aligncenter size-large is-resized\"><img loading=\"lazy\" decoding=\"async\" width=\"1024\" height=\"683\" src=\"https:\/\/www.teritoria.com\/wp-content\/uploads\/2024\/05\/4094-20220629-155834-0-5152-scaled-1-1024x683.webp\" alt=\"\" class=\"wp-image-69438\" style=\"aspect-ratio:16\/9;object-fit:cover;width:1026px\" title=\"\" srcset=\"https:\/\/www.teritoria.com\/wp-content\/uploads\/2024\/05\/4094-20220629-155834-0-5152-scaled-1-1024x683.webp 1024w, https:\/\/www.teritoria.com\/wp-content\/uploads\/2024\/05\/4094-20220629-155834-0-5152-scaled-1-300x200.webp 300w, https:\/\/www.teritoria.com\/wp-content\/uploads\/2024\/05\/4094-20220629-155834-0-5152-scaled-1-768x512.webp 768w, https:\/\/www.teritoria.com\/wp-content\/uploads\/2024\/05\/4094-20220629-155834-0-5152-scaled-1-1536x1024.webp 1536w, https:\/\/www.teritoria.com\/wp-content\/uploads\/2024\/05\/4094-20220629-155834-0-5152-scaled-1-2048x1366.webp 2048w\" sizes=\"auto, (max-width: 1024px) 100vw, 1024px\" \/><\/figure>\n<\/div>\n\n\n<p>Il <strong>17 e 18 settembre<\/strong>, la <a href=\"https:\/\/www.teritoria.com\/hotels\/tenuta-borgo-santa-cecilia-4094-ho01\/\">Tenuta Borgo Santa Cecilia<\/a>, immersa nel cuore dell&#8217;antico borgo medievale di Gubbio in <strong>Umbria<\/strong>, ospiter\u00e0 il secondo pranzo a quattro mani della serie \u201c<em>Il Borgo Selvaggio<\/em>\u201d. Lo chef Alessio Pierini avr\u00e0 l&#8217;onore di accogliere un altro chef della comunit\u00e0 di Teritoria: questi due talenti culinari uniranno le forze per offrirti un&#8217;esperienza indimenticabile e \u201cselvaggia\u201d, basata <strong>sulla valorizzazione della selvaggina e del bestiame<\/strong>, oltre che delle risorse locali.<\/p>\n\n\n\n<p><\/p>\n\n\n\n<p>\u201cIl Borgo Selvaggio\u201d \u00e8 un&#8217;immersione nella cultura gastronomica \u2018selvaggia\u2019 di questo angolo di Umbria e sar\u00e0 un <strong>viaggio \u2018a 5 sensi\u2019,<\/strong> grazie all&#8217;allestimento dei pranzi direttamente nei boschi che circondano la struttura. Sarai accolto attorno a un unico tavolo conviviale, dove potrai assaggiare i piatti selvatici creati dagli chef di Teritoria, cucinati direttamente in loco \u201csolo a fuoco vivo\u201d.<\/p>\n\n\n\n<p><\/p>\n\n\n\n<h3 class=\"wp-block-heading has-luminous-vivid-orange-color has-text-color has-link-color wp-elements-5f712de3d580defe2b17bfff094900fa\">Terza serata della serie \u201cIrpinia, Femminile Plurale\u201d al Ristorante Oasis Sapori Antichi<\/h3>\n\n\n\n<p>Il <strong>24 settembre 2024<\/strong>, il ristorante <a href=\"https:\/\/www.teritoria.com\/restaurants\/oasis-sapori-antichi-3950-re01\/\">OASIS SAPORI ANTICHI<\/a> di Vallesaccarda, in Campania, ospiter\u00e0 la terza serata della serie \u201c<em>Irpinia, Femminile Plurale<\/em>\u201d. Questa serie di eventi<strong> rende omaggio a sette donne chef della community di Teritoria<\/strong>, ognuna delle quali porter\u00e0 in tavola la propria storia e la propria creativit\u00e0 culinaria.<\/p>\n\n\n<div class=\"wp-block-image\">\n<figure class=\"aligncenter size-large is-resized\"><img loading=\"lazy\" decoding=\"async\" width=\"1024\" height=\"617\" src=\"https:\/\/www.teritoria.com\/wp-content\/uploads\/2024\/05\/3950o-1024x617.jpg\" alt=\"\" class=\"wp-image-70607\" style=\"aspect-ratio:16\/9;object-fit:cover;width:1026px\" title=\"\" srcset=\"https:\/\/www.teritoria.com\/wp-content\/uploads\/2024\/05\/3950o-1024x617.jpg 1024w, https:\/\/www.teritoria.com\/wp-content\/uploads\/2024\/05\/3950o-300x181.jpg 300w, https:\/\/www.teritoria.com\/wp-content\/uploads\/2024\/05\/3950o-768x462.jpg 768w, https:\/\/www.teritoria.com\/wp-content\/uploads\/2024\/05\/3950o-1536x925.jpg 1536w, https:\/\/www.teritoria.com\/wp-content\/uploads\/2024\/05\/3950o.jpg 1920w\" sizes=\"auto, (max-width: 1024px) 100vw, 1024px\" \/><\/figure>\n<\/div>\n\n\n<p>La serata inizier\u00e0 alle 20.30 e proporr\u00e0 un menu esclusivo in collaborazione con le chef residenti <strong>Michelina Fischetti <\/strong>e <strong>Serena Falco<\/strong>. Gli ospiti avranno l&#8217;opportunit\u00e0 di scoprire <strong>una cucina raffinata e innovativa<\/strong>, accompagnata da vini selezionati da <strong>produttrici locali<\/strong>, celebrando la ricchezza e la diversit\u00e0 della cultura gastronomica femminile.<\/p>\n\n\n\n<p><\/p>\n\n\n\n<p>Per maggiori informazioni e per prenotare il tuo posto, contatta direttamente il ristorante Oasis Sapori Antich.<\/p>\n\n\n\n<p><\/p>\n\n\n\n<h2 class=\"wp-block-heading has-luminous-vivid-orange-color has-text-color has-link-color wp-elements-b93e181440157b5b71068b610128bef7\">Conclusione<\/h2>\n\n\n\n<p>Il mese di settembre 2024 si preannuncia ricco di scoperte con Teritoria. Non perdere queste esperienze indimenticabili. Per essere sempre aggiornato sulle ultime novit\u00e0 e sui suggerimenti di viaggio, <a href=\"http:\/\/\u201chttps:\/\/share-eu1.hsforms.com\/1Djr2uzE4Q8mjQLtOL5WiNgf7vkn\u201d\" rel=\"nofollow\">iscriviti alla nostra newsletter<\/a>. Visita la nostra <a href=\"https:\/\/www.teritoria.com\/it\/boutique\/\">Boutique<\/a> per acquistare cofanetti regalo e carte regalo valide in tutti gli hotel e i ristoranti Teritoria.<\/p>\n","protected":false},"excerpt":{"rendered":"<p>Dove andare a settembre? Scopri gli eventi nelle nostre maison e scegli la fuga perfetta per te!<\/p>\n","protected":false},"author":16,"featured_media":69446,"comment_status":"closed","ping_status":"closed","sticky":false,"template":"","format":"standard","meta":{"_acf_changed":false,"footnotes":""},"categories":[703,23],"tags":[4017],"class_list":["post-80115","post","type-post","status-publish","format-standard","has-post-thumbnail","hentry","category-momenti-di-vita","category-tutti-i-nostri-articoli","tag-evenements-septembre-it"],"acf":[],"_links":{"self":[{"href":"https:\/\/www.teritoria.com\/it\/wp-json\/wp\/v2\/posts\/80115","targetHints":{"allow":["GET"]}}],"collection":[{"href":"https:\/\/www.teritoria.com\/it\/wp-json\/wp\/v2\/posts"}],"about":[{"href":"https:\/\/www.teritoria.com\/it\/wp-json\/wp\/v2\/types\/post"}],"author":[{"embeddable":true,"href":"https:\/\/www.teritoria.com\/it\/wp-json\/wp\/v2\/users\/16"}],"replies":[{"embeddable":true,"href":"https:\/\/www.teritoria.com\/it\/wp-json\/wp\/v2\/comments?post=80115"}],"version-history":[{"count":5,"href":"https:\/\/www.teritoria.com\/it\/wp-json\/wp\/v2\/posts\/80115\/revisions"}],"predecessor-version":[{"id":80123,"href":"https:\/\/www.teritoria.com\/it\/wp-json\/wp\/v2\/posts\/80115\/revisions\/80123"}],"wp:featuredmedia":[{"embeddable":true,"href":"https:\/\/www.teritoria.com\/it\/wp-json\/wp\/v2\/media\/69446"}],"wp:attachment":[{"href":"https:\/\/www.teritoria.com\/it\/wp-json\/wp\/v2\/media?parent=80115"}],"wp:term":[{"taxonomy":"category","embeddable":true,"href":"https:\/\/www.teritoria.com\/it\/wp-json\/wp\/v2\/categories?post=80115"},{"taxonomy":"post_tag","embeddable":true,"href":"https:\/\/www.teritoria.com\/it\/wp-json\/wp\/v2\/tags?post=80115"}],"curies":[{"name":"wp","href":"https:\/\/api.w.org\/{rel}","templated":true}]}}