{"id":71217,"date":"2024-06-13T14:44:04","date_gmt":"2024-06-13T12:44:04","guid":{"rendered":"https:\/\/www.teritoria.com\/valentina-vrenna-hoteliere-fiere-de-son-terroir\/"},"modified":"2025-06-23T08:59:03","modified_gmt":"2025-06-23T06:59:03","slug":"valentina-vrenna-albergatore-orgoglioso-del-proprio-territorio","status":"publish","type":"post","link":"https:\/\/www.teritoria.com\/it\/valentina-vrenna-albergatore-orgoglioso-del-proprio-territorio\/","title":{"rendered":"Valentina Vrenna, albergatore orgoglioso del proprio territorio"},"content":{"rendered":"\n<p class=\"has-text-align-center\">Autrice: Laurence Gounel<\/p>\n\n\n\n<figure class=\"wp-block-image size-large\"><img loading=\"lazy\" decoding=\"async\" width=\"1024\" height=\"767\" src=\"https:\/\/www.teritoria.com\/wp-content\/uploads\/2024\/06\/Praia-Art-Resort_Teritoria_6-1024x767.jpg\" alt=\"\" class=\"wp-image-71023\" title=\"\" srcset=\"https:\/\/www.teritoria.com\/wp-content\/uploads\/2024\/06\/Praia-Art-Resort_Teritoria_6-1024x767.jpg 1024w, https:\/\/www.teritoria.com\/wp-content\/uploads\/2024\/06\/Praia-Art-Resort_Teritoria_6-300x225.jpg 300w, https:\/\/www.teritoria.com\/wp-content\/uploads\/2024\/06\/Praia-Art-Resort_Teritoria_6-768x576.jpg 768w, https:\/\/www.teritoria.com\/wp-content\/uploads\/2024\/06\/Praia-Art-Resort_Teritoria_6-1536x1151.jpg 1536w, https:\/\/www.teritoria.com\/wp-content\/uploads\/2024\/06\/Praia-Art-Resort_Teritoria_6.jpg 1996w\" sizes=\"auto, (max-width: 1024px) 100vw, 1024px\" \/><\/figure>\n\n\n\n<p><\/p>\n\n\n\n<div class=\"wp-block-columns is-layout-flex wp-container-core-columns-is-layout-9d6595d7 wp-block-columns-is-layout-flex\">\n<div class=\"wp-block-column is-layout-flow wp-block-column-is-layout-flow\">\n<figure class=\"wp-block-image size-large\"><img loading=\"lazy\" decoding=\"async\" width=\"683\" height=\"1024\" src=\"https:\/\/www.teritoria.com\/wp-content\/uploads\/2024\/06\/Praia-Art-Resort_Teritoria-683x1024.jpg\" alt=\"\" class=\"wp-image-71020\" style=\"aspect-ratio:1;object-fit:cover\" title=\"\" srcset=\"https:\/\/www.teritoria.com\/wp-content\/uploads\/2024\/06\/Praia-Art-Resort_Teritoria-683x1024.jpg 683w, https:\/\/www.teritoria.com\/wp-content\/uploads\/2024\/06\/Praia-Art-Resort_Teritoria-200x300.jpg 200w, https:\/\/www.teritoria.com\/wp-content\/uploads\/2024\/06\/Praia-Art-Resort_Teritoria-768x1152.jpg 768w, https:\/\/www.teritoria.com\/wp-content\/uploads\/2024\/06\/Praia-Art-Resort_Teritoria-1024x1536.jpg 1024w, https:\/\/www.teritoria.com\/wp-content\/uploads\/2024\/06\/Praia-Art-Resort_Teritoria-1365x2048.jpg 1365w, https:\/\/www.teritoria.com\/wp-content\/uploads\/2024\/06\/Praia-Art-Resort_Teritoria-scaled.jpg 1707w\" sizes=\"auto, (max-width: 683px) 100vw, 683px\" \/><\/figure>\n\n\n\n<p><\/p>\n<\/div>\n\n\n\n<div class=\"wp-block-column is-layout-flow wp-block-column-is-layout-flow\">\n<h2 class=\"wp-block-heading has-text-color has-link-color wp-elements-9a62654160da6941aac0c151054cb57a\" style=\"color:#ff8500\">Come vede il suo lavoro di albergatore?<\/h2>\n\n\n\n<p><\/p>\n\n\n\n<p>A differenza di chi ogni giorno distrugge edifici e palazzi per ricostruire, senza alcun riguardo per l&#8217;ambiente. La bellezza nasce dall&#8217;autenticit\u00e0, dal considerare un quartiere nel suo insieme, dalla consapevolezza di un luogo, della sua anima e del patrimonio che merita di essere rispettato. Che sia in citt\u00e0 o in campagna, un indirizzo suscita emozioni perch\u00e9 l&#8217;essenza stessa del luogo \u00e8 palpabile, non solo perch\u00e9 l&#8217;arredamento e la decorazione sono all&#8217;altezza. Quando c&#8217;\u00e8 un&#8217;armonia generale, allora avviene la magia: tra le persone, nel profondo\u2026 La nostra priorit\u00e0? Offrire un&#8217;esperienza di turismo sostenibile creando un circolo virtuoso ad ogni livello, dall&#8217;arredamento al servizio, alla storia del luogo.<\/p>\n<\/div>\n<\/div>\n\n\n\n<div class=\"wp-block-columns is-layout-flex wp-container-core-columns-is-layout-9d6595d7 wp-block-columns-is-layout-flex\">\n<div class=\"wp-block-column is-layout-flow wp-block-column-is-layout-flow\">\n<h2 class=\"wp-block-heading has-text-color has-link-color wp-elements-9e161befbc2b023fe8e7fcb2c8b3d7c0\" style=\"color:#ff8500\">Quali legami avete con il vostro territorio?<\/h2>\n\n\n\n<p><\/p>\n\n\n\n<p>Abbiamo creato un forte legame con la Calabria, una regione ricca di cultura, paesaggi e storia, e con la sua onnipresente gastronomia. A cominciare dal privilegiare le risorse naturali locali, dalla costruzione (legno, metallo, argilla e ceramica) ai nostri menu, con verdure calabresi (soprattutto pomodori) e pesce del Mar Ionio\u2026 E moltiplicando le esperienze autentiche, come le visite a piccoli borghi e ambienti incontaminati. Ci prendiamo a cuore il nostro ruolo di ambasciatori del sapere locale, con una selezione 100% locale nel nostro negozio di alimentari.<\/p>\n<\/div>\n\n\n\n<div class=\"wp-block-column is-layout-flow wp-block-column-is-layout-flow\">\n<figure class=\"wp-block-image size-large\"><img loading=\"lazy\" decoding=\"async\" width=\"1024\" height=\"683\" src=\"https:\/\/www.teritoria.com\/wp-content\/uploads\/2024\/06\/Praia-Art-Resort_Teritoria_11-1024x683.jpg\" alt=\"\" class=\"wp-image-71017\" style=\"aspect-ratio:1;object-fit:cover\" title=\"\" srcset=\"https:\/\/www.teritoria.com\/wp-content\/uploads\/2024\/06\/Praia-Art-Resort_Teritoria_11-1024x683.jpg 1024w, https:\/\/www.teritoria.com\/wp-content\/uploads\/2024\/06\/Praia-Art-Resort_Teritoria_11-300x200.jpg 300w, https:\/\/www.teritoria.com\/wp-content\/uploads\/2024\/06\/Praia-Art-Resort_Teritoria_11-768x512.jpg 768w, https:\/\/www.teritoria.com\/wp-content\/uploads\/2024\/06\/Praia-Art-Resort_Teritoria_11-1536x1024.jpg 1536w, https:\/\/www.teritoria.com\/wp-content\/uploads\/2024\/06\/Praia-Art-Resort_Teritoria_11.jpg 1560w\" sizes=\"auto, (max-width: 1024px) 100vw, 1024px\" \/><\/figure>\n<\/div>\n<\/div>\n\n\n\n<figure class=\"wp-block-image size-large\"><img loading=\"lazy\" decoding=\"async\" width=\"1024\" height=\"683\" src=\"https:\/\/www.teritoria.com\/wp-content\/uploads\/2024\/06\/Praia-Art-Resort_Teritoria_-14-1024x683.jpg\" alt=\"\" class=\"wp-image-71030\" title=\"\" srcset=\"https:\/\/www.teritoria.com\/wp-content\/uploads\/2024\/06\/Praia-Art-Resort_Teritoria_-14-1024x683.jpg 1024w, https:\/\/www.teritoria.com\/wp-content\/uploads\/2024\/06\/Praia-Art-Resort_Teritoria_-14-300x200.jpg 300w, https:\/\/www.teritoria.com\/wp-content\/uploads\/2024\/06\/Praia-Art-Resort_Teritoria_-14-768x512.jpg 768w, https:\/\/www.teritoria.com\/wp-content\/uploads\/2024\/06\/Praia-Art-Resort_Teritoria_-14-1536x1024.jpg 1536w, https:\/\/www.teritoria.com\/wp-content\/uploads\/2024\/06\/Praia-Art-Resort_Teritoria_-14.jpg 1980w\" sizes=\"auto, (max-width: 1024px) 100vw, 1024px\" \/><\/figure>\n\n\n\n<h2 class=\"wp-block-heading has-text-color has-link-color wp-elements-1a1ca7778859bd358c5589d540168365\" style=\"color:#ff8500\">Qual \u00e8 la filosofia dello chef?<\/h2>\n\n\n\n<p><\/p>\n\n\n\n<p>&#8220;Una storia di due suoni: uno \u00e8 un dolce canto del mare, l&#8217;altro \u00e8 caldo e penetrante come il timbro delle voci che salgono dalle nostre terre&#8221;. La regione del grano duro antico del Senatore Cappelli, dei pastori, dei campi di ulivi a perdita d&#8217;occhio e dei limoni di ineguagliabile variet\u00e0. Una regione di tradizioni, bellezza e generosit\u00e0, su cui il tempo non ha alcun controllo.<\/p>\n\n\n\n<p><\/p>\n\n\n\n<p>Iscrivetevi alla nostra <a href=\"https:\/\/share-eu1.hsforms.com\/1Djr2uzE4Q8mjQLtOL5WiNgf7vkn\" target=\"_blank\" rel=\"noreferrer noopener nofollow\">NEWSLETTER<\/a> per essere sempre aggiornati sulle nostre novit\u00e0, oppure regalate un&#8217;esperienza gastronomica indimenticabile nelle nostre maison con i nostri <a href=\"https:\/\/www.teritoria.com\/it\/boutique\/\" target=\"_blank\" rel=\"noreferrer noopener\">regali.<\/a><\/p>\n","protected":false},"excerpt":{"rendered":"<p>Alla guida del Praia Art Resort, 5 stelle a conduzione familiare, Valentina e Raffaele coltivano non solo l&#8217;amore per la bellezza, ma anche la voglia di condividere l&#8217;autenticit\u00e0 di questo territorio, che confina con l&#8217;area marina protetta di Isola Capo Rizzuto.<\/p>\n","protected":false},"author":16,"featured_media":71021,"comment_status":"closed","ping_status":"closed","sticky":false,"template":"","format":"standard","meta":{"_acf_changed":false,"footnotes":""},"categories":[696,23],"tags":[],"class_list":["post-71217","post","type-post","status-publish","format-standard","has-post-thumbnail","hentry","category-dietro-le-quinte","category-tutti-i-nostri-articoli"],"acf":[],"_links":{"self":[{"href":"https:\/\/www.teritoria.com\/it\/wp-json\/wp\/v2\/posts\/71217","targetHints":{"allow":["GET"]}}],"collection":[{"href":"https:\/\/www.teritoria.com\/it\/wp-json\/wp\/v2\/posts"}],"about":[{"href":"https:\/\/www.teritoria.com\/it\/wp-json\/wp\/v2\/types\/post"}],"author":[{"embeddable":true,"href":"https:\/\/www.teritoria.com\/it\/wp-json\/wp\/v2\/users\/16"}],"replies":[{"embeddable":true,"href":"https:\/\/www.teritoria.com\/it\/wp-json\/wp\/v2\/comments?post=71217"}],"version-history":[{"count":5,"href":"https:\/\/www.teritoria.com\/it\/wp-json\/wp\/v2\/posts\/71217\/revisions"}],"predecessor-version":[{"id":140873,"href":"https:\/\/www.teritoria.com\/it\/wp-json\/wp\/v2\/posts\/71217\/revisions\/140873"}],"wp:featuredmedia":[{"embeddable":true,"href":"https:\/\/www.teritoria.com\/it\/wp-json\/wp\/v2\/media\/71021"}],"wp:attachment":[{"href":"https:\/\/www.teritoria.com\/it\/wp-json\/wp\/v2\/media?parent=71217"}],"wp:term":[{"taxonomy":"category","embeddable":true,"href":"https:\/\/www.teritoria.com\/it\/wp-json\/wp\/v2\/categories?post=71217"},{"taxonomy":"post_tag","embeddable":true,"href":"https:\/\/www.teritoria.com\/it\/wp-json\/wp\/v2\/tags?post=71217"}],"curies":[{"name":"wp","href":"https:\/\/api.w.org\/{rel}","templated":true}]}}