{"id":59453,"date":"2023-11-13T16:11:56","date_gmt":"2023-11-13T15:11:56","guid":{"rendered":"https:\/\/www.teritoria.com\/?p=59453"},"modified":"2025-02-13T10:36:49","modified_gmt":"2025-02-13T09:36:49","slug":"4-domande-a-alexandre-sempere","status":"publish","type":"post","link":"https:\/\/www.teritoria.com\/it\/4-domande-a-alexandre-sempere\/","title":{"rendered":"4 domande a Alexandre Semper\u00e9&#8230;"},"content":{"rendered":"\n<div class=\"wp-block-media-text is-stacked-on-mobile\"><figure class=\"wp-block-media-text__media\"><img loading=\"lazy\" decoding=\"async\" width=\"708\" height=\"417\" src=\"https:\/\/www.teritoria.com\/wp-content\/uploads\/2023\/11\/Alexandre-SEMPERE-2V0A9269-2c-Elements-Groupe-2-708x417-1.jpg\" alt=\"\" class=\"wp-image-35139 size-full\" title=\"\" srcset=\"https:\/\/www.teritoria.com\/wp-content\/uploads\/2023\/11\/Alexandre-SEMPERE-2V0A9269-2c-Elements-Groupe-2-708x417-1.jpg 708w, https:\/\/www.teritoria.com\/wp-content\/uploads\/2023\/11\/Alexandre-SEMPERE-2V0A9269-2c-Elements-Groupe-2-708x417-1-300x177.jpg 300w\" sizes=\"auto, (max-width: 708px) 100vw, 708px\" \/><\/figure><div class=\"wp-block-media-text__content\">\n<p><strong>Nome &amp; cognome<\/strong>: Semper\u00e9 Alexandre<\/p>\n\n\n\n<p><strong>Nome dell&#8217;istituzione<\/strong>: Les Ombres al museo del quai Branly \u2013 Jacques Chirac, a Parigi<\/p>\n<\/div><\/div>\n\n\n\n<div style=\"height:30px\" aria-hidden=\"true\" class=\"wp-block-spacer\"><\/div>\n\n\n\n<h2 class=\"wp-block-heading\">Cosa rende speciale il vostro ristorante?<\/h2>\n\n\n\n<p>\u00c8 questa identit\u00e0 unica che rende speciale il ristorante Les Ombres. Abbiamo raccolto l&#8217;ADN dello chef Alain Ducasse: la Naturalit\u00e0, la Mediterraneit\u00e0 e la Modernit\u00e0 in un unico luogo.<\/p>\n\n\n\n<p><\/p>\n\n\n\n<h2 class=\"wp-block-heading\">Come Teritoria, siete coinvolti nello sviluppo di una gastronomia pi\u00f9 responsabile. Come si manifesta questo impegno nel vostro caso?<\/h2>\n\n\n\n<p>Mettiamo al centro del nostro ristorante la stagionalit\u00e0 e la scelta dei nostri fornitori.<\/p>\n\n\n\n<div style=\"height:10px\" aria-hidden=\"true\" class=\"wp-block-spacer\"><\/div>\n\n\n\n<p>Ogni volta che lavoriamo su un piatto, selezioniamo il produttore e il suo prodotto. Lavoriamo principalmente con piccoli produttori e fornitori, sia per le verdure, le alghe, i fiori che per il pesce&#8230;<\/p>\n\n\n\n<div style=\"height:10px\" aria-hidden=\"true\" class=\"wp-block-spacer\"><\/div>\n\n\n\n<p>Ad esempio, ci adattiamo alle raccolte e adattiamo i nostri piatti in base a ci\u00f2 che il produttore ci invia. Per quanto riguarda i prodotti che riceviamo in piccole quantit\u00e0, li utilizziamo per gli stuzzichini che cambiamo regolarmente.<\/p>\n\n\n\n<div style=\"height:10px\" aria-hidden=\"true\" class=\"wp-block-spacer\"><\/div>\n\n\n\n<p>Infine, per ridurre gli sprechi e evitare il consumo eccessivo, siamo attenti alla corrispondenza tra il numero di coperti prenotati e la giusta quantit\u00e0 di materie prime, e viceversa.<\/p>\n\n\n\n<p><\/p>\n\n\n\n<h2 class=\"wp-block-heading\">Come chef, quale stagione ti ispira particolarmente? Quali sono i prodotti regionali che preferisci lavorare?<\/h2>\n\n\n\n<p>La primavera \u00e8 la stagione che preferisco e che mi rappresenta di pi\u00f9. \u00c8 una stagione rivolta verso il vegetale, con molte germogli marine, fiori&#8230; e questo corrisponde alla mia cucina.<\/p>\n\n\n\n<div style=\"height:10px\" aria-hidden=\"true\" class=\"wp-block-spacer\"><\/div>\n\n\n\n<p>Per quanto riguarda il vegetale, la primavera e l&#8217;estate sono le migliori stagioni, poich\u00e9 \u00e8 in quel momento che si trovano i prodotti come piselli, zucchine, fave, fagiolini, carciofi spinosi&#8230; che amo lavorare.<\/p>\n\n\n\n<div style=\"height:10px\" aria-hidden=\"true\" class=\"wp-block-spacer\"><\/div>\n\n\n\n<p>E per il mare, le migliori stagioni sono l&#8217;autunno e l&#8217;inverno, con cozze, ostriche&#8230;<\/p>\n\n\n\n<h2 class=\"wp-block-heading\">Qual \u00e8 il messaggio che vorreste trasmettere a Teritoria che verranno nel vostro ristorante?<\/h2>\n\n\n\n<p>Li invito a venire a scoprire il ristorante Les Ombres, per scoprire la nostra cucina che unisce gli universi vegetale e marino.<\/p>\n","protected":false},"excerpt":{"rendered":"<p>Nome &amp; cognome: Semper\u00e9 Alexandre Nome dell&#8217;istituzione: Les Ombres al museo del quai Branly \u2013 Jacques Chirac, a Parigi Cosa rende speciale il vostro ristorante? \u00c8 questa identit\u00e0 unica che rende speciale il ristorante Les Ombres. Abbiamo raccolto l&#8217;ADN dello chef Alain Ducasse: la Naturalit\u00e0, la Mediterraneit\u00e0 e la Modernit\u00e0 in un unico luogo. Come [&hellip;]<\/p>\n","protected":false},"author":16,"featured_media":49170,"comment_status":"closed","ping_status":"closed","sticky":false,"template":"","format":"standard","meta":{"_acf_changed":false,"footnotes":""},"categories":[696,23],"tags":[3047],"class_list":["post-59453","post","type-post","status-publish","format-standard","has-post-thumbnail","hentry","category-dietro-le-quinte","category-tutti-i-nostri-articoli","tag-alexandre-sempere-it"],"acf":[],"_links":{"self":[{"href":"https:\/\/www.teritoria.com\/it\/wp-json\/wp\/v2\/posts\/59453","targetHints":{"allow":["GET"]}}],"collection":[{"href":"https:\/\/www.teritoria.com\/it\/wp-json\/wp\/v2\/posts"}],"about":[{"href":"https:\/\/www.teritoria.com\/it\/wp-json\/wp\/v2\/types\/post"}],"author":[{"embeddable":true,"href":"https:\/\/www.teritoria.com\/it\/wp-json\/wp\/v2\/users\/16"}],"replies":[{"embeddable":true,"href":"https:\/\/www.teritoria.com\/it\/wp-json\/wp\/v2\/comments?post=59453"}],"version-history":[{"count":2,"href":"https:\/\/www.teritoria.com\/it\/wp-json\/wp\/v2\/posts\/59453\/revisions"}],"predecessor-version":[{"id":121479,"href":"https:\/\/www.teritoria.com\/it\/wp-json\/wp\/v2\/posts\/59453\/revisions\/121479"}],"wp:featuredmedia":[{"embeddable":true,"href":"https:\/\/www.teritoria.com\/it\/wp-json\/wp\/v2\/media\/49170"}],"wp:attachment":[{"href":"https:\/\/www.teritoria.com\/it\/wp-json\/wp\/v2\/media?parent=59453"}],"wp:term":[{"taxonomy":"category","embeddable":true,"href":"https:\/\/www.teritoria.com\/it\/wp-json\/wp\/v2\/categories?post=59453"},{"taxonomy":"post_tag","embeddable":true,"href":"https:\/\/www.teritoria.com\/it\/wp-json\/wp\/v2\/tags?post=59453"}],"curies":[{"name":"wp","href":"https:\/\/api.w.org\/{rel}","templated":true}]}}