{"id":149124,"date":"2025-06-26T10:59:21","date_gmt":"2025-06-26T08:59:21","guid":{"rendered":"https:\/\/www.teritoria.com\/partez-sur-la-route-des-beffrois-haut-de-france\/"},"modified":"2025-09-16T18:07:40","modified_gmt":"2025-09-16T16:07:40","slug":"partite-alla-scoperta-dei-beffroi-alta-francia","status":"publish","type":"post","link":"https:\/\/www.teritoria.com\/it\/partite-alla-scoperta-dei-beffroi-alta-francia\/","title":{"rendered":"La Strada dei Beffroi"},"content":{"rendered":"\n<p>Scoprite la Strada dei Beffroi dell&#8217;<strong>Alta Francia<\/strong>: Dunkerque, Lille, Douai, Cambrai, Arras, B\u00e9thune&#8230; Queste torri civiche, iscritte nel patrimonio dell&#8217;UNESCO, custodiscono l&#8217;identit\u00e0 delle citt\u00e0 del Nord e la storia di una libert\u00e0 comunale gelosamente protetta.<\/p>\n\n\n\n<p><\/p>\n\n\n\n<pre class=\"wp-block-verse\">Foto di copertina: Villaggio di Septmonts, Aisne, Alta Francia \u00a9 Shutterstock \/ Alexandra.ROSA<\/pre>\n\n\n\n<p><\/p>\n\n\n\n<p>La regione dell<a href=\"https:\/\/www.teritoria.com\/destination-france-hauts-de-france\/\">&#8216;Alta Francia<\/a> vanta una notevole collezione di beffroi, raggruppate sotto il nome di <strong>\u201cBeffroi del Belgio e della Francia\u201d<\/strong>. Nate dal potere comunale medievale, queste torri scandivano l\u2019ora, davano l\u2019allarme, custodivano le carte e vigilavano sulle piazze. Si riconoscono per le loro sagome slanciate, i carillon e gli orologi, le piattaforme di avvistamento, le guglie o le banderuole, spesso in mattoni e pietre chiare.<\/p>\n\n\n\n<p><\/p>\n\n\n\n<h2 class=\"wp-block-heading has-luminous-vivid-orange-color has-text-color has-link-color wp-elements-66ecc888788bf323938e0d4654dcf428\">Cos&#8217;\u00e8 un beffroi?<\/h2>\n\n\n\n<p>Il dizionario Larousse definisce il beffroi come una <em>&#8220;torre civica [\u2026] dove venivano poste delle guardie per sorvegliare la campagna, con una campana che serviva a dare l\u2019allarme&#8221;<\/em>. Oltre alla sua funzione pratica, il beffroi \u00e8 soprattutto un simbolo di <strong>libert\u00e0 civica<\/strong>: emblema dei diritti della citt\u00e0, sorge spesso accanto al <strong>municipio<\/strong>, cuore della vita pubblica.<\/p>\n\n\n\n<p>Nel Medioevo, la campana del beffroi regolava il tempo della comunit\u00e0, annunciava mercati e feste e spesso custodiva carte, sigilli e archivi in una stanza blindata. A differenza del campanile di una chiesa, il beffroi era soggetto al controllo comunale e rappresentava la capacit\u00e0 della citt\u00e0 di organizzarsi, riscuotere le tasse, proteggere i suoi abitanti e commerciare.<\/p>\n\n\n\n<h2 class=\"wp-block-heading has-luminous-vivid-orange-color has-text-color has-link-color wp-elements-7efa6ab8e8035825e30b604333238335\">Lungo la Strada dei Beffroi: le nostre tappe selezionate per ispirarvi<\/h2>\n\n\n\n<h3 class=\"wp-block-heading\">Dunkerque \u2014 due torri , un unico orgoglio<\/h3>\n\n\n<div class=\"wp-block-image\">\n<figure class=\"aligncenter size-full is-resized\"><img loading=\"lazy\" decoding=\"async\" width=\"1000\" height=\"667\" src=\"https:\/\/www.teritoria.com\/wp-content\/uploads\/2025\/06\/shutterstock_284098385_cElisa-Locci_Architecture-detail-of-church-of-Saint-Eloi-in-Dunkerque-France.jpg\" alt=\"Beffroi di Saint-\u00c9loi\" class=\"wp-image-159491\" style=\"aspect-ratio:1;object-fit:cover;width:1450px\" title=\"\" srcset=\"https:\/\/www.teritoria.com\/wp-content\/uploads\/2025\/06\/shutterstock_284098385_cElisa-Locci_Architecture-detail-of-church-of-Saint-Eloi-in-Dunkerque-France.jpg 1000w, https:\/\/www.teritoria.com\/wp-content\/uploads\/2025\/06\/shutterstock_284098385_cElisa-Locci_Architecture-detail-of-church-of-Saint-Eloi-in-Dunkerque-France-300x200.jpg 300w, https:\/\/www.teritoria.com\/wp-content\/uploads\/2025\/06\/shutterstock_284098385_cElisa-Locci_Architecture-detail-of-church-of-Saint-Eloi-in-Dunkerque-France-768x512.jpg 768w\" sizes=\"auto, (max-width: 1000px) 100vw, 1000px\" \/><figcaption class=\"wp-element-caption\">Beffroi di Saint-\u00c9loi, \u00a9 Shutterstock \/ Elisa Locci<\/figcaption><\/figure>\n<\/div>\n\n\n<p><strong>Scoprite il beffroi di Saint-\u00c9loi<\/strong>: una salita (ascensore e poi gradini) per una vista a 360\u00b0 sulla citt\u00e0, il porto e la spiaggia.<\/p>\n\n\n<div class=\"wp-block-image\">\n<figure class=\"aligncenter size-full is-resized\"><img loading=\"lazy\" decoding=\"async\" width=\"1000\" height=\"666\" src=\"https:\/\/www.teritoria.com\/wp-content\/uploads\/2025\/06\/Beffroi-de-lhotel-de-ville-Dunkerque_shutterstock_2161738913_Boerescu.jpg\" alt=\"Beffroi del Municipio di Dunkerque\" class=\"wp-image-147228\" style=\"aspect-ratio:1;object-fit:cover;width:1450px\" title=\"\" srcset=\"https:\/\/www.teritoria.com\/wp-content\/uploads\/2025\/06\/Beffroi-de-lhotel-de-ville-Dunkerque_shutterstock_2161738913_Boerescu.jpg 1000w, https:\/\/www.teritoria.com\/wp-content\/uploads\/2025\/06\/Beffroi-de-lhotel-de-ville-Dunkerque_shutterstock_2161738913_Boerescu-300x200.jpg 300w, https:\/\/www.teritoria.com\/wp-content\/uploads\/2025\/06\/Beffroi-de-lhotel-de-ville-Dunkerque_shutterstock_2161738913_Boerescu-768x511.jpg 768w\" sizes=\"auto, (max-width: 1000px) 100vw, 1000px\" \/><figcaption class=\"wp-element-caption\">Beffroi del Municipio di Dunkerque \u00a9 Shutterstock \/ Boerescu<\/figcaption><\/figure>\n<\/div>\n\n\n<p><strong>Scoprite il beffroi del Municipio<\/strong>: aperto in occasioni speciali (Giornate del Patrimonio, Giornate dell&#8217;Architettura), celebra l&#8217;epopea di <strong>Jean Bart<\/strong> con una vetrata monumentale.<\/p>\n\n\n\n<p>Proseguite la visita con una <strong>passeggiata tra il molo degli Olandesi e il molo Est<\/strong> per ascoltare i rintocchi delle campane che si mescolano ai rumori del porto. Nella citt\u00e0 vecchia, le taverne offrono una <strong>cucina genuina e confortante<\/strong> dopo la salita. Nelle giornate di bel tempo, si distingue la linea argentata dei banchi di sabbia che costeggiano Malo-les-Bains.<\/p>\n\n\n\n<h3 class=\"wp-block-heading has-black-color has-text-color has-link-color wp-elements-cecad2b0d4049664667f8a745422d64c\">Lille \u2014 il beffroi pi\u00f9 alto di Francia<\/h3>\n\n\n\n<p>Ai piedi del Municipio, il beffroi in stile <strong>Art D\u00e9co<\/strong> si erge a <strong>104 m<\/strong> (400 gradini). Da qui si gode uno dei panorami pi\u00f9 spettacolari della citt\u00e0. Prenotate una <strong>visita al beffroi di Lille<\/strong> per vivere la magia dei rintocchi delle campane e dei tetti fiamminghi.<\/p>\n\n\n<div class=\"wp-block-image\">\n<figure class=\"aligncenter size-full is-resized\"><img loading=\"lazy\" decoding=\"async\" width=\"1000\" height=\"662\" src=\"https:\/\/www.teritoria.com\/wp-content\/uploads\/2025\/06\/Beffroi-hotel-de-ville-Lille_shutterstock_2468986957_Aliaksandr-Antanovich.jpg\" alt=\"Beffroi del Municipio di Lille\" class=\"wp-image-147233\" style=\"aspect-ratio:1;object-fit:cover;width:1450px\" title=\"\" srcset=\"https:\/\/www.teritoria.com\/wp-content\/uploads\/2025\/06\/Beffroi-hotel-de-ville-Lille_shutterstock_2468986957_Aliaksandr-Antanovich.jpg 1000w, https:\/\/www.teritoria.com\/wp-content\/uploads\/2025\/06\/Beffroi-hotel-de-ville-Lille_shutterstock_2468986957_Aliaksandr-Antanovich-300x199.jpg 300w, https:\/\/www.teritoria.com\/wp-content\/uploads\/2025\/06\/Beffroi-hotel-de-ville-Lille_shutterstock_2468986957_Aliaksandr-Antanovich-768x508.jpg 768w\" sizes=\"auto, (max-width: 1000px) 100vw, 1000px\" \/><figcaption class=\"wp-element-caption\">Beffroi del Municipio di Lille \u00a9 Shutterstock \/ Aliaksandr Antanovich<\/figcaption><\/figure>\n<\/div>\n\n\n<p>Dalla piattaforma, l&#8217;asse delle piazze e il groviglio di tetti fiamminghi disegnano una sorta di mappa in rilievo della metropoli. L&#8217;interno del beffroi Art D\u00e9co svela mattoni smaltati, ferro battuto e caratteri tipografici degli anni &#8217;30. Pi\u00f9 in basso, il Municipio sfoggia la sua facciata ritmata come una scenografia teatrale, punto di partenza ideale per esplorare la Vecchia Borsa e le stradine dello shopping.<\/p>\n\n\n\n<h3 class=\"wp-block-heading has-black-color has-text-color has-link-color wp-elements-2d026b5132b5dcf0277dcad57ff946e0\">Armenti\u00e8res &amp; Bailleul \u2014 Rinascimento fiammingo<\/h3>\n\n\n\n<p>Ad <strong>Armenti\u00e8res<\/strong>, le beffroi (67 m) ha resistito alle guerre prima di essere ricostruito in stile neo-rinascimentale fiammingo.<\/p>\n\n\n<div class=\"wp-block-image\">\n<figure class=\"aligncenter size-full is-resized\"><img loading=\"lazy\" decoding=\"async\" width=\"667\" height=\"1000\" src=\"https:\/\/www.teritoria.com\/wp-content\/uploads\/2025\/06\/Beffroi-de-Bailleul_shutterstock_1782807347_Bart-Poelaert.jpg\" alt=\"Beffroi di Bailleul\" class=\"wp-image-147236\" style=\"aspect-ratio:1;object-fit:cover;width:1450px\" title=\"\" srcset=\"https:\/\/www.teritoria.com\/wp-content\/uploads\/2025\/06\/Beffroi-de-Bailleul_shutterstock_1782807347_Bart-Poelaert.jpg 667w, https:\/\/www.teritoria.com\/wp-content\/uploads\/2025\/06\/Beffroi-de-Bailleul_shutterstock_1782807347_Bart-Poelaert-200x300.jpg 200w\" sizes=\"auto, (max-width: 667px) 100vw, 667px\" \/><figcaption class=\"wp-element-caption\">Beffroi di Bailleul \u00a9 Shutterstock \/Bart Poelaert<\/figcaption><\/figure>\n<\/div>\n\n\n<p>A <strong>Bailleul<\/strong>, la torre di mattoni gialli (circa 200 gradini) sovrasta le colline delle Fiandre: nelle giornate limpide lo sguardo spazia fino alla <strong>valle della Lys<\/strong>.<\/p>\n\n\n\n<p>Tra Armenti\u00e8res e Bailleul, la<strong> valle della Lys<\/strong> offre sentieri tranquilli che collegano borghi, mulini e prati. Salite nel tardo pomeriggio: la luce obliqua illumina i mattoni e allunga le ombre sui monti delle Fiandre. A tavola, i birrifici artigianali e i caseifici raccontano un altro aspetto del patrimonio locale.<\/p>\n\n\n\n<h3 class=\"wp-block-heading has-black-color has-text-color has-link-color wp-elements-0013db6d418775201b6eb5d69c15118c\">Bergues \u2014 pietre chiare e cinema<\/h3>\n\n\n\n<p><strong>206 gradini<\/strong> pi\u00f9 in alto, la luce si riflette sulle mura e sulla campagna. Il beffroi <strong>di Bergues<\/strong>, patrimonio dell&#8217;UNESCO, prolunga l&#8217;atmosfera diventata celebre grazie al film <em>Gi\u00f9 al Nord<\/em>. Una <strong>visita al beffroi<\/strong> che ricompensa la salita.<\/p>\n\n\n<div class=\"wp-block-image\">\n<figure class=\"aligncenter size-full is-resized\"><img loading=\"lazy\" decoding=\"async\" width=\"1000\" height=\"665\" src=\"https:\/\/www.teritoria.com\/wp-content\/uploads\/2025\/06\/Beffroi-de-Bergue_shutterstock_2590152083_Harald-Keller.jpg\" alt=\"Beffroi di Bergues \" class=\"wp-image-147239\" style=\"aspect-ratio:1;object-fit:cover;width:1450px\" title=\"\" srcset=\"https:\/\/www.teritoria.com\/wp-content\/uploads\/2025\/06\/Beffroi-de-Bergue_shutterstock_2590152083_Harald-Keller.jpg 1000w, https:\/\/www.teritoria.com\/wp-content\/uploads\/2025\/06\/Beffroi-de-Bergue_shutterstock_2590152083_Harald-Keller-300x200.jpg 300w, https:\/\/www.teritoria.com\/wp-content\/uploads\/2025\/06\/Beffroi-de-Bergue_shutterstock_2590152083_Harald-Keller-768x511.jpg 768w\" sizes=\"auto, (max-width: 1000px) 100vw, 1000px\" \/><figcaption class=\"wp-element-caption\">Beffroi di Bergues \u00a9 Shutterstock \/Harald Keller<\/figcaption><\/figure>\n<\/div>\n\n\n<p>Passeggiare lungo le mura della citt\u00e0 \u00e8 un\u2019esperienza da vivere con calma, al ritmo dei canali e dei giardini pensili. I vicoli acciottolati, le maison a capanna e le facciate allineate offrono un&#8217; <strong>atmosfera intima<\/strong>. Dall&#8217;alto, si pu\u00f2 ammirare il tracciato geometrico delle fortificazioni e il mosaico di prati che si estende fino al Mare del Nord.<\/p>\n\n\n\n<h3 class=\"wp-block-heading has-black-color has-text-color has-link-color wp-elements-03acb2c3885509ded08e204838268e02\">Douai \u2014 la citt\u00e0 dei carillon<\/h3>\n\n\n\n<p>Gotico e imponente, il <strong>beffroi<\/strong> <strong>di Douai<\/strong> scandisce il ritmo della citt\u00e0 con il suono del suo celebre campanile. La <strong>visita<\/strong> rivela i merletti degli archi e, dalla cima, un panorama che si apre sul fiume Scarpe. Da non perdere se apprezzate il suono delle campane.<\/p>\n\n\n<div class=\"wp-block-image\">\n<figure class=\"aligncenter size-full is-resized\"><img loading=\"lazy\" decoding=\"async\" width=\"1000\" height=\"667\" src=\"https:\/\/www.teritoria.com\/wp-content\/uploads\/2025\/06\/Beffroi-de-Douai_shutterstock_2440518789_njaj.jpg\" alt=\"Beffroi di Douai\" class=\"wp-image-147244\" style=\"aspect-ratio:1;object-fit:cover;width:1450px\" title=\"\" srcset=\"https:\/\/www.teritoria.com\/wp-content\/uploads\/2025\/06\/Beffroi-de-Douai_shutterstock_2440518789_njaj.jpg 1000w, https:\/\/www.teritoria.com\/wp-content\/uploads\/2025\/06\/Beffroi-de-Douai_shutterstock_2440518789_njaj-300x200.jpg 300w, https:\/\/www.teritoria.com\/wp-content\/uploads\/2025\/06\/Beffroi-de-Douai_shutterstock_2440518789_njaj-768x512.jpg 768w\" sizes=\"auto, (max-width: 1000px) 100vw, 1000px\" \/><figcaption class=\"wp-element-caption\">Beffroi di Douai \u00a9 Shutterstock \/njaj<\/figcaption><\/figure>\n<\/div>\n\n\n<p>Spesso, i <strong>concerti di carillon<\/strong> avvolgono la citt\u00e0 di musica cristallina. Nella torre, meccanismi secolari fanno suonare campane e martelli, una tecnologia complicata che affascina grandi e piccini. Dopo essere scesi, costeggiate il fiume Scarpe e lasciatevi guidare dai dettagli gotici dei portali fino alle piazze ricche di vita.<\/p>\n\n\n\n<h3 class=\"wp-block-heading has-black-color has-text-color has-link-color wp-elements-5fade5a00c93e5385b1a59440df7466b\">Cambrai \u2013 un dialogo con Saint-Martin<\/h3>\n\n\n\n<p>Il <strong>beffroi di Cambrai<\/strong> perse la sua cuspide a spirale nel XVIII\u00b0 secolo, sostituita da una cupola con lanternino. Alla base, sculture raffigurano episodi della storia locale. Un tempo <strong>le sentinelle <\/strong>, dette <em>gallus<\/em>, vi suonavano il coprifuoco e davano l\u2019allarme.<\/p>\n\n\n<div class=\"wp-block-image\">\n<figure class=\"aligncenter size-full is-resized\"><img loading=\"lazy\" decoding=\"async\" width=\"604\" height=\"1000\" src=\"https:\/\/www.teritoria.com\/wp-content\/uploads\/2025\/06\/Beffroi-de-Cambrai_shutterstock_152314868_Pecold.jpg\" alt=\"Beffroi di Cambrai\" class=\"wp-image-147247\" style=\"aspect-ratio:1;object-fit:cover;width:1450px\" title=\"\" srcset=\"https:\/\/www.teritoria.com\/wp-content\/uploads\/2025\/06\/Beffroi-de-Cambrai_shutterstock_152314868_Pecold.jpg 604w, https:\/\/www.teritoria.com\/wp-content\/uploads\/2025\/06\/Beffroi-de-Cambrai_shutterstock_152314868_Pecold-181x300.jpg 181w\" sizes=\"auto, (max-width: 604px) 100vw, 604px\" \/><figcaption class=\"wp-element-caption\">Beffroi di Cambrai \u00a9 Shutterstock \/Pecold<\/figcaption><\/figure>\n<\/div>\n\n\n<p>Il percorso rivela un impercettibile gioco di contrasti tra pietra bianca e ardesia. Le facciate classiche dialogano con i <strong>ricordi medievali<\/strong>, raccontando la storia di una citt\u00e0 capace di rinascere pi\u00f9 volte. Durante le vostre passeggiate, fermatevi in una pasticceria per assaporare una \u201cb\u00eatise\u201d alla menta, un dolce tipico che prolungher\u00e0 la vostra visita.<\/p>\n\n\n\n<h3 class=\"wp-block-heading has-black-color has-text-color has-link-color wp-elements-70993d7f60b5e3df0735e5336f5851b3\">Comines \u2014 l&#8217;eleganza di Cordonnier<\/h3>\n\n\n\n<p>Ricostruito alla fine degli anni &#8217;20 da <strong>Louis-Marie Cordonnier<\/strong>, il <strong>beffroi<\/strong> <strong>di Comines<\/strong> unisce torre e municipio in un&#8217; architettura neorinascimentale fiamminga dal fascino armonioso. Un<strong>&#8216;esperienza da non perdere<\/strong> per gli amanti dell&#8217;architettura.<\/p>\n\n\n<div class=\"wp-block-image\">\n<figure class=\"aligncenter size-full is-resized\"><img loading=\"lazy\" decoding=\"async\" width=\"673\" height=\"1000\" src=\"https:\/\/www.teritoria.com\/wp-content\/uploads\/2025\/06\/Beffroi-de-Comines_shutterstock_2618261637_Werner-Lerooy.jpg\" alt=\"Beffroi di Comines\" class=\"wp-image-147251\" style=\"aspect-ratio:1;object-fit:cover;width:1450px\" title=\"\" srcset=\"https:\/\/www.teritoria.com\/wp-content\/uploads\/2025\/06\/Beffroi-de-Comines_shutterstock_2618261637_Werner-Lerooy.jpg 673w, https:\/\/www.teritoria.com\/wp-content\/uploads\/2025\/06\/Beffroi-de-Comines_shutterstock_2618261637_Werner-Lerooy-202x300.jpg 202w\" sizes=\"auto, (max-width: 673px) 100vw, 673px\" \/><figcaption class=\"wp-element-caption\">Beffroi di Comines \u00a9 Shutterstock \/Werner Lerooy<\/figcaption><\/figure>\n<\/div>\n\n\n<p>La composizione \u00e8 una combinazione di <strong>mattoni rossi<\/strong>, pietra scolpita e tetti affusolati. Dalla torre potete ammirare <strong>il corso del fiume Lys<\/strong> e si distinguono delle vie commerciali. La sera, le luci mettono in risalto le colonnine e i frontoni, dando al beffroi l&#8217;aspetto di un guardiano compassionevole.<\/p>\n\n\n\n<h3 class=\"wp-block-heading has-black-color has-text-color has-link-color wp-elements-e9d994589033e564e5dc47232fd269e8\">Gravelines \u2014 modesta nelle dimensioni, immensa nel panorama<\/h3>\n\n\n\n<p>Con i suoi <strong>27 metri<\/strong>, il <strong>beffroi<\/strong> <strong>di Gravelines<\/strong> offre una vista fantastica sulla citt\u00e0 fortificata, sui moli e sulle barche. Ideale in estate o durante le Giornate del Patrimonio.<\/p>\n\n\n<div class=\"wp-block-image\">\n<figure class=\"aligncenter size-full is-resized\"><img loading=\"lazy\" decoding=\"async\" width=\"1000\" height=\"667\" src=\"https:\/\/www.teritoria.com\/wp-content\/uploads\/2025\/06\/shutterstock_1279370566.jpg\" alt=\"Beffroi di Gravelines\" class=\"wp-image-159495\" style=\"aspect-ratio:1;object-fit:cover;width:1450px\" title=\"\" srcset=\"https:\/\/www.teritoria.com\/wp-content\/uploads\/2025\/06\/shutterstock_1279370566.jpg 1000w, https:\/\/www.teritoria.com\/wp-content\/uploads\/2025\/06\/shutterstock_1279370566-300x200.jpg 300w, https:\/\/www.teritoria.com\/wp-content\/uploads\/2025\/06\/shutterstock_1279370566-768x512.jpg 768w\" sizes=\"auto, (max-width: 1000px) 100vw, 1000px\" \/><figcaption class=\"wp-element-caption\">Beffroi di Gravelines \u00a9 Shutterstock \/mimpki<\/figcaption><\/figure>\n<\/div>\n\n\n<p>Dall\u2019alto della torre la cittadella a forma di stella, con i suoi bastioni e i canali che guidano lo sguardo fino all\u2019estuario. La citt\u00e0 rivela un <strong>carattere marittimo unico<\/strong>, tra vento salato, barche da pesca e alzaie.<\/p>\n\n\n\n<h3 class=\"wp-block-heading has-black-color has-text-color has-link-color wp-elements-402266cb3c8b71a99ff0730f7d2e74cb\">Loos \u2014 lessico neofiammingo<\/h3>\n\n\n\n<p>Costruito in mattoni rossi smaltati, con torrette e merli, il <strong>beffroi<\/strong> <strong>di Loos<\/strong> (38 m) rappresenta la fusione cos\u00ec particolare tra le Fiandre francesi e quelle olandesi. Un&#8217;<strong>esperienza da vivere<\/strong> per gli amanti dei dettagli.<\/p>\n\n\n\n<p>Il paesaggio caratterizzato da torrette, merli e caditoie \u00e8 un gioiello di architettura neofiamminga. Salendo, potrete ammirare i laboratori, i birrifici e le antiche filature che hanno plasmato il paesaggio urbano. Dall&#8217;alto, l&#8217;orizzonte si apre sui campanili vicini e sui parchi alberati.<\/p>\n\n\n\n<h3 class=\"wp-block-heading\">Arras \u2014 Place des H\u00e9ros e decori magnifici<\/h3>\n\n\n\n<p>Il <strong>beffroi di Arras<\/strong> si affaccia sulla Place des H\u00e9ros e sulla Grand-Place, due scenari barocchi unici in Europa. Salite per ammirare un tessuto urbano e, una volta scesi, passeggiate sotto i portici per un caff\u00e8 o per assaporare la cucina del territorio.<\/p>\n\n\n<div class=\"wp-block-image\">\n<figure class=\"aligncenter size-full is-resized\"><img loading=\"lazy\" decoding=\"async\" width=\"1000\" height=\"663\" src=\"https:\/\/www.teritoria.com\/wp-content\/uploads\/2025\/06\/shutterstock_2442068805_cAliaksandr-Antanovich_ArrasBatiment-de-la-mairie-de-lHotel-de-Ville-avec-clocher-de-beffroi.jpg\" alt=\"\" class=\"wp-image-166321\" style=\"aspect-ratio:1;object-fit:cover;width:1450px\" title=\"\" srcset=\"https:\/\/www.teritoria.com\/wp-content\/uploads\/2025\/06\/shutterstock_2442068805_cAliaksandr-Antanovich_ArrasBatiment-de-la-mairie-de-lHotel-de-Ville-avec-clocher-de-beffroi.jpg 1000w, https:\/\/www.teritoria.com\/wp-content\/uploads\/2025\/06\/shutterstock_2442068805_cAliaksandr-Antanovich_ArrasBatiment-de-la-mairie-de-lHotel-de-Ville-avec-clocher-de-beffroi-300x199.jpg 300w, https:\/\/www.teritoria.com\/wp-content\/uploads\/2025\/06\/shutterstock_2442068805_cAliaksandr-Antanovich_ArrasBatiment-de-la-mairie-de-lHotel-de-Ville-avec-clocher-de-beffroi-768x509.jpg 768w\" sizes=\"auto, (max-width: 1000px) 100vw, 1000px\" \/><figcaption class=\"wp-element-caption\">Arras, Place des H\u00e9ros, \u00a9 Shutterstock \/ Aliaksandr Antanovich<\/figcaption><\/figure>\n<\/div>\n\n\n<p>Prima di salire sulla torre, esplorate le boves, il sistema di gallerie che svela il sottosuolo calcareo della citt\u00e0. Dall\u2019alto, la geometria perfetta di Place des H\u00e9ros e della Grand-Place si disegna come una scacchiera dorata. All\u2019ora blu, l\u2019illuminazione accende frontoni e arcate: il momento ideale per una foto indimenticabile.<\/p>\n\n\n\n<h3 class=\"wp-block-heading\">B\u00e9thune \u2014 un&#8217;icona sulla Grand-Place<\/h3>\n\n\n\n<p>Il <strong>beffroi di B\u00e9thune<\/strong> si erge al centro della Grand-Place, come un faro di pietra. Qui l&#8217;architettura diventa scenario di vita: mercati, terrazze, concerti estivi. La <strong>visita <\/strong>del <strong>beffroi di B\u00e9thune<\/strong> regala una bella vista panoramica sulla citt\u00e0.<\/p>\n\n\n<div class=\"wp-block-image\">\n<figure class=\"aligncenter size-full is-resized\"><img loading=\"lazy\" decoding=\"async\" width=\"1000\" height=\"667\" src=\"https:\/\/www.teritoria.com\/wp-content\/uploads\/2025\/06\/shutterstock_685340530_cHidalgo-Gael_The-Belfry-of-Bethune-its-Place-its-Houses-and-its-Architecture-Bethune-Pas-de-Calais-Hauts-de-France-France.jpg\" alt=\"\" class=\"wp-image-166326\" style=\"aspect-ratio:1;object-fit:cover;width:1450px\" title=\"\" srcset=\"https:\/\/www.teritoria.com\/wp-content\/uploads\/2025\/06\/shutterstock_685340530_cHidalgo-Gael_The-Belfry-of-Bethune-its-Place-its-Houses-and-its-Architecture-Bethune-Pas-de-Calais-Hauts-de-France-France.jpg 1000w, https:\/\/www.teritoria.com\/wp-content\/uploads\/2025\/06\/shutterstock_685340530_cHidalgo-Gael_The-Belfry-of-Bethune-its-Place-its-Houses-and-its-Architecture-Bethune-Pas-de-Calais-Hauts-de-France-France-300x200.jpg 300w, https:\/\/www.teritoria.com\/wp-content\/uploads\/2025\/06\/shutterstock_685340530_cHidalgo-Gael_The-Belfry-of-Bethune-its-Place-its-Houses-and-its-Architecture-Bethune-Pas-de-Calais-Hauts-de-France-France-768x512.jpg 768w\" sizes=\"auto, (max-width: 1000px) 100vw, 1000px\" \/><figcaption class=\"wp-element-caption\">Beffroi di B\u00e9thune, \u00a9 Shuttestock \/ Hidalgo Gael<\/figcaption><\/figure>\n<\/div>\n\n\n<p>Il beffroi funge da faro urbano. La sua sagoma guida i passi verso la Grand-Place e le sue terrazze. Al mercato, prodotti agricoli, burro e birre locali compongono un cestino semplice e genuino, ideale per un picnic dopo la visita.<\/p>\n\n\n\n<h3 class=\"wp-block-heading\">Aire-sur-la-Lys \u2014 sulle tracce della Lys<\/h3>\n\n\n\n<p>Ad <strong>Aire-sur-la-Lys<\/strong>, il beffroi fa parte di una citt\u00e0 ricca di acqua e ponti. Proseguite la <strong>visita<\/strong> fino alle rive del <strong>Lys<\/strong>; il percorso combina patrimonio culturale e dolcezza fluviale.<\/p>\n\n\n\n<p>Il percorso costeggia il fiume e raggiunge i centri storici. Ponti, lavatoi e maison a graticcio contribuiscono a creare un quadro tranquillo. La salita vi regala una vista panoramica sui tetti scuri, i giardini e il nastro del Lys che brilla al sole.<\/p>\n\n\n\n<h3 class=\"wp-block-heading\">Boulogne-sur-Mer \u2014 tra le mura della citt\u00e0 e il vento del mare<\/h3>\n\n\n\n<p>Citt\u00e0 marittima per eccellenza, <strong>Boulogne-sur-Mer<\/strong> ha una combinazione di vicoli in alto, mura e atmosfera portuale. La <strong>visita al beffroi<\/strong> aggiunge un tocco di altezza a questo scenario marino.<\/p>\n\n\n<div class=\"wp-block-image\">\n<figure class=\"aligncenter size-full is-resized\"><img loading=\"lazy\" decoding=\"async\" width=\"1000\" height=\"667\" src=\"https:\/\/www.teritoria.com\/wp-content\/uploads\/2025\/06\/shutterstock_2656724767_cC.-Nass_Boulogne-sur-Mer-Hauts-de-France-mairie-de-Boulogne-sur-Mer-dans-la-region-du-Pas-de-Calais-en-France.jpg\" alt=\"\" class=\"wp-image-166351\" style=\"aspect-ratio:1;object-fit:cover;width:1450px\" title=\"\" srcset=\"https:\/\/www.teritoria.com\/wp-content\/uploads\/2025\/06\/shutterstock_2656724767_cC.-Nass_Boulogne-sur-Mer-Hauts-de-France-mairie-de-Boulogne-sur-Mer-dans-la-region-du-Pas-de-Calais-en-France.jpg 1000w, https:\/\/www.teritoria.com\/wp-content\/uploads\/2025\/06\/shutterstock_2656724767_cC.-Nass_Boulogne-sur-Mer-Hauts-de-France-mairie-de-Boulogne-sur-Mer-dans-la-region-du-Pas-de-Calais-en-France-300x200.jpg 300w, https:\/\/www.teritoria.com\/wp-content\/uploads\/2025\/06\/shutterstock_2656724767_cC.-Nass_Boulogne-sur-Mer-Hauts-de-France-mairie-de-Boulogne-sur-Mer-dans-la-region-du-Pas-de-Calais-en-France-768x512.jpg 768w\" sizes=\"auto, (max-width: 1000px) 100vw, 1000px\" \/><figcaption class=\"wp-element-caption\">Beffroi di Boulogne-sur-Mer, \u00a9 Shutterstock \/ C. Nass<\/figcaption><\/figure>\n<\/div>\n\n\n<p>Qui il mare \u00e8 ovunque. Dalla torre si vede chiaramente la citt\u00e0 alta fortificata, poi lo sguardo si posa sui moli, sulle mura e sull&#8217;orizzonte. Scendete lungo i vicoli che costeggiano la collina fino al porto, tra barche a vela, venditori di pesce e profumi di mare.<\/p>\n\n\n\n<h2 class=\"wp-block-heading has-luminous-vivid-orange-color has-text-color has-link-color wp-elements-728e1370252e5001d88b4c7bf3e5d2d7\">Quale beffroi visitare per primo?<\/h2>\n\n\n\n<p>Per una prima <strong>scoperta <\/strong>dei beffroi, partite da <strong>Lille<\/strong> (panorama e Art D\u00e9co), <strong>Douai<\/strong> (carillon), <strong>Arras<\/strong> (complesso urbano unico), <strong>B\u00e9thune<\/strong> (atmosfera da Grand-Place) e <strong>Bergues<\/strong> (bastioni e campagna). Se apprezzate le citt\u00e0 termali, fate rotta su <strong>Aire-sur-la-Lys<\/strong>; per il mare, <strong>Boulogne-sur-Mer<\/strong>.<\/p>\n\n\n<div class=\"wp-block-image\">\n<figure class=\"aligncenter size-full is-resized\"><img loading=\"lazy\" decoding=\"async\" width=\"1000\" height=\"662\" src=\"https:\/\/www.teritoria.com\/wp-content\/uploads\/2025\/06\/shutterstock_2375218267_cAliaksandr-Antanovich_Lille-Chambre-de-Commerce-et-dIndustrie-Nouvelle-Bourse-clocher-de-beffroi-sur-la-place-du-Theatre.jpg\" alt=\"Strada dei beffroi, Lille\" class=\"wp-image-166380\" style=\"aspect-ratio:1;object-fit:cover;width:1450px\" title=\"\" srcset=\"https:\/\/www.teritoria.com\/wp-content\/uploads\/2025\/06\/shutterstock_2375218267_cAliaksandr-Antanovich_Lille-Chambre-de-Commerce-et-dIndustrie-Nouvelle-Bourse-clocher-de-beffroi-sur-la-place-du-Theatre.jpg 1000w, https:\/\/www.teritoria.com\/wp-content\/uploads\/2025\/06\/shutterstock_2375218267_cAliaksandr-Antanovich_Lille-Chambre-de-Commerce-et-dIndustrie-Nouvelle-Bourse-clocher-de-beffroi-sur-la-place-du-Theatre-300x199.jpg 300w, https:\/\/www.teritoria.com\/wp-content\/uploads\/2025\/06\/shutterstock_2375218267_cAliaksandr-Antanovich_Lille-Chambre-de-Commerce-et-dIndustrie-Nouvelle-Bourse-clocher-de-beffroi-sur-la-place-du-Theatre-768x508.jpg 768w\" sizes=\"auto, (max-width: 1000px) 100vw, 1000px\" \/><figcaption class=\"wp-element-caption\">Camera di Commercio e Industria Nuova Borsa Borsa con il beffroi sulla piazza del Teatro, \u00a9 Shutterstock \/ Aliaksandr Antanovich<\/figcaption><\/figure>\n<\/div>\n\n\n<p>Per una escursione in giornata, partite da <strong>Lill<\/strong>e  proseguite verso <strong>Armenti\u00e8res<\/strong> e <strong>Bailleul<\/strong> per ammirare i panorami, poi finite a <strong>B\u00e9thune<\/strong> al tramonto. Se siete alla ricerca d&#8217;aria di mare, optate per <strong>Bergues<\/strong>, <strong>Dunkerque<\/strong> e <strong>Gravelines<\/strong>. Gli amanti degli eleganti complessi urbani apprezzeranno <strong>Douai<\/strong>, <strong>Arras<\/strong> e <strong>Cambrai<\/strong>.<\/p>\n\n\n\n<h2 class=\"wp-block-heading has-luminous-vivid-orange-color has-text-color has-link-color wp-elements-739ab0cc5fd0da767314a4ff04f21e9a\">FAQ \u2014 Le vostre domande pi\u00f9 frequenti<\/h2>\n\n\n\n<h3 class=\"wp-block-heading\">Qual \u00e8 il beffroi pi\u00f9 bello?<\/h3>\n\n\n\n<p>Questione di gusti! <strong>Arras <\/strong>affascina con il suo paesaggio urbano, Douai seduce con la sua musicalit\u00e0, <strong>B\u00e9thune <\/strong>sorprende con la sua posizione centrale e <strong>Lille <\/strong>stupisce con la sua vertigine. La pi\u00f9 &#8220;cinematografica?&#8221; <strong>Bergues<\/strong>.<\/p>\n\n\n<div class=\"wp-block-image\">\n<figure class=\"aligncenter size-full is-resized\"><img loading=\"lazy\" decoding=\"async\" width=\"1000\" height=\"667\" src=\"https:\/\/www.teritoria.com\/wp-content\/uploads\/2025\/06\/shutterstock_223695790_cSergey-Dzyuba_Vue-de-la-place-dArmes-sur-le-beffroi-de-Douai-France.jpg\" alt=\"\" class=\"wp-image-166368\" style=\"aspect-ratio:1;object-fit:cover;width:1450px\" title=\"\" srcset=\"https:\/\/www.teritoria.com\/wp-content\/uploads\/2025\/06\/shutterstock_223695790_cSergey-Dzyuba_Vue-de-la-place-dArmes-sur-le-beffroi-de-Douai-France.jpg 1000w, https:\/\/www.teritoria.com\/wp-content\/uploads\/2025\/06\/shutterstock_223695790_cSergey-Dzyuba_Vue-de-la-place-dArmes-sur-le-beffroi-de-Douai-France-300x200.jpg 300w, https:\/\/www.teritoria.com\/wp-content\/uploads\/2025\/06\/shutterstock_223695790_cSergey-Dzyuba_Vue-de-la-place-dArmes-sur-le-beffroi-de-Douai-France-768x512.jpg 768w\" sizes=\"auto, (max-width: 1000px) 100vw, 1000px\" \/><figcaption class=\"wp-element-caption\">Vista della Place d&#8217;Armes sul beffroi di Douai, Francia. \u00a9 Shutterstock \/ Sergey Dzyuba<\/figcaption><\/figure>\n<\/div>\n\n\n<h3 class=\"wp-block-heading\">Qual \u00e8 il beffroi pi\u00f9 alto di Francia?<\/h3>\n\n\n\n<p>Il <strong>beffroi di Lille<\/strong> \u00e8 alto <strong>104 metri<\/strong> (400 gradini).<\/p>\n\n\n<div class=\"wp-block-image\">\n<figure class=\"aligncenter size-full is-resized\"><img loading=\"lazy\" decoding=\"async\" width=\"1000\" height=\"668\" src=\"https:\/\/www.teritoria.com\/wp-content\/uploads\/2025\/06\/shutterstock_2373845287_cPascale-Gueret_-Lille-anciennes-maisons-du-centre-et-le-beffroi-de-la-Chambre-de-Commerce.jpg\" alt=\"\" class=\"wp-image-166371\" style=\"aspect-ratio:1;object-fit:cover;width:1450px\" title=\"\" srcset=\"https:\/\/www.teritoria.com\/wp-content\/uploads\/2025\/06\/shutterstock_2373845287_cPascale-Gueret_-Lille-anciennes-maisons-du-centre-et-le-beffroi-de-la-Chambre-de-Commerce.jpg 1000w, https:\/\/www.teritoria.com\/wp-content\/uploads\/2025\/06\/shutterstock_2373845287_cPascale-Gueret_-Lille-anciennes-maisons-du-centre-et-le-beffroi-de-la-Chambre-de-Commerce-300x200.jpg 300w, https:\/\/www.teritoria.com\/wp-content\/uploads\/2025\/06\/shutterstock_2373845287_cPascale-Gueret_-Lille-anciennes-maisons-du-centre-et-le-beffroi-de-la-Chambre-de-Commerce-768x513.jpg 768w\" sizes=\"auto, (max-width: 1000px) 100vw, 1000px\" \/><figcaption class=\"wp-element-caption\">Lille, le antiche maison del centro e il beffroi della Camera di Commercio. \u00a9 Pascale Gueret<\/figcaption><\/figure>\n<\/div>\n\n\n<h3 class=\"wp-block-heading\">Qual \u00e8 il ruolo di un beffroi?<\/h3>\n\n\n\n<p>Storicamente: scandire il tempo, dare l&#8217;allarme, fare da vedetta, conservare carte e archivi. Simbolicamente: l&#8217;<strong>autonomia della citt\u00e0<\/strong> e l&#8217;organizzazione della vita comunale, spesso accanto al <strong>municipio<\/strong>.<\/p>\n\n\n\n<h3 class=\"wp-block-heading\">Qual \u00e8 la differenza tra un beffroi e una chiesa?<\/h3>\n\n\n\n<p>Un <strong>beffroi<\/strong> \u00e8 una <strong>torre civica<\/strong>: appartiene alla citt\u00e0. Una <strong>chiesa<\/strong> \u00e8 un edificio <strong>religioso<\/strong>. A volte campanili e beffroi possono confondere, soprattutto quando si trovano nella stessa piazza, ma le loro funzioni restano diverse.<\/p>\n\n\n<div class=\"wp-block-image\">\n<figure class=\"aligncenter size-full is-resized\"><img loading=\"lazy\" decoding=\"async\" width=\"1000\" height=\"667\" src=\"https:\/\/www.teritoria.com\/wp-content\/uploads\/2025\/06\/shutterstock_2528523551_cOliver-Hoffmann_A-linterieur-de-la-ville-fortifiee-de-Boulogne-sur-Mer-chateau-au-premier-plan-basilique-Notre-Dame-de-lImmaculee-Conception-en-arriere-plan.jpg\" alt=\"\" class=\"wp-image-166383\" style=\"aspect-ratio:1;object-fit:cover;width:1450px\" title=\"\" srcset=\"https:\/\/www.teritoria.com\/wp-content\/uploads\/2025\/06\/shutterstock_2528523551_cOliver-Hoffmann_A-linterieur-de-la-ville-fortifiee-de-Boulogne-sur-Mer-chateau-au-premier-plan-basilique-Notre-Dame-de-lImmaculee-Conception-en-arriere-plan.jpg 1000w, https:\/\/www.teritoria.com\/wp-content\/uploads\/2025\/06\/shutterstock_2528523551_cOliver-Hoffmann_A-linterieur-de-la-ville-fortifiee-de-Boulogne-sur-Mer-chateau-au-premier-plan-basilique-Notre-Dame-de-lImmaculee-Conception-en-arriere-plan-300x200.jpg 300w, https:\/\/www.teritoria.com\/wp-content\/uploads\/2025\/06\/shutterstock_2528523551_cOliver-Hoffmann_A-linterieur-de-la-ville-fortifiee-de-Boulogne-sur-Mer-chateau-au-premier-plan-basilique-Notre-Dame-de-lImmaculee-Conception-en-arriere-plan-768x512.jpg 768w\" sizes=\"auto, (max-width: 1000px) 100vw, 1000px\" \/><figcaption class=\"wp-element-caption\">Boulogne-sur-Mer, con la basilica di Notre-Dame de l&#8217;Immacul\u00e9e Conception sullo sfondo. \u00a9 Shutterstock \/ Oliver Hoffmann<\/figcaption><\/figure>\n<\/div>\n\n\n<h3 class=\"wp-block-heading\">Perch\u00e9 costruire i beffroi? E perch\u00e9 proprio nel Nord?<\/h3>\n\n\n\n<p>Perch\u00e9 i comuni delle Fiandre e dell&#8217;Artois hanno affermato molto presto i loro diritti di fronte al potere feudale: il beffroi \u00e8 il simbolo di queste <strong>libert\u00e0 comunali<\/strong>. Lo stesso fenomeno si ritrova nel <strong>nord della Francia<\/strong> e in <strong>Belgio<\/strong>, da cui l&#8217;iscrizione comune all&#8217;UNESCO.<\/p>\n\n\n\n<h3 class=\"wp-block-heading\">Quale beffroi visitare a Lille?<\/h3>\n\n\n\n<p>Quello del <strong>Municipio<\/strong>: potete <strong>visitarlo<\/strong>, ha una vista straordinaria, una vera e propria immersione nell&#8217;Art D\u00e9co.<\/p>\n\n\n\n<h2 class=\"wp-block-heading has-luminous-vivid-orange-color has-text-color has-link-color wp-elements-cbb00c00db42efe40bb02e9e35766a71\">Itinerario consigliato \u2014 3 giorni lungo la Strada dei Beffroi<\/h2>\n\n\n\n<p><strong>Giorno 1 \u2014 Lille, Armenti\u00e8res, Bailleul<\/strong><\/p>\n\n\n\n<p>Mattina: <strong>visita al beffroi di Lille<\/strong> (meglio prenotare).<\/p>\n\n\n\n<p>Mezzogiorno: mercato o pranzo vicino al Municipio.<\/p>\n\n\n\n<p>Pomeriggio: Armenti\u00e8res e poi Bailleul, per ammirare lo stile neorinascimentale e i panorami sulla valle della <strong>Lys<\/strong>.<\/p>\n\n\n\n<p><strong>Giorno 2 \u2014 Bergues, Dunkerque, Gravelines<\/strong><\/p>\n\n\n\n<p>Mattina: <strong>visita al beffroi di Bergues<\/strong> (206 gradini, vista stupenda).<\/p>\n\n\n\n<p>Mezzogiorno: Dunkerque lato porto (pescheria, estaminets).<\/p>\n\n\n\n<p>Pomeriggio: <strong>beffroi di Saint-\u00c9loi<\/strong> a Dunkerque, sosta a <strong>Gravelines<\/strong> per il suo panorama sulla citt\u00e0 fortificata.<\/p>\n\n\n\n<p><strong>Giorno 3 \u2014 Douai, Cambrai, Arras, B\u00e9thune<\/strong><\/p>\n\n\n\n<p>Mattina: <strong>Douai<\/strong> e i suoi carillon.<\/p>\n\n\n\n<p>Mezzogiorno: <strong>Cambrai<\/strong> (visita al duomo e alle sculture).<\/p>\n\n\n\n<p>Pomeriggio: <strong>Arras<\/strong> (place des H\u00e9ros, <strong>visita al beffroi<\/strong>), fine della giornata a <strong>B\u00e9thune<\/strong> per godersi l&#8217;atmosfera della Grand-Plac.e.<\/p>\n\n\n\n<p class=\"has-background\" style=\"background-color:#00541d5c\"><em>Mobilit\u00e0 sostenibile<\/em>: linee TGV\/TER per <strong>Lille-Flandres<\/strong>, fitta rete tra le citt\u00e0 e tragitti brevi, ideali per effettuare <strong>visite turistiche<\/strong> senza auto.<\/p>\n\n\n\n<h2 class=\"wp-block-heading has-luminous-vivid-orange-color has-text-color has-link-color wp-elements-32a91fb28c3799f1018dda41769b092f\">Consigli pratici<\/h2>\n\n\n\n<ul class=\"wp-block-list\">\n<li><strong>Stagioni<\/strong>: primavera ed estate per godervi i panorami; autunno per la luce morbida sulle facciate; inverno per i carillon e i mercatini.<\/li>\n\n\n\n<li><strong>Prenotazioni<\/strong>: alcune <strong>visite ai beffroi <\/strong>(Lille, Dunkerque\/Municipio) sono aperte in date precise. Controllate gli orari il giorno prima.<\/li>\n\n\n\n<li><strong>Stile di visita<\/strong>: alternate salite e passeggiate da una piazza all&#8217;altra; tra una salita e l&#8217;altra, godetevi una cucina locale che includa prodotti del territorio.<\/li>\n<\/ul>\n\n\n\n<h2 class=\"wp-block-heading has-luminous-vivid-orange-color has-text-color has-link-color wp-elements-61e7c4aa33a9da0ea41b641670eab817\">Prolungate la Strada dei Beffroi<\/h2>\n\n\n\n<p>Salire su queste torri \u00e8 come toccare l&#8217;anima di un territorio: rintocchi di campane, panorami mozzafiato, pietre scolpite&#8230; Ogni beffroi racconta una citt\u00e0, la sua storia e il suo slancio. Per continuare l&#8217;esperienza, scoprite la nostra <strong><a href=\"https:\/\/www.teritoria.com\/it\/boutique\/\">boutique online<\/a><\/strong> (cartoline e cofanetti), iscrivetevi alla <a href=\"https:\/\/share-eu1.hsforms.com\/1Djr2uzE4Q8mjQLtOL5WiNgf7vkn\" rel=\"nofollow noopener\" target=\"_blank\"><strong>newsletter<\/strong> <\/a>e al nostro <strong><a href=\"https:\/\/www.teritoria.com\/it\/programma-fedelta-teritoria\/\">programma fedelt\u00e0<\/a><\/strong>: ad ogni tappa della Strada dei Beffroi, trasformate le vostre visite in vantaggi esclusivi nelle maison Teritoria. Perch\u00e9 la storia non si osserva soltanto: <strong>si vive<\/strong>.<\/p>\n","protected":false},"excerpt":{"rendered":"<p>Scoprite la Strada dei Beffroi (la Strada delle Torri Civiche) dell&#8217;Alta Francia: Dunkerque, Lille, Douai, Cambrai&#8230; Tesori architettonici iscritti all&#8217;Unesco!<\/p>\n","protected":false},"author":16,"featured_media":150522,"comment_status":"closed","ping_status":"closed","sticky":false,"template":"","format":"standard","meta":{"_acf_changed":false,"footnotes":""},"categories":[707,23],"tags":[3940],"class_list":["post-149124","post","type-post","status-publish","format-standard","has-post-thumbnail","hentry","category-diari-di-viaggio","category-tutti-i-nostri-articoli","tag-voyage-responsable-it"],"acf":[],"_links":{"self":[{"href":"https:\/\/www.teritoria.com\/it\/wp-json\/wp\/v2\/posts\/149124","targetHints":{"allow":["GET"]}}],"collection":[{"href":"https:\/\/www.teritoria.com\/it\/wp-json\/wp\/v2\/posts"}],"about":[{"href":"https:\/\/www.teritoria.com\/it\/wp-json\/wp\/v2\/types\/post"}],"author":[{"embeddable":true,"href":"https:\/\/www.teritoria.com\/it\/wp-json\/wp\/v2\/users\/16"}],"replies":[{"embeddable":true,"href":"https:\/\/www.teritoria.com\/it\/wp-json\/wp\/v2\/comments?post=149124"}],"version-history":[{"count":5,"href":"https:\/\/www.teritoria.com\/it\/wp-json\/wp\/v2\/posts\/149124\/revisions"}],"predecessor-version":[{"id":178620,"href":"https:\/\/www.teritoria.com\/it\/wp-json\/wp\/v2\/posts\/149124\/revisions\/178620"}],"wp:featuredmedia":[{"embeddable":true,"href":"https:\/\/www.teritoria.com\/it\/wp-json\/wp\/v2\/media\/150522"}],"wp:attachment":[{"href":"https:\/\/www.teritoria.com\/it\/wp-json\/wp\/v2\/media?parent=149124"}],"wp:term":[{"taxonomy":"category","embeddable":true,"href":"https:\/\/www.teritoria.com\/it\/wp-json\/wp\/v2\/categories?post=149124"},{"taxonomy":"post_tag","embeddable":true,"href":"https:\/\/www.teritoria.com\/it\/wp-json\/wp\/v2\/tags?post=149124"}],"curies":[{"name":"wp","href":"https:\/\/api.w.org\/{rel}","templated":true}]}}