{"id":149064,"date":"2025-07-03T17:48:00","date_gmt":"2025-07-03T15:48:00","guid":{"rendered":"https:\/\/www.teritoria.com\/nos-adresse-autour-du-tour-de-france\/"},"modified":"2025-07-29T16:32:39","modified_gmt":"2025-07-29T14:32:39","slug":"i-nostri-indirizzi-lungo-il-tour-de-france","status":"publish","type":"post","link":"https:\/\/www.teritoria.com\/it\/i-nostri-indirizzi-lungo-il-tour-de-france\/","title":{"rendered":"I nostri indirizzi lungo il Tour de France"},"content":{"rendered":"\n<p>Il <strong>Tour de France<\/strong> torna anche quest\u2019anno ad attraversare alcune delle regioni pi\u00f9 belle di Francia. A ogni tappa, migliaia di appassionati si riuniscono per vivere l\u2019atmosfera unica della <strong>Grande Boucle<\/strong>. Per accompagnare questo momento sportivo e festoso, Teritoria ha selezionato per voi una serie di <strong>hotel e ristoranti<\/strong> della nostra commmunity situati nei pressi delle citt\u00e0 tappa. In questo articolo troverete gli <strong>indirizzi ideali<\/strong> per fare una sosta di gusto, riposo e scoperta lungo tutto il percorso.<\/p>\n\n\n\n<h2 class=\"wp-block-heading has-luminous-vivid-orange-color has-text-color has-link-color wp-elements-cf7bdcec65c7729968888b7764a95b51\">Per dare il via al Tour de France, nella regione dell&#8217;Alta Francia, dal 5 al 7 luglio<\/h2>\n\n\n\n<p>Quest\u2019anno il <strong>Tour de France<\/strong> resta entro i confini francesi. La <strong>Grande Boucle<\/strong> prende il via da Lille il 5 luglio e riparte da Dunkerque il 7 luglio.<\/p>\n\n\n\n<h3 class=\"wp-block-heading\">La Laiterie, a Lambersart, vicino a Lille<\/h3>\n\n\n\n<p>All\u2019incrocio tra Avenue de l\u2019Hippodrome e Avenue du Colys\u00e9e, <a href=\"https:\/\/www.teritoria.com\/it\/ristoranti\/la-laiterie-4081-re01\/\">La Laiterie<\/a> propone <strong>un viaggio culinario in nove tappe<\/strong>: un\u2019esperienza gourmet perfetta per aspettare il passaggio dei ciclisti a <strong>Lambersart <\/strong>nel pomeriggio.<\/p>\n\n\n\n<div class=\"wp-block-group is-nowrap is-layout-flex wp-container-core-group-is-layout-ad2f72ca wp-block-group-is-layout-flex\">\n<figure class=\"wp-block-image size-large is-resized\"><img loading=\"lazy\" decoding=\"async\" width=\"614\" height=\"1024\" src=\"https:\/\/www.teritoria.com\/wp-content\/uploads\/2025\/07\/La-Laiterie-Lambersat-614x1024.jpg\" alt=\"\" class=\"wp-image-148784\" style=\"aspect-ratio:1;object-fit:cover;width:1450px\" title=\"\" srcset=\"https:\/\/www.teritoria.com\/wp-content\/uploads\/2025\/07\/La-Laiterie-Lambersat-614x1024.jpg 614w, https:\/\/www.teritoria.com\/wp-content\/uploads\/2025\/07\/La-Laiterie-Lambersat-180x300.jpg 180w, https:\/\/www.teritoria.com\/wp-content\/uploads\/2025\/07\/La-Laiterie-Lambersat-768x1280.jpg 768w, https:\/\/www.teritoria.com\/wp-content\/uploads\/2025\/07\/La-Laiterie-Lambersat-922x1536.jpg 922w, https:\/\/www.teritoria.com\/wp-content\/uploads\/2025\/07\/La-Laiterie-Lambersat-1229x2048.jpg 1229w, https:\/\/www.teritoria.com\/wp-content\/uploads\/2025\/07\/La-Laiterie-Lambersat-scaled.jpg 1536w\" sizes=\"auto, (max-width: 614px) 100vw, 614px\" \/><figcaption class=\"wp-element-caption\">la laiterie &#8211; gennaio 2022 &#8211; \u00a9 marco strullu<\/figcaption><\/figure>\n\n\n\n<figure class=\"wp-block-image size-large is-resized\"><img loading=\"lazy\" decoding=\"async\" width=\"1024\" height=\"683\" src=\"https:\/\/www.teritoria.com\/wp-content\/uploads\/2025\/07\/La-Laiterie-Edouard-Chouteau-1024x683.jpg\" alt=\"\" class=\"wp-image-148787\" style=\"aspect-ratio:1;object-fit:cover;width:1450px\" title=\"\" srcset=\"https:\/\/www.teritoria.com\/wp-content\/uploads\/2025\/07\/La-Laiterie-Edouard-Chouteau-1024x683.jpg 1024w, https:\/\/www.teritoria.com\/wp-content\/uploads\/2025\/07\/La-Laiterie-Edouard-Chouteau-300x200.jpg 300w, https:\/\/www.teritoria.com\/wp-content\/uploads\/2025\/07\/La-Laiterie-Edouard-Chouteau-768x512.jpg 768w, https:\/\/www.teritoria.com\/wp-content\/uploads\/2025\/07\/La-Laiterie-Edouard-Chouteau-1536x1025.jpg 1536w, https:\/\/www.teritoria.com\/wp-content\/uploads\/2025\/07\/La-Laiterie-Edouard-Chouteau-2048x1367.jpg 2048w\" sizes=\"auto, (max-width: 1024px) 100vw, 1024px\" \/><figcaption class=\"wp-element-caption\">chef edouard chouteau \u00a9 marco strullu<\/figcaption><\/figure>\n\n\n\n<p><\/p>\n<\/div>\n\n\n\n<p>A nord di <strong>Lille<\/strong>, in un quartiere verdeggiante, il ristorante \u00e8 un&#8217;<strong>istituzione<\/strong> dal 1903. In loco, sarete immersi in un&#8217;atmosfera accogliente e raffinata, e potrete scoprire piatti gastronomici che esaltano<strong> la stagionalit\u00e0 dei sapori<\/strong>, del talentuoso chef Edouard Chouteau.<\/p>\n\n\n\n<h2 class=\"wp-block-heading has-luminous-vivid-orange-color has-text-color has-link-color wp-elements-a277e405cb330dfaac44bf5b91a8ef35\">Seguire il passaggio dei ciclisti in Normandia, dall&#8217;8 al 10 luglio<\/h2>\n\n\n\n<h3 class=\"wp-block-heading\">L&#8217;Odas &#8211; Ristorante, a Rouen<\/h3>\n\n\n\n<p>Dopo l\u2019adrenalina del passaggio del <strong>Tour de France <\/strong>a <strong>Rouen<\/strong>, l\u20198 luglio, concedetevi una pausa gourmet da <a href=\"https:\/\/www.teritoria.com\/it\/ristoranti\/lodas-3497-re01\/\">L\u2019Odas<\/a>.<\/p>\n\n\n<div class=\"wp-block-image\">\n<figure class=\"aligncenter size-large is-resized\"><img loading=\"lazy\" decoding=\"async\" width=\"1024\" height=\"683\" src=\"https:\/\/www.teritoria.com\/wp-content\/uploads\/2025\/07\/LOdas-Rouen-1024x683.jpg\" alt=\"\" class=\"wp-image-148852\" style=\"aspect-ratio:1;object-fit:cover;width:1450px\" title=\"\" srcset=\"https:\/\/www.teritoria.com\/wp-content\/uploads\/2025\/07\/LOdas-Rouen-1024x683.jpg 1024w, https:\/\/www.teritoria.com\/wp-content\/uploads\/2025\/07\/LOdas-Rouen-300x200.jpg 300w, https:\/\/www.teritoria.com\/wp-content\/uploads\/2025\/07\/LOdas-Rouen-768x512.jpg 768w, https:\/\/www.teritoria.com\/wp-content\/uploads\/2025\/07\/LOdas-Rouen-1536x1024.jpg 1536w, https:\/\/www.teritoria.com\/wp-content\/uploads\/2025\/07\/LOdas-Rouen-2048x1365.jpg 2048w\" sizes=\"auto, (max-width: 1024px) 100vw, 1024px\" \/><figcaption class=\"wp-element-caption\">L&#8217;Odas &#8211; Ristorante, a Rouen<\/figcaption><\/figure>\n<\/div>\n\n\n<p>Ai piedi della <strong>Cattedrale di Rouen<\/strong>, in un\u2019atmosfera intima e accogliente, questo indirizzo vi propone un\u2019esperienza culinaria alla cieca firmata dagli chef<strong> Olivier Da Silva<\/strong> e <strong>Suzanne Waymel<\/strong>. Questo ristorante stellato \u00e8 la tappa ideale per <strong>scoperte culinarie sorprendenti<\/strong>.<\/p>\n\n\n\n<h3 class=\"wp-block-heading\">Ch\u00e2teau de Sully, a Bayeux<\/h3>\n\n\n\n<p>Il <strong>Tour de France<\/strong> fa tappa a <strong>Bayeux<\/strong> il 10 luglio. Per vivere l\u2019evento senza rinunciare al comfort, vi aspetta il <a href=\"https:\/\/www.teritoria.com\/it\/hotel\/chateau-de-sully-46-ho01\/\">Ch\u00e2teau de Sully<\/a> \u2014 H\u00f4tel-Restaurant, un\u2019<strong>elegante residenza<\/strong> del XVIII\u00b0 secolo classificata quattro stelle. Con le sue 23 camere distribuite tra il castello e la villa, questo indirizzo unisce alla perfezione il ritmo del Tour con il piacere del relax, tra arredi raffinati e atmosfera normanna.<\/p>\n\n\n<div class=\"wp-block-image\">\n<figure class=\"aligncenter size-large is-resized\"><img loading=\"lazy\" decoding=\"async\" width=\"1024\" height=\"617\" src=\"https:\/\/www.teritoria.com\/wp-content\/uploads\/2025\/07\/Chateau-de-Sully-Bayeux-1024x617.jpg\" alt=\"\" class=\"wp-image-148859\" style=\"aspect-ratio:1;object-fit:cover;width:1450px\" title=\"\" srcset=\"https:\/\/www.teritoria.com\/wp-content\/uploads\/2025\/07\/Chateau-de-Sully-Bayeux-1024x617.jpg 1024w, https:\/\/www.teritoria.com\/wp-content\/uploads\/2025\/07\/Chateau-de-Sully-Bayeux-300x181.jpg 300w, https:\/\/www.teritoria.com\/wp-content\/uploads\/2025\/07\/Chateau-de-Sully-Bayeux-768x462.jpg 768w, https:\/\/www.teritoria.com\/wp-content\/uploads\/2025\/07\/Chateau-de-Sully-Bayeux-1536x925.jpg 1536w, https:\/\/www.teritoria.com\/wp-content\/uploads\/2025\/07\/Chateau-de-Sully-Bayeux.jpg 1920w\" sizes=\"auto, (max-width: 1024px) 100vw, 1024px\" \/><figcaption class=\"wp-element-caption\">Le Ch\u00e2teau de Sully, a Bayeux<\/figcaption><\/figure>\n<\/div>\n\n\n<p>In cucina, lo <strong>chef Victor Vrignaud<\/strong> reinterpreta la tradizione locale con un tocco moderno, valorizzando i prodotti del mare provenienti dalla costa, a pochi minuti da qui. Un indirizzo che racconta una <strong>cucina responsabile<\/strong>, stagionale e creativa.<\/p>\n\n\n\n<h3 class=\"wp-block-heading\">Ch\u00e2teau de Bellefontaine, a Bayeux<\/h3>\n\n\n\n<p>Per rilassarvi dopo il <strong>passaggio dei ciclisti<\/strong> a <strong>Bayeux<\/strong>, il <a href=\"https:\/\/www.teritoria.com\/it\/hotel\/chateau-de-bellefontaine-3454-ho01\/\">Ch\u00e2teau de Bellefontaine<\/a> \u00e8 un indirizzo senza tempo. Questo autentico castello del XVIII\u00b0 secolo, circondato da fossati e da un maestoso laghetto per i cigni, offre un soggiorno immerso nella natura. Le sue venti camere, affacciate sulla <strong>campagna normanna<\/strong>, uniscono con equilibrio classicismo e modernit\u00e0.<\/p>\n\n\n<div class=\"wp-block-image\">\n<figure class=\"aligncenter size-large is-resized\"><img loading=\"lazy\" decoding=\"async\" width=\"1024\" height=\"616\" src=\"https:\/\/www.teritoria.com\/wp-content\/uploads\/2025\/07\/Chateau-Bellefontaine-Bayeux-1024x616.jpg\" alt=\"\" class=\"wp-image-148863\" style=\"aspect-ratio:1;object-fit:cover;width:1450px\" title=\"\" srcset=\"https:\/\/www.teritoria.com\/wp-content\/uploads\/2025\/07\/Chateau-Bellefontaine-Bayeux-1024x616.jpg 1024w, https:\/\/www.teritoria.com\/wp-content\/uploads\/2025\/07\/Chateau-Bellefontaine-Bayeux-300x180.jpg 300w, https:\/\/www.teritoria.com\/wp-content\/uploads\/2025\/07\/Chateau-Bellefontaine-Bayeux-768x462.jpg 768w, https:\/\/www.teritoria.com\/wp-content\/uploads\/2025\/07\/Chateau-Bellefontaine-Bayeux-1536x924.jpg 1536w, https:\/\/www.teritoria.com\/wp-content\/uploads\/2025\/07\/Chateau-Bellefontaine-Bayeux.jpg 1922w\" sizes=\"auto, (max-width: 1024px) 100vw, 1024px\" \/><figcaption class=\"wp-element-caption\">Ch\u00e2teau Bellefontaine, a Bayeux<\/figcaption><\/figure>\n<\/div>\n\n\n<p>Qui tutto<strong> celebra la natura<\/strong>, anche il men\u00f9 del ristorante. I piatti, sottili e raffinati, seguono il ritmo delle stagioni e raccontano una cucina ispirata e piena di gusto. Per vivere appieno l\u2019essenza del luogo,<strong> il castello mette a disposizione biciclette<\/strong> con cui raggiungere le spiagge della Normandia, il campo da golf o il maneggio poco distante.<\/p>\n\n\n\n<h3 class=\"wp-block-heading\">H\u00f4tel Le Lion d&#8217;Or, a Bayeux<\/h3>\n\n\n\n<p>Gli appassionati del Tour de France conoscono bene il celebre peluche del leone consegnato al vincitore della maglia gialla. In attesa dell\u2019arrivo della <strong>Grande Boucle<\/strong>, scoprite <a href=\"https:\/\/www.teritoria.com\/it\/hotel\/hotel-le-lion-dor-4056-ho01\/\">Le Lion d\u2019Or<\/a>, un hotel-ristorante quattro stelle tra mare e campagna. In un\u2019atmosfera calda e contemporanea, <strong>Aline e Alexandre Matyja<\/strong> accolgono gli ospiti con attenzione e cura. Le 34 camere e suite offrono ogni comfort, mentre lo <strong>chef Thomas Busnoult<\/strong> propone una cucina fusion creativa al ristorante <a href=\"https:\/\/www.teritoria.com\/it\/ristoranti\/la-table-du-lion-4056-re01\/\">La Table du Lion<\/a>.<\/p>\n\n\n<div class=\"wp-block-image\">\n<figure class=\"aligncenter size-large is-resized\"><img loading=\"lazy\" decoding=\"async\" width=\"1024\" height=\"576\" src=\"https:\/\/www.teritoria.com\/wp-content\/uploads\/2025\/07\/Le-lion-dor-bayeux-1024x576.jpg\" alt=\"\" class=\"wp-image-148875\" style=\"aspect-ratio:1;object-fit:cover;width:1450px\" title=\"\" srcset=\"https:\/\/www.teritoria.com\/wp-content\/uploads\/2025\/07\/Le-lion-dor-bayeux-1024x576.jpg 1024w, https:\/\/www.teritoria.com\/wp-content\/uploads\/2025\/07\/Le-lion-dor-bayeux-300x169.jpg 300w, https:\/\/www.teritoria.com\/wp-content\/uploads\/2025\/07\/Le-lion-dor-bayeux-768x432.jpg 768w, https:\/\/www.teritoria.com\/wp-content\/uploads\/2025\/07\/Le-lion-dor-bayeux-1536x864.jpg 1536w, https:\/\/www.teritoria.com\/wp-content\/uploads\/2025\/07\/Le-lion-dor-bayeux-2048x1152.jpg 2048w\" sizes=\"auto, (max-width: 1024px) 100vw, 1024px\" \/><figcaption class=\"wp-element-caption\">La Table du Lion, al Lion d&#8217;Or, a Bayeux<\/figcaption><\/figure>\n<\/div>\n\n\n<h2 class=\"wp-block-heading has-luminous-vivid-orange-color has-text-color has-link-color wp-elements-6053be4395b6ac16f5f5155744b52658\">Lungo le coste della Breizh, in Bretagna, l\u201911 luglio<\/h2>\n\n\n\n<p>Seguendo il percorso dei ciclisti si arriva sulle <a href=\"https:\/\/www.teritoria.com\/cote-des-legendes\/\">coste bretoni<\/a>, dove paesaggi e atmosfere svelano tutto il loro fascino. L\u201911 luglio, il <strong>Tour de France<\/strong> collega <strong>Saint-Malo<\/strong> a Guerl\u00e9dan: avete gi\u00e0 scelto da dove seguire la tappa?<\/p>\n\n\n\n<h3 class=\"wp-block-heading\">Le Ch\u00e2teau Colombier \u2014  H\u00f4tel-Restaurant <\/h3>\n\n\n\n<p>A soli 5 minuti dalle spiagge di Saint-Malo, <a href=\"https:\/\/www.teritoria.com\/it\/hotel\/chateau-du-colombier-3563-ho01\/\">Le Ch\u00e2teau Colombier- H\u00f4tel-Restaurant <\/a>conquista subito con la sua facciata rosa e sei ettari di parco in fiore. Questa malouini\u00e8re del XVIII\u00b0 secolo unisce con equilibrio <strong>eleganza d\u2019epoca<\/strong> e <strong>comfort contemporaneo<\/strong>. Le 15 camere, intime e raffinate, riflettono la stessa armonia che si ritrova nella cucina: un incontro riuscito tra sapori asiatici e prodotti locali.<br><\/p>\n\n\n<div class=\"wp-block-image\">\n<figure class=\"aligncenter size-full is-resized\"><img loading=\"lazy\" decoding=\"async\" width=\"904\" height=\"597\" src=\"https:\/\/www.teritoria.com\/wp-content\/uploads\/2025\/07\/Chateau-Colombier-saint-malo.png\" alt=\"\" class=\"wp-image-148881\" style=\"aspect-ratio:1;object-fit:cover;width:1450px\" title=\"\" srcset=\"https:\/\/www.teritoria.com\/wp-content\/uploads\/2025\/07\/Chateau-Colombier-saint-malo.png 904w, https:\/\/www.teritoria.com\/wp-content\/uploads\/2025\/07\/Chateau-Colombier-saint-malo-300x198.png 300w, https:\/\/www.teritoria.com\/wp-content\/uploads\/2025\/07\/Chateau-Colombier-saint-malo-768x507.png 768w\" sizes=\"auto, (max-width: 904px) 100vw, 904px\" \/><figcaption class=\"wp-element-caption\">Le Ch\u00e2teau Colombier \u2014 H\u00f4tel-Restaurant, a Saint-Malo<\/figcaption><\/figure>\n<\/div>\n\n\n<p>Oltre alle passeggiate sul lungolago o lungo la spiaggia, nei dintorni si trovano anche un centro termale, un maneggio e un campo da golf. <strong>Sokha e Nicolas Le Bouvier<\/strong> coltivano con discrezione l\u2019atmosfera rilassata del luogo, ideale per staccare davvero.<\/p>\n\n\n\n<h2 class=\"wp-block-heading has-luminous-vivid-orange-color has-text-color has-link-color wp-elements-0bef7901e6095cec0a33fa7da9cb701a\">Per seguire il Tour de France sotto il sole dell&#8217;Occitania, dal 15 al 20 luglio<\/h2>\n\n\n\n<h3 class=\"wp-block-heading\">Py-r Restaurant, a Tolosa<\/h3>\n\n\n\n<p>Il 15 luglio, le squadre del <strong>Tour de France<\/strong> si fermano a <strong>Tolosa<\/strong> per la giornata di riposo: approfittatene anche voi per scoprire i nostri indirizzi gourmet nella \u201c<strong>Ville Rose<\/strong>\u201d. A pochi passi dal Pont-Neuf, lo chef <strong>Pierre Lambinon<\/strong> propone un percorso creativo fatto di assaggi sorprendenti, in un\u2019atmosfera vivace e luminosa. Al <a href=\"https:\/\/www.teritoria.com\/it\/ristoranti\/py-r-restaurant-3461-re01\/\">Py-r Restaurant<\/a>, le erbe dell\u2019orto, il pesce e i frutti di mare locali e di stagione sono i protagonisti di una cucina raffinata quanto l\u2019eleganza essenziale della sala.<\/p>\n\n\n\n<div class=\"wp-block-group is-nowrap is-layout-flex wp-container-core-group-is-layout-ad2f72ca wp-block-group-is-layout-flex\">\n<figure class=\"wp-block-image size-large is-resized\"><img loading=\"lazy\" decoding=\"async\" width=\"1024\" height=\"616\" src=\"https:\/\/www.teritoria.com\/wp-content\/uploads\/2025\/07\/Py-r-Restaurant-Toulouse-1024x616.jpg\" alt=\"\" class=\"wp-image-148885\" style=\"aspect-ratio:1;object-fit:cover;width:1450px\" title=\"\" srcset=\"https:\/\/www.teritoria.com\/wp-content\/uploads\/2025\/07\/Py-r-Restaurant-Toulouse-1024x616.jpg 1024w, https:\/\/www.teritoria.com\/wp-content\/uploads\/2025\/07\/Py-r-Restaurant-Toulouse-300x181.jpg 300w, https:\/\/www.teritoria.com\/wp-content\/uploads\/2025\/07\/Py-r-Restaurant-Toulouse-768x462.jpg 768w, https:\/\/www.teritoria.com\/wp-content\/uploads\/2025\/07\/Py-r-Restaurant-Toulouse-1536x924.jpg 1536w, https:\/\/www.teritoria.com\/wp-content\/uploads\/2025\/07\/Py-r-Restaurant-Toulouse.jpg 1921w\" sizes=\"auto, (max-width: 1024px) 100vw, 1024px\" \/><figcaption class=\"wp-element-caption\">tavoli sotto le volte del py-r restaurant, a tolosa<\/figcaption><\/figure>\n\n\n\n<figure class=\"wp-block-image size-large is-resized\"><img loading=\"lazy\" decoding=\"async\" width=\"754\" height=\"1024\" src=\"https:\/\/www.teritoria.com\/wp-content\/uploads\/2025\/07\/Pierre-Lambinon-chef-du-Py-R-1-754x1024.jpg\" alt=\"\" class=\"wp-image-148897\" style=\"aspect-ratio:1;object-fit:cover;width:1450px\" title=\"\" srcset=\"https:\/\/www.teritoria.com\/wp-content\/uploads\/2025\/07\/Pierre-Lambinon-chef-du-Py-R-1-754x1024.jpg 754w, https:\/\/www.teritoria.com\/wp-content\/uploads\/2025\/07\/Pierre-Lambinon-chef-du-Py-R-1-221x300.jpg 221w, https:\/\/www.teritoria.com\/wp-content\/uploads\/2025\/07\/Pierre-Lambinon-chef-du-Py-R-1-768x1043.jpg 768w, https:\/\/www.teritoria.com\/wp-content\/uploads\/2025\/07\/Pierre-Lambinon-chef-du-Py-R-1.jpg 851w\" sizes=\"auto, (max-width: 754px) 100vw, 754px\" \/><figcaption class=\"wp-element-caption\">pierre lambinon chef del py-r restaurant, a tolosa<\/figcaption><\/figure>\n<\/div>\n\n\n\n<p>Le <strong>due stelle Michelin<\/strong> e i<strong> due cappelli Gault et Millau<\/strong> lo confermano: \u00e8 un indirizzo imperdibile per un&#8217;esperienza unica!<\/p>\n\n\n\n<h3 class=\"wp-block-heading\">H\u00f4tel du Ch\u00e2teau &amp; SPA, a Carcassonne<\/h3>\n\n\n\n<p>Seguire il <strong>Tour de France<\/strong> \u00e8 anche un modo per riscoprire i grandi monumenti francesi. Tra questi, <strong>Carcassonne<\/strong> spicca con la sua <strong>straordinaria citt\u00e0 medievale<\/strong>, cuore dell\u2019Occitania. Per immergervi in questo scenario unico, l\u2019<a href=\"https:\/\/www.teritoria.com\/it\/hotel\/hotel-du-chateau-spa-3430-ho01\/\">H\u00f4tel du Ch\u00e2teau &amp; Spa<\/a> \u00e8 un rifugio ideale: un quattro stelle elegante ai piedi delle mura, con vista diretta sulla citt\u00e0 fortificata, <strong>patrimonio UNESCO<\/strong>. Le sue camere, raffinate e accoglienti, offrono un soggiorno all\u2019insegna del comfort e della storia.<\/p>\n\n\n<div class=\"wp-block-image\">\n<figure class=\"aligncenter size-large is-resized\"><img loading=\"lazy\" decoding=\"async\" width=\"1024\" height=\"617\" src=\"https:\/\/www.teritoria.com\/wp-content\/uploads\/2025\/07\/Carcassonne-1024x617.jpg\" alt=\"\" class=\"wp-image-148901\" style=\"aspect-ratio:1;object-fit:cover;width:1450px\" title=\"\" srcset=\"https:\/\/www.teritoria.com\/wp-content\/uploads\/2025\/07\/Carcassonne-1024x617.jpg 1024w, https:\/\/www.teritoria.com\/wp-content\/uploads\/2025\/07\/Carcassonne-300x181.jpg 300w, https:\/\/www.teritoria.com\/wp-content\/uploads\/2025\/07\/Carcassonne-768x462.jpg 768w, https:\/\/www.teritoria.com\/wp-content\/uploads\/2025\/07\/Carcassonne-1536x925.jpg 1536w, https:\/\/www.teritoria.com\/wp-content\/uploads\/2025\/07\/Carcassonne.jpg 1920w\" sizes=\"auto, (max-width: 1024px) 100vw, 1024px\" \/><figcaption class=\"wp-element-caption\">Hotel du Ch\u00e2teau &amp; SPA, ai piedi della citt\u00e0 di Carcassonne<\/figcaption><\/figure>\n<\/div>\n\n\n<p>Questo hotel esclusivo offre l\u2019accesso a una <strong>SPA ideale per ritrovare energia<\/strong> e benessere dopo una giornata intensa. Tra massaggi rilassanti, trattamenti su misura e ambienti curati, concedetevi una vera pausa rigenerante.<\/p>\n\n\n\n<h2 class=\"wp-block-heading has-luminous-vivid-orange-color has-text-color has-link-color wp-elements-ea6ab7d6d4f8f9b8925d70f4d961fd20\">Lungo la vostra tappa in Linguadoca, dal 21 al 22 luglio<\/h2>\n\n\n\n<p>Prima di affrontare le salite del Mont Ventoux, i ciclisti del <strong>Tour de France<\/strong> si concedono una giornata di riposo nella luminosa <strong>Montpellier<\/strong>. Perch\u00e9 non fare lo stesso con una pausa benessere all\u2019<a href=\"https:\/\/www.teritoria.com\/it\/hotel\/hotel-la-plage-4133-ho01\/\">Hotel La Plage<\/a>, a <strong>La Grande Motte<\/strong>? Affacciato sulla costa mediterranea, questa struttura dallo stile essenziale ed elegante si trova a pochi passi dalla sabbia. Le 46 camere e suite, tutte con vista sul mare, offrono comfort e tranquillit\u00e0. La SPA, i trattamenti estetici, i massaggi e la piscina esterna riscaldata completano un soggiorno all\u2019insegna del relax.<\/p>\n\n\n<div class=\"wp-block-image\">\n<figure class=\"aligncenter size-full is-resized\"><img loading=\"lazy\" decoding=\"async\" width=\"910\" height=\"607\" src=\"https:\/\/www.teritoria.com\/wp-content\/uploads\/2025\/07\/Hotel-la-plage-Grande-Motte.jpg\" alt=\"\" class=\"wp-image-148910\" style=\"aspect-ratio:1;object-fit:cover;width:1450px\" title=\"\" srcset=\"https:\/\/www.teritoria.com\/wp-content\/uploads\/2025\/07\/Hotel-la-plage-Grande-Motte.jpg 910w, https:\/\/www.teritoria.com\/wp-content\/uploads\/2025\/07\/Hotel-la-plage-Grande-Motte-300x200.jpg 300w, https:\/\/www.teritoria.com\/wp-content\/uploads\/2025\/07\/Hotel-la-plage-Grande-Motte-768x512.jpg 768w\" sizes=\"auto, (max-width: 910px) 100vw, 910px\" \/><\/figure>\n<\/div>\n\n\n<p>Al primo piano dell\u2019hotel, per i buongustai il ristorante panoramico <a href=\"https:\/\/www.teritoria.com\/it\/ristoranti\/lessentiel-4133-re01\/\">L\u2019Essentiel<\/a> propone una cucina bistronomica che valorizza i prodotti locali e di stagione, firmata dallo <strong>chef Mathieu Blanc.<\/strong> Un indirizzo da scoprire per chi ama i sapori autentici in un contesto vista mare.<\/p>\n\n\n\n<h2 class=\"wp-block-heading has-luminous-vivid-orange-color has-text-color has-link-color wp-elements-a0dc7c9bd99235bd97b63a3042786eeb\">Il gran finale a Parigi, sugli Champs-\u00c9lys\u00e9es, il 27 luglio.<\/h2>\n\n\n\n<p>Il <strong>Tour de France<\/strong> sta per finire! Il raduno sugli <strong>Champs-\u00c9lys\u00e9es<\/strong> \u00e8 uno degli eventi sportivi pi\u00f9 importanti in Francia. Non c&#8217;\u00e8 niente di meglio di un <strong>ristorante gourmet<\/strong> per festeggiare la fine del Grande Boucle.<\/p>\n\n\n\n<h3 class=\"wp-block-heading\">L&#8217;Atelier de Jo\u00ebl Robuchon \u00c9toile, a Parigi<\/h3>\n\n\n\n<p>Sull\u2019<strong>Avenue des Champs-\u00c9lys\u00e9es<\/strong>, di fronte all\u2019<strong>Arco di Trionfo<\/strong>, <a href=\"https:\/\/www.teritoria.com\/it\/ristoranti\/latelier-de-joel-robuchon-etoile-3350-re01\/\">L\u2019Atelier de Jo\u00ebl Robuchon \u00c9toile<\/a> porta avanti la tradizione del grande chef. Situato nel seminterrato dello storico Drugstore, propone un\u2019esperienza originale: servire i pasti al banco. Un modo per osservare da vicino il lavoro dello<strong> chef Eric Bouchenoire<\/strong>, premiato con una<strong> stella Michelin<\/strong> e <strong>due toques Gault &amp; Millau<\/strong>. Il suo men\u00f9 valorizza prodotti locali e di stagione, con una cucina precisa, elegante e ispirata.<\/p>\n\n\n\n<div class=\"wp-block-group is-nowrap is-layout-flex wp-container-core-group-is-layout-ad2f72ca wp-block-group-is-layout-flex\">\n<figure class=\"wp-block-image size-large is-resized\"><img loading=\"lazy\" decoding=\"async\" width=\"683\" height=\"1024\" src=\"https:\/\/www.teritoria.com\/wp-content\/uploads\/2025\/07\/joel-robuchon-683x1024.jpg\" alt=\"\" class=\"wp-image-148904\" style=\"aspect-ratio:1;object-fit:cover;width:1450px;height:auto\" title=\"\" srcset=\"https:\/\/www.teritoria.com\/wp-content\/uploads\/2025\/07\/joel-robuchon-683x1024.jpg 683w, https:\/\/www.teritoria.com\/wp-content\/uploads\/2025\/07\/joel-robuchon-200x300.jpg 200w, https:\/\/www.teritoria.com\/wp-content\/uploads\/2025\/07\/joel-robuchon-768x1152.jpg 768w, https:\/\/www.teritoria.com\/wp-content\/uploads\/2025\/07\/joel-robuchon-1024x1536.jpg 1024w, https:\/\/www.teritoria.com\/wp-content\/uploads\/2025\/07\/joel-robuchon-1365x2048.jpg 1365w, https:\/\/www.teritoria.com\/wp-content\/uploads\/2025\/07\/joel-robuchon-scaled.jpg 1707w\" sizes=\"auto, (max-width: 683px) 100vw, 683px\" \/><figcaption class=\"wp-element-caption\">eric bouchenoire, capo chef dell&#8217;atelier jo\u00ebl robuchon stellato<\/figcaption><\/figure>\n\n\n\n<figure class=\"wp-block-image size-large is-resized\"><img loading=\"lazy\" decoding=\"async\" width=\"1024\" height=\"683\" src=\"https:\/\/www.teritoria.com\/wp-content\/uploads\/2025\/07\/robuchon-etoile-1024x683.jpg\" alt=\"\" class=\"wp-image-148907\" style=\"aspect-ratio:1;object-fit:cover;width:1450px\" title=\"\" srcset=\"https:\/\/www.teritoria.com\/wp-content\/uploads\/2025\/07\/robuchon-etoile-1024x683.jpg 1024w, https:\/\/www.teritoria.com\/wp-content\/uploads\/2025\/07\/robuchon-etoile-300x200.jpg 300w, https:\/\/www.teritoria.com\/wp-content\/uploads\/2025\/07\/robuchon-etoile-768x512.jpg 768w, https:\/\/www.teritoria.com\/wp-content\/uploads\/2025\/07\/robuchon-etoile-1536x1024.jpg 1536w, https:\/\/www.teritoria.com\/wp-content\/uploads\/2025\/07\/robuchon-etoile-2048x1366.jpg 2048w\" sizes=\"auto, (max-width: 1024px) 100vw, 1024px\" \/><figcaption class=\"wp-element-caption\">l&#8217;atelier jo\u00ebl robuchon \u00e9toile, parigi champs-elys\u00e9es<\/figcaption><\/figure>\n<\/div>\n\n\n\n<p>Per vivere al meglio l\u2019arrivo dei ciclisti sugli Champs-\u00c9lys\u00e9es, scoprite le altre <a href=\"https:\/\/www.teritoria.com\/it\/boutique\/idee-regalo\/tutte-le-idee-regalo\/\">strutture selezionate da Teritoria<\/a>. Iscrivetevi alla <a href=\"https:\/\/share-eu1.hsforms.com\/1Djr2uzE4Q8mjQLtOL5WiNgf7vkn\" rel=\"nofollow noopener\" target=\"_blank\">newsletter <\/a>per restare aggiornati su novit\u00e0 e suggerimenti di viaggio. E non dimenticate il nostro <a href=\"https:\/\/www.teritoria.com\/it\/programma-fedelta-teritoria\/\">programma fedelt\u00e0<\/a>: gratuito e immediato, vi offre subito il 3% di sconto in oltre 400 hotel e ristoranti Teritoria in Europa, per un anno intero.<\/p>\n\n\n\n<p>Di \u00c9milie FALLOT NGUYEN<\/p>\n\n\n\n<p><\/p>\n","protected":false},"excerpt":{"rendered":"<p>Dopo ogni tappa del Tour de France 2025, scoprite i nostri indirizzi per assaporare il territorio e rigenerarvi.<\/p>\n","protected":false},"author":16,"featured_media":148915,"comment_status":"closed","ping_status":"closed","sticky":false,"template":"","format":"standard","meta":{"_acf_changed":false,"footnotes":""},"categories":[707,708,23],"tags":[3671],"class_list":["post-149064","post","type-post","status-publish","format-standard","has-post-thumbnail","hentry","category-diari-di-viaggio","category-cronache-culinarie","category-tutti-i-nostri-articoli","tag-voyager-it"],"acf":[],"_links":{"self":[{"href":"https:\/\/www.teritoria.com\/it\/wp-json\/wp\/v2\/posts\/149064","targetHints":{"allow":["GET"]}}],"collection":[{"href":"https:\/\/www.teritoria.com\/it\/wp-json\/wp\/v2\/posts"}],"about":[{"href":"https:\/\/www.teritoria.com\/it\/wp-json\/wp\/v2\/types\/post"}],"author":[{"embeddable":true,"href":"https:\/\/www.teritoria.com\/it\/wp-json\/wp\/v2\/users\/16"}],"replies":[{"embeddable":true,"href":"https:\/\/www.teritoria.com\/it\/wp-json\/wp\/v2\/comments?post=149064"}],"version-history":[{"count":5,"href":"https:\/\/www.teritoria.com\/it\/wp-json\/wp\/v2\/posts\/149064\/revisions"}],"predecessor-version":[{"id":150777,"href":"https:\/\/www.teritoria.com\/it\/wp-json\/wp\/v2\/posts\/149064\/revisions\/150777"}],"wp:featuredmedia":[{"embeddable":true,"href":"https:\/\/www.teritoria.com\/it\/wp-json\/wp\/v2\/media\/148915"}],"wp:attachment":[{"href":"https:\/\/www.teritoria.com\/it\/wp-json\/wp\/v2\/media?parent=149064"}],"wp:term":[{"taxonomy":"category","embeddable":true,"href":"https:\/\/www.teritoria.com\/it\/wp-json\/wp\/v2\/categories?post=149064"},{"taxonomy":"post_tag","embeddable":true,"href":"https:\/\/www.teritoria.com\/it\/wp-json\/wp\/v2\/tags?post=149064"}],"curies":[{"name":"wp","href":"https:\/\/api.w.org\/{rel}","templated":true}]}}