{"id":147137,"date":"2025-06-19T15:33:24","date_gmt":"2025-06-19T13:33:24","guid":{"rendered":"https:\/\/www.teritoria.com\/escapade-dans-les-alpes-a-annecy\/"},"modified":"2025-06-24T18:19:55","modified_gmt":"2025-06-24T16:19:55","slug":"fuga-nelle-alpi-ad-annecy","status":"publish","type":"post","link":"https:\/\/www.teritoria.com\/it\/fuga-nelle-alpi-ad-annecy\/","title":{"rendered":"Annecy: una fuga nel cuore delle Alpi"},"content":{"rendered":"\n<pre class=\"wp-block-verse\">Foto di copertina: Via principale di Annecy \u00a9 Shutterstock \/Alberto Garcia Guillen<\/pre>\n\n\n\n<p>Giustamente soprannominata la \u201cVenezia delle Alpi\u201d, <strong>Annecy <\/strong>affascina con i suoi canali fioriti, il lago cristallino e i vicoli animati. Citt\u00e0 d\u2019arte e di storia, unisce cultura, natura e stile di vita in un equilibrio raro. Che siate appassionati di storia, amanti della natura o semplicemente in <strong>cerca di autenticit\u00e0<\/strong>, Annecy non lascia indifferenti.<\/p>\n\n\n\n<h2 class=\"wp-block-heading has-luminous-vivid-orange-color has-text-color has-link-color wp-elements-765f951d7817ed06371f126a78b22a0a\">Immergetevi nelle attrazioni imperdibili di Annecy<\/h2>\n\n\n\n<p>Ecco alcuni luoghi <strong>da non perdere<\/strong>, che siate alla vostra prima visita o vogliate scoprire la citt\u00e0 pi\u00f9 a fondo.<\/p>\n\n\n\n<h3 class=\"wp-block-heading\">Annecy-le-Vieux: fascino e tranquillit\u00e0 sulle alture<\/h3>\n\n\n\n<p><strong>Annecy-le-Vieux<\/strong> \u00e8 un quartiere storico dal carattere autentico, leggermente decentrato, ma ricco di fascino. Adagiato sulla sponda nord-orientale del lago, offre un\u2019<strong>atmosfera tranquilla<\/strong> e residenziale, perfetta per sfuggire al trambusto turistico.<\/p>\n\n\n<div class=\"wp-block-image\">\n<figure class=\"aligncenter size-full is-resized\"><img loading=\"lazy\" decoding=\"async\" width=\"1000\" height=\"563\" src=\"https:\/\/www.teritoria.com\/wp-content\/uploads\/2025\/06\/Vue-panoramique-dAnnecy_shutterstock_2546505029_Collection-Maykova.jpg\" alt=\"Annecy\" class=\"wp-image-140751\" style=\"aspect-ratio:1;object-fit:cover;width:1450px;height:auto\" title=\"\" srcset=\"https:\/\/www.teritoria.com\/wp-content\/uploads\/2025\/06\/Vue-panoramique-dAnnecy_shutterstock_2546505029_Collection-Maykova.jpg 1000w, https:\/\/www.teritoria.com\/wp-content\/uploads\/2025\/06\/Vue-panoramique-dAnnecy_shutterstock_2546505029_Collection-Maykova-300x169.jpg 300w, https:\/\/www.teritoria.com\/wp-content\/uploads\/2025\/06\/Vue-panoramique-dAnnecy_shutterstock_2546505029_Collection-Maykova-768x432.jpg 768w\" sizes=\"auto, (max-width: 1000px) 100vw, 1000px\" \/><figcaption class=\"wp-element-caption\">Vista panoramica di Annecy \u00a9 Shutterstock \/ Collezione Maykova<\/figcaption><\/figure>\n<\/div>\n\n\n<p>Dalle prime pendici del Monte Veyrier (1.291 m) si gode di un panorama mozzafiato sul lago e <strong>sulle Alpi <\/strong>circostanti.<\/p>\n\n\n\n<h3 class=\"wp-block-heading\">Il Castello di Annecy: testimone di una storia ricca di eventi<\/h3>\n\n\n\n<p>Il <strong>castello di Annecy<\/strong>, che domina la citt\u00e0 vecchia, \u00e8 stato dichiarato monumento storico nel 1959. Fu residenza dei conti di Ginevra tra il XIII\u00b0 e il XIV\u00b0 secolo e ha vissuto molte trasformazioni: da fortezza medievale a caserma durante la Seconda Guerra Mondiale, fino a diventare un sito di restauro del patrimonio. Oggi ospita un museo che combina collezioni permanenti e mostre temporanee, con un\u2019attenzione particolare al cinema d\u2019animazione, di cui <strong>Annecy <\/strong>\u00e8 una delle capitali mondiali.<\/p>\n\n\n\n<div class=\"wp-block-group is-nowrap is-layout-flex wp-container-core-group-is-layout-ad2f72ca wp-block-group-is-layout-flex\">\n<figure class=\"wp-block-image size-full is-resized\"><img loading=\"lazy\" decoding=\"async\" width=\"1000\" height=\"664\" src=\"https:\/\/www.teritoria.com\/wp-content\/uploads\/2025\/06\/Chateau-Annecy_shutterstock_49511752-Mira-Arnaudova.jpg\" alt=\"\" class=\"wp-image-140748\" style=\"aspect-ratio:1;object-fit:cover;width:1450px;height:auto\" title=\"\" srcset=\"https:\/\/www.teritoria.com\/wp-content\/uploads\/2025\/06\/Chateau-Annecy_shutterstock_49511752-Mira-Arnaudova.jpg 1000w, https:\/\/www.teritoria.com\/wp-content\/uploads\/2025\/06\/Chateau-Annecy_shutterstock_49511752-Mira-Arnaudova-300x199.jpg 300w, https:\/\/www.teritoria.com\/wp-content\/uploads\/2025\/06\/Chateau-Annecy_shutterstock_49511752-Mira-Arnaudova-768x510.jpg 768w\" sizes=\"auto, (max-width: 1000px) 100vw, 1000px\" \/><figcaption class=\"wp-element-caption\">il castello di annecy visto dal lago \u00a9 shutterstock \/mira arnaudova<\/figcaption><\/figure>\n\n\n\n<figure class=\"wp-block-image size-full is-resized\"><img loading=\"lazy\" decoding=\"async\" width=\"1000\" height=\"668\" src=\"https:\/\/www.teritoria.com\/wp-content\/uploads\/2025\/06\/Chateau-dAnnecy_shutterstock_518349907_milosk50.jpg\" alt=\"\" class=\"wp-image-140754\" style=\"aspect-ratio:1;object-fit:cover;width:1450px\" title=\"\" srcset=\"https:\/\/www.teritoria.com\/wp-content\/uploads\/2025\/06\/Chateau-dAnnecy_shutterstock_518349907_milosk50.jpg 1000w, https:\/\/www.teritoria.com\/wp-content\/uploads\/2025\/06\/Chateau-dAnnecy_shutterstock_518349907_milosk50-300x200.jpg 300w, https:\/\/www.teritoria.com\/wp-content\/uploads\/2025\/06\/Chateau-dAnnecy_shutterstock_518349907_milosk50-768x513.jpg 768w\" sizes=\"auto, (max-width: 1000px) 100vw, 1000px\" \/><figcaption class=\"wp-element-caption\">il castello di annecy \u00a9 shutterstock \/ milosk<\/figcaption><\/figure>\n\n\n\n<p><\/p>\n<\/div>\n\n\n\n<p>Dalle mura, la vista sui tetti rossi della citt\u00e0 vecchia e sul lago \u00e8 <strong>davvero incredibile<\/strong>.<\/p>\n\n\n\n<h3 class=\"wp-block-heading\">Il P\u00e2quier e i Giardini d&#8217;Europa: il polmone verde di Annecy<\/h3>\n\n\n\n<p>Vero e proprio angolo di verde nel cuore della citt\u00e0, il P\u00e2quier \u00e8 un grande parco alberato in riva al lago, <strong>molto amato dagli abitanti di Annecy<\/strong>. Luogo di relax e di incontro, ospita anche importanti eventi locali. Proprio accanto si trovano i <strong>Jardins de l\u2019Europe<\/strong> ( I\u00a0giardini d&#8217;Europa di Annecy) , progettati nel XIX\u00b0 secolo, che mescolano specie secolari ed eleganti sculture. Questo complesso paesaggistico \u00e8 un\u2019eredit\u00e0 dei duchi di Nemours, che trasformarono l\u2019antica zona paludosa in un raffinato luogo per passeggiare.<\/p>\n\n\n<div class=\"wp-block-image\">\n<figure class=\"aligncenter size-full is-resized\"><img loading=\"lazy\" decoding=\"async\" width=\"1000\" height=\"750\" src=\"https:\/\/www.teritoria.com\/wp-content\/uploads\/2025\/06\/parc-Paquier-Annecy_shutterstock_1293433144_Giuseppe-Piazzese.jpg\" alt=\"\" class=\"wp-image-140757\" style=\"aspect-ratio:1;object-fit:cover;width:1450px\" title=\"\" srcset=\"https:\/\/www.teritoria.com\/wp-content\/uploads\/2025\/06\/parc-Paquier-Annecy_shutterstock_1293433144_Giuseppe-Piazzese.jpg 1000w, https:\/\/www.teritoria.com\/wp-content\/uploads\/2025\/06\/parc-Paquier-Annecy_shutterstock_1293433144_Giuseppe-Piazzese-300x225.jpg 300w, https:\/\/www.teritoria.com\/wp-content\/uploads\/2025\/06\/parc-Paquier-Annecy_shutterstock_1293433144_Giuseppe-Piazzese-768x576.jpg 768w\" sizes=\"auto, (max-width: 1000px) 100vw, 1000px\" \/><figcaption class=\"wp-element-caption\">Il parco P\u00e2quier in autunno, Annecy \u00a9 Shutterstock \/Giuseppe Piazzese<\/figcaption><\/figure>\n<\/div>\n\n\n<p>Da questi giardini potete salire a bordo delle <strong>navette lacustri<\/strong> che vi porteranno alla scoperta del canale del Vass\u00e9, dell\u2019\u00cele aux Cygnes, del Pont des Amours e dei quai Jules-Philippe e Napol\u00e9on III.<\/p>\n\n\n\n<h2 class=\"wp-block-heading has-luminous-vivid-orange-color has-text-color has-link-color wp-elements-2f33fe9f117869ca1407a65253b02430\">Momenti di relax e frescura in riva al lago<\/h2>\n\n\n\n<p>Il<strong> lago di Annecy<\/strong> non \u00e8 solo bello: \u00e8 anche uno dei laghi urbani pi\u00f9 puliti d&#8217;Europa. E proprio la qualit\u00e0 dell&#8217;acqua, insieme alla variet\u00e0 dei paesaggi, lo rende un luogo ideale per il tempo libero.<\/p>\n\n\n\n<h3 class=\"wp-block-heading\">Passeggiata Paul-Louis Servettaz detta \u201cAlbigny\u201d: tra spiaggia e parco alberato<\/h3>\n\n\n\n<p>La passeggiata che collega il parco dell\u2019Imp\u00e9rial alla spiaggia di <strong>Albigny<\/strong> \u00e8 una delle pi\u00f9 piacevoli di <strong>Annecy<\/strong>. Attraversa giardini fioriti, costeggia le rive del lago e si conclude su un\u2019ampia passerella che offre un panorama mozzafiato.<\/p>\n\n\n<div class=\"wp-block-image\">\n<figure class=\"aligncenter size-full is-resized\"><img loading=\"lazy\" decoding=\"async\" width=\"1000\" height=\"650\" src=\"https:\/\/www.teritoria.com\/wp-content\/uploads\/2025\/06\/Promenade-autour-du-lac-dAnnecy_shutterstock_1891990378_RogerMechan.jpg\" alt=\"\" class=\"wp-image-140745\" style=\"aspect-ratio:1;object-fit:cover;width:1450px\" title=\"\" srcset=\"https:\/\/www.teritoria.com\/wp-content\/uploads\/2025\/06\/Promenade-autour-du-lac-dAnnecy_shutterstock_1891990378_RogerMechan.jpg 1000w, https:\/\/www.teritoria.com\/wp-content\/uploads\/2025\/06\/Promenade-autour-du-lac-dAnnecy_shutterstock_1891990378_RogerMechan-300x195.jpg 300w, https:\/\/www.teritoria.com\/wp-content\/uploads\/2025\/06\/Promenade-autour-du-lac-dAnnecy_shutterstock_1891990378_RogerMechan-768x499.jpg 768w\" sizes=\"auto, (max-width: 1000px) 100vw, 1000px\" \/><figcaption class=\"wp-element-caption\">Passeggiata intorno al lago di Annecy \u00a9 Shutterstock \/RogerMechan<\/figcaption><\/figure>\n<\/div>\n\n\n<p>Questo luogo di villeggiatura \u00e8 molto frequentato in estate (sorvegliato dalle 11 alle 19), ma Albigny \u00e8 ideale anche per un picnic o per prendere il sole <strong>di fronte alle montagne<\/strong>.<\/p>\n\n\n\n<h3 class=\"wp-block-heading\">Il Ponte degli Amori: un simbolo romantico<\/h3>\n\n\n\n<p>Il <strong>Ponte degli Amori<\/strong>, <strong>uno dei luoghi iconici di Annecy<\/strong>, collega i Giardini d\u2019Europa al P\u00e2quier, attraversando il canale del Vass\u00e9. Secondo la leggenda, un bacio scambiato al centro del ponte garantisce l\u2019amore eterno. Realizzato in ferro battuto nel 1845, attira coppie che vi appendono simbolicamente dei lucchetti, come sul Pont des Arts a Parigi. La vista sul lago, sull\u2019\u00cele aux Cygnes e sulle cime circostanti \u00e8 semplicemente magica.<\/p>\n\n\n<div class=\"wp-block-image\">\n<figure class=\"aligncenter size-full is-resized\"><img loading=\"lazy\" decoding=\"async\" width=\"1000\" height=\"750\" src=\"https:\/\/www.teritoria.com\/wp-content\/uploads\/2025\/06\/Pont-des-amours-Annecy_shutterstock_1293532108_Giuseppe-Piazzese.jpg\" alt=\"\" class=\"wp-image-140760\" style=\"aspect-ratio:1;object-fit:cover;width:1450px\" title=\"\" srcset=\"https:\/\/www.teritoria.com\/wp-content\/uploads\/2025\/06\/Pont-des-amours-Annecy_shutterstock_1293532108_Giuseppe-Piazzese.jpg 1000w, https:\/\/www.teritoria.com\/wp-content\/uploads\/2025\/06\/Pont-des-amours-Annecy_shutterstock_1293532108_Giuseppe-Piazzese-300x225.jpg 300w, https:\/\/www.teritoria.com\/wp-content\/uploads\/2025\/06\/Pont-des-amours-Annecy_shutterstock_1293532108_Giuseppe-Piazzese-768x576.jpg 768w\" sizes=\"auto, (max-width: 1000px) 100vw, 1000px\" \/><figcaption class=\"wp-element-caption\">Ponte degli Amori, Annecy \u00a9 Shutterstock \/ Giuseppe Piazzese<\/figcaption><\/figure>\n<\/div>\n\n\n<p>Per chi ama l\u2019attivit\u00e0 fisica, nei dintorni si possono praticare numerosi sport: pedal\u00f2, kayak, paddle, ma anche <a href=\"https:\/\/www.teritoria.com\/les-meilleurs-chemins-de-randonnee-en-europe\/\">escursioni a piedi <\/a>o in bicicletta.<\/p>\n\n\n\n<h3 class=\"wp-block-heading\">Il giro del lago: 33 chilometri di evasione sportiva<\/h3>\n\n\n\n<p>Attorno al lago si snoda una <a href=\"https:\/\/www.teritoria.com\/itineraire-velo-en-europe\/\">pista ciclabile<\/a> di <strong>33 km<\/strong> che consente di fare il giro completo in bicicletta, con i pattini o a piedi. Il percorso attraversa spiagge, borghi tipici e punti panoramici mozzafiato. Accessibile a tutti, \u00e8 un modo divertente ed ecologico per scoprire i dintorni. \u00c8 anche l\u2019occasione perfetta per concedersi una pausa in uno dei piccoli borghi affacciati sul lago, come Talloires, Menthon-Saint-Bernard o Duingt.<\/p>\n\n\n<div class=\"wp-block-image\">\n<figure class=\"aligncenter size-full is-resized\"><img loading=\"lazy\" decoding=\"async\" width=\"571\" height=\"381\" src=\"https:\/\/www.teritoria.com\/wp-content\/uploads\/2025\/06\/velo-autour-du-lac-dAnnecy_shutterstock_747689239_Arthur-C.C.Hsieh_-edited.jpg\" alt=\"\" class=\"wp-image-140763\" style=\"aspect-ratio:1;object-fit:cover;width:1450px\" title=\"\" srcset=\"https:\/\/www.teritoria.com\/wp-content\/uploads\/2025\/06\/velo-autour-du-lac-dAnnecy_shutterstock_747689239_Arthur-C.C.Hsieh_-edited.jpg 571w, https:\/\/www.teritoria.com\/wp-content\/uploads\/2025\/06\/velo-autour-du-lac-dAnnecy_shutterstock_747689239_Arthur-C.C.Hsieh_-edited-300x200.jpg 300w\" sizes=\"auto, (max-width: 571px) 100vw, 571px\" \/><figcaption class=\"wp-element-caption\">Scoprite Annecy in bici \u00a9 Shutterstock \/Arthur C.C.Hsieh<\/figcaption><\/figure>\n<\/div>\n\n\n<p>\u00c8 un percorso da non perdere per chi ama il <a href=\"https:\/\/www.teritoria.com\/le-slow-tourisme\/\">turismo lento<\/a>.<\/p>\n\n\n\n<p><\/p>\n\n\n\n<p>Oltre ai suoi paesaggi, Annecy conquista con la sua atmosfera. \u00c8 una citt\u00e0 vivace ma a misura d\u2019uomo, che invita a passeggiare tra i vicoli acciottolati, a curiosare tra i mercati (marted\u00ec, venerd\u00ec e domenica) e a incontrare gli artigiani locali. Volete scoprire altri luoghi autentici in Alvernia e altrove? Iscrivetevi alla nostra <a href=\"https:\/\/share-eu1.hsforms.com\/1Djr2uzE4Q8mjQLtOL5WiNgf7vkn\" rel=\"nofollow noopener\" target=\"_blank\">newsletter<\/a>. Annecy \u00e8 anche una meta ideale per i buongustai: concedetevi una pausa in un <a href=\"https:\/\/www.teritoria.com\/it\/ristoranti\/destinazioni\/francia\/alvernia-rodano-alpi\/\">ristorante locale<\/a> per gustare una fonduta savoiarda, una tartiflette o un caff\u00e8 in riva al lago. Con Teritoria riscoprite un modo di viaggiare che ha senso: sostenibile, responsabile e autentico. Scegliendo, o regalando, <a href=\"https:\/\/www.teritoria.com\/it\/boutique\/idee-regalo\/tutte-le-idee-regalo\/\">un soggiorno Teritoria<\/a>, accumuli punti nel nostro <a href=\"https:\/\/www.teritoria.com\/it\/programma-fedelta-teritoria\/\">programma fedelt\u00e0<\/a> e contribuisci a sostenere un\u2019economia locale rispettosa<\/p>\n\n\n\n<p><\/p>\n\n\n\n<pre class=\"wp-block-verse\">Di \u00c9milie FALLOT NGUYEN <\/pre>\n\n\n\n<p><\/p>\n","protected":false},"excerpt":{"rendered":"<p>Annecy \u00e8 una citt\u00e0 da non perdere nelle Alpi, scopritela in modo diverso con Teritoria, tra autenticit\u00e0 e natura incontaminata.<\/p>\n","protected":false},"author":16,"featured_media":140744,"comment_status":"closed","ping_status":"closed","sticky":false,"template":"","format":"standard","meta":{"_acf_changed":false,"footnotes":""},"categories":[708,23],"tags":[3940],"class_list":["post-147137","post","type-post","status-publish","format-standard","has-post-thumbnail","hentry","category-cronache-culinarie","category-tutti-i-nostri-articoli","tag-voyage-responsable-it"],"acf":[],"_links":{"self":[{"href":"https:\/\/www.teritoria.com\/it\/wp-json\/wp\/v2\/posts\/147137","targetHints":{"allow":["GET"]}}],"collection":[{"href":"https:\/\/www.teritoria.com\/it\/wp-json\/wp\/v2\/posts"}],"about":[{"href":"https:\/\/www.teritoria.com\/it\/wp-json\/wp\/v2\/types\/post"}],"author":[{"embeddable":true,"href":"https:\/\/www.teritoria.com\/it\/wp-json\/wp\/v2\/users\/16"}],"replies":[{"embeddable":true,"href":"https:\/\/www.teritoria.com\/it\/wp-json\/wp\/v2\/comments?post=147137"}],"version-history":[{"count":2,"href":"https:\/\/www.teritoria.com\/it\/wp-json\/wp\/v2\/posts\/147137\/revisions"}],"predecessor-version":[{"id":147146,"href":"https:\/\/www.teritoria.com\/it\/wp-json\/wp\/v2\/posts\/147137\/revisions\/147146"}],"wp:featuredmedia":[{"embeddable":true,"href":"https:\/\/www.teritoria.com\/it\/wp-json\/wp\/v2\/media\/140744"}],"wp:attachment":[{"href":"https:\/\/www.teritoria.com\/it\/wp-json\/wp\/v2\/media?parent=147137"}],"wp:term":[{"taxonomy":"category","embeddable":true,"href":"https:\/\/www.teritoria.com\/it\/wp-json\/wp\/v2\/categories?post=147137"},{"taxonomy":"post_tag","embeddable":true,"href":"https:\/\/www.teritoria.com\/it\/wp-json\/wp\/v2\/tags?post=147137"}],"curies":[{"name":"wp","href":"https:\/\/api.w.org\/{rel}","templated":true}]}}