{"id":147126,"date":"2025-06-19T12:08:24","date_gmt":"2025-06-19T10:08:24","guid":{"rendered":"https:\/\/www.teritoria.com\/la-route-des-fromages-dauvergne-teritoria\/"},"modified":"2025-06-24T16:28:40","modified_gmt":"2025-06-24T14:28:40","slug":"la-strada-dei-formaggi-dellalvernia-teritoria","status":"publish","type":"post","link":"https:\/\/www.teritoria.com\/it\/la-strada-dei-formaggi-dellalvernia-teritoria\/","title":{"rendered":"La Strada dei Formaggi dell&#8217;Alvernia"},"content":{"rendered":"\n<pre class=\"wp-block-verse\">Foto di copertina: Funivia sopra i paesaggi del Cantal \u00a9Shutterstock \/ jef77<\/pre>\n\n\n\n<p>Lungo la <strong>Strada dei Formaggi dell&#8217;Alvernia<\/strong> scoprirete cinque formaggi DOP: Cantal, Saint-Nectaire, Fourme d&#8217;Ambert, Bleu d&#8217;Auvergne e Salers. Ognuno porta con s\u00e9 garanzie di qualit\u00e0 e un profondo legame con il territorio. A differenza della<a href=\"https:\/\/www.teritoria.com\/route-vin-de-bordeaux\/\"> Strada dei Vini<\/a>, non esiste un itinerario fisso: Teritoria vi invita a esplorare queste eccellenze passando per le citt\u00e0 da cui prendono il nome.<\/p>\n\n\n\n<h2 class=\"wp-block-heading has-luminous-vivid-orange-color has-text-color has-link-color wp-elements-57a250a9932c88f4a4edf9e831372d12\"><strong>Saint-Nectaire <\/strong>\u00a0<\/h2>\n\n\n\n<p>Questo formaggio a pasta molle fatto con latte di vacca \u00e8 noto per la sua cremosit\u00e0 e il suo sapore unico. Inoltre, il <strong>savoir-faire <\/strong>di questo formaggio risale alla corte di Luigi XIV\u00b0.<\/p>\n\n\n<div class=\"wp-block-image\">\n<figure class=\"aligncenter size-full is-resized\"><img loading=\"lazy\" decoding=\"async\" width=\"1000\" height=\"667\" src=\"https:\/\/www.teritoria.com\/wp-content\/uploads\/2025\/06\/St-Nectaire-shutterstock_1335789479_page-frederique.jpg\" alt=\"la Strada dei Formaggi dell&#039;Alvernia\" class=\"wp-image-140630\" style=\"aspect-ratio:1;object-fit:cover;width:1450px\" title=\"\" srcset=\"https:\/\/www.teritoria.com\/wp-content\/uploads\/2025\/06\/St-Nectaire-shutterstock_1335789479_page-frederique.jpg 1000w, https:\/\/www.teritoria.com\/wp-content\/uploads\/2025\/06\/St-Nectaire-shutterstock_1335789479_page-frederique-300x200.jpg 300w, https:\/\/www.teritoria.com\/wp-content\/uploads\/2025\/06\/St-Nectaire-shutterstock_1335789479_page-frederique-768x512.jpg 768w\" sizes=\"auto, (max-width: 1000px) 100vw, 1000px\" \/><figcaption class=\"wp-element-caption\">Saint-Nectaire \u00a9Shutterstock \/ page frederique<\/figcaption><\/figure>\n<\/div>\n\n\n<p>Nascosta nella valle della Couze Chambon, esplorate la <strong>cittadina di Saint-Nectaire<\/strong>. Godetevi una passeggiata fino alla sua chiesa romanica, arroccata sul Mont Cornadore e considerata uno dei cinque edifici pi\u00f9 rappresentativi dell\u2019arte romanica in Alvernia. Ammirate la bellezza grezza delle sue pietre bianche d\u2019origine vulcanica: <strong>l\u2019Alvernia<\/strong>, antica terra di vulcani, conferisce a queste pietre millenarie un colore unico.<\/p>\n\n\n<div class=\"wp-block-image\">\n<figure class=\"aligncenter size-full is-resized\"><img loading=\"lazy\" decoding=\"async\" width=\"1000\" height=\"662\" src=\"https:\/\/www.teritoria.com\/wp-content\/uploads\/2025\/06\/village-de-Saint-Nectaire_shutterstock_1768252811_Alain-PITAULT.jpg\" alt=\"\" class=\"wp-image-140633\" style=\"aspect-ratio:1;object-fit:cover;width:1450px\" title=\"\" srcset=\"https:\/\/www.teritoria.com\/wp-content\/uploads\/2025\/06\/village-de-Saint-Nectaire_shutterstock_1768252811_Alain-PITAULT.jpg 1000w, https:\/\/www.teritoria.com\/wp-content\/uploads\/2025\/06\/village-de-Saint-Nectaire_shutterstock_1768252811_Alain-PITAULT-300x199.jpg 300w, https:\/\/www.teritoria.com\/wp-content\/uploads\/2025\/06\/village-de-Saint-Nectaire_shutterstock_1768252811_Alain-PITAULT-768x508.jpg 768w\" sizes=\"auto, (max-width: 1000px) 100vw, 1000px\" \/><figcaption class=\"wp-element-caption\">Borgo di Saint-Nectaire \u00a9Shutterstock \/ Alain PITAULT<\/figcaption><\/figure>\n<\/div>\n\n\n<p>L\u2019identit\u00e0 vulcanica unica di <strong>Saint-Nectaire<\/strong> si riflette nei suoi paesaggi: dall\u2019antica stazione termale lungo il torrente Couran\u00e7on alla palude salata e alla grotta delle acque pietrificate, che aggiunge fascino al luogo. La citt\u00e0 ha ricevuto una <strong>stella dalla Guida Michelin Viaggi e Cultura<\/strong>, che ne ha riconosciuto la qualit\u00e0 e l\u2019autenticit\u00e0, sia dal punto di vista naturale che artistico. Se visitate Saint-Nectaire, non perdetevi la <strong>Fontaine P\u00e9trifi\u00e9e<\/strong> (letteralmente fontana pietrificata): una meraviglia naturale nota per le sue sculture di calcite. L\u2019acqua della grotta, rarissima, ed \u00e8 celebrata in numerose opere d\u2019arte.<\/p>\n\n\n\n<div class=\"wp-block-group is-content-justification-center is-nowrap is-layout-flex wp-container-core-group-is-layout-94bc23d7 wp-block-group-is-layout-flex\">\n<figure class=\"wp-block-image size-full is-resized\"><img loading=\"lazy\" decoding=\"async\" width=\"1000\" height=\"665\" src=\"https:\/\/www.teritoria.com\/wp-content\/uploads\/2025\/06\/Fontaine-petrifiante-St-Nectaire_shutterstock_1532882117_Gilles-Paire.jpg\" alt=\"\" class=\"wp-image-140636\" style=\"aspect-ratio:1;object-fit:cover;width:1450px\" title=\"\" srcset=\"https:\/\/www.teritoria.com\/wp-content\/uploads\/2025\/06\/Fontaine-petrifiante-St-Nectaire_shutterstock_1532882117_Gilles-Paire.jpg 1000w, https:\/\/www.teritoria.com\/wp-content\/uploads\/2025\/06\/Fontaine-petrifiante-St-Nectaire_shutterstock_1532882117_Gilles-Paire-300x200.jpg 300w, https:\/\/www.teritoria.com\/wp-content\/uploads\/2025\/06\/Fontaine-petrifiante-St-Nectaire_shutterstock_1532882117_Gilles-Paire-768x511.jpg 768w\" sizes=\"auto, (max-width: 1000px) 100vw, 1000px\" \/><figcaption class=\"wp-element-caption\">fontaine p\u00e9trifiante, \u00e0 saint-nectaire \u00a9shutterstock \/ gilles paire<\/figcaption><\/figure>\n\n\n\n<figure class=\"wp-block-image size-full is-resized\"><img loading=\"lazy\" decoding=\"async\" width=\"665\" height=\"1000\" src=\"https:\/\/www.teritoria.com\/wp-content\/uploads\/2025\/06\/oeuvre-de-la-fontaine-petrifiante-St-Nectaire_shutterstock_1532883941_Gilles-Paire.jpg\" alt=\"\" class=\"wp-image-140639\" style=\"aspect-ratio:1;object-fit:cover;width:1450px\" title=\"\" srcset=\"https:\/\/www.teritoria.com\/wp-content\/uploads\/2025\/06\/oeuvre-de-la-fontaine-petrifiante-St-Nectaire_shutterstock_1532883941_Gilles-Paire.jpg 665w, https:\/\/www.teritoria.com\/wp-content\/uploads\/2025\/06\/oeuvre-de-la-fontaine-petrifiante-St-Nectaire_shutterstock_1532883941_Gilles-Paire-200x300.jpg 200w\" sizes=\"auto, (max-width: 665px) 100vw, 665px\" \/><figcaption class=\"wp-element-caption\">gioiello in calcite realizzato con la fontaine p\u00e9trifiante \u00a9shutterstock \/ gilles paire<\/figcaption><\/figure>\n\n\n\n<p><\/p>\n<\/div>\n\n\n\n<p>A due passi da Saint-Nectaire si trova<strong> Freydefont-Saint-Nectaire<\/strong> con il suo allevamento di mucche da latte. Scoprite insieme agli allevatori <strong>appassionati<\/strong> la lavorazione del formaggio Saint-Nectaire, dalla mungitura (alle 18:00 dal luned\u00ec al sabato) fino alla fermentazione lattica (al mattino, a partire dalle 10:30).<\/p>\n\n\n\n<h2 class=\"wp-block-heading has-luminous-vivid-orange-color has-text-color has-link-color wp-elements-c44d9c21de8fba90df6d360e1b11f713\"><strong>Fourme d&#8217;Ambert<\/strong><\/h2>\n\n\n\n<p>&#8220;Fourme&#8221; \u00e8 una parola che forse vi suona familiare\u2026 ma sapete cosa significa? Deriva dall\u2019<strong>antico francese<\/strong> e indicava originariamente il contenitore usato per modellare il formaggio, da cui il verbo \u201cformare\u201d. Con il tempo, il termine ha iniziato a designare il prodotto stesso: \u201cfourmage\u201d \u00e8 diventato \u201cfromage\u201d. Solo la <strong>Fourme d\u2019Ambert<\/strong> ha conservato questo legame con il passato, un tratto distintivo di questo formaggio, prodotto con muffa di pane di segale.<\/p>\n\n\n<div class=\"wp-block-image\">\n<figure class=\"aligncenter size-full is-resized\"><img loading=\"lazy\" decoding=\"async\" width=\"1000\" height=\"685\" src=\"https:\/\/www.teritoria.com\/wp-content\/uploads\/2025\/06\/Fourme-dAmbert_shutterstock_2598574323_Ermak-Oksana.jpg\" alt=\"la Strada dei Formaggi dell&#039;Alvernia\" class=\"wp-image-140625\" style=\"aspect-ratio:1;object-fit:cover;width:1450px\" title=\"\" srcset=\"https:\/\/www.teritoria.com\/wp-content\/uploads\/2025\/06\/Fourme-dAmbert_shutterstock_2598574323_Ermak-Oksana.jpg 1000w, https:\/\/www.teritoria.com\/wp-content\/uploads\/2025\/06\/Fourme-dAmbert_shutterstock_2598574323_Ermak-Oksana-300x206.jpg 300w, https:\/\/www.teritoria.com\/wp-content\/uploads\/2025\/06\/Fourme-dAmbert_shutterstock_2598574323_Ermak-Oksana-768x526.jpg 768w\" sizes=\"auto, (max-width: 1000px) 100vw, 1000px\" \/><figcaption class=\"wp-element-caption\">Fourme d&#8217;Ambert \u00a9Shutterstock \/ Ermak Oksana<\/figcaption><\/figure>\n<\/div>\n\n\n<p><strong>Ambert<\/strong>, riconosciuta come citt\u00e0 <a href=\"https:\/\/www.teritoria.com\/itineraire-velo-en-europe\/\">ciclabile<\/a>, si trova nella pianura omonima, circondata dai monti del Forez e del Livradois. Inizialmente nota per la qualit\u00e0 della carta utilizzata nelle prime edizioni dell&#8217;Enciclopedia del 1751, la citt\u00e0 offre numerose bellezze architettoniche da scoprire: la chiesa gotica di Saint-Jean, il Dolmen di Boisseyre, entrambi classificati come<strong> Monumenti Storici<\/strong>, e il <strong>singolare <\/strong>municipio di Ambert, che sorprende per la sua forma circolare, tanto particolare da essere paragonata a quella del celebre formaggio locale.<\/p>\n\n\n\n<div class=\"wp-block-group is-content-justification-center is-nowrap is-layout-flex wp-container-core-group-is-layout-94bc23d7 wp-block-group-is-layout-flex\">\n<figure class=\"wp-block-image size-full is-resized\"><img loading=\"lazy\" decoding=\"async\" width=\"1000\" height=\"667\" src=\"https:\/\/www.teritoria.com\/wp-content\/uploads\/2025\/06\/Ambert_shutterstock_2446874207_EBASCOL.jpg\" alt=\"\" class=\"wp-image-140643\" style=\"aspect-ratio:1;object-fit:cover;width:1450px\" title=\"\" srcset=\"https:\/\/www.teritoria.com\/wp-content\/uploads\/2025\/06\/Ambert_shutterstock_2446874207_EBASCOL.jpg 1000w, https:\/\/www.teritoria.com\/wp-content\/uploads\/2025\/06\/Ambert_shutterstock_2446874207_EBASCOL-300x200.jpg 300w, https:\/\/www.teritoria.com\/wp-content\/uploads\/2025\/06\/Ambert_shutterstock_2446874207_EBASCOL-768x512.jpg 768w\" sizes=\"auto, (max-width: 1000px) 100vw, 1000px\" \/><figcaption class=\"wp-element-caption\">village d&#8217;ambert \u00a9shutterstock \/ ebascol<\/figcaption><\/figure>\n\n\n\n<figure class=\"wp-block-image size-full is-resized\"><img loading=\"lazy\" decoding=\"async\" width=\"1000\" height=\"667\" src=\"https:\/\/www.teritoria.com\/wp-content\/uploads\/2025\/06\/Hotel-de-ville-dAmbert_shutterstock_2446880507_EBASCOL.jpg\" alt=\"\" class=\"wp-image-140646\" style=\"aspect-ratio:1;object-fit:cover;width:1450px\" title=\"\" srcset=\"https:\/\/www.teritoria.com\/wp-content\/uploads\/2025\/06\/Hotel-de-ville-dAmbert_shutterstock_2446880507_EBASCOL.jpg 1000w, https:\/\/www.teritoria.com\/wp-content\/uploads\/2025\/06\/Hotel-de-ville-dAmbert_shutterstock_2446880507_EBASCOL-300x200.jpg 300w, https:\/\/www.teritoria.com\/wp-content\/uploads\/2025\/06\/Hotel-de-ville-dAmbert_shutterstock_2446880507_EBASCOL-768x512.jpg 768w\" sizes=\"auto, (max-width: 1000px) 100vw, 1000px\" \/><figcaption class=\"wp-element-caption\">municipio di ambert \u00a9shutterstock \/ ebascol<\/figcaption><\/figure>\n<\/div>\n\n\n\n<p>Nel cuore della citt\u00e0, la <strong>Maison de la Fourme d\u2019Ambert<\/strong>, attiva dal XIV\u00b0 secolo e aperta dal marted\u00ec al sabato, accoglie tutti coloro che desiderano scoprire la storia del celebre formaggio e comprenderne le fasi di lavorazione. Dopo una buona degustazione in cantina, partite alla scoperta delle jasseries: le antiche capanne in legno e granito con tetti di tegole curve, che raccontano la vita dei contadini durante l\u2019alpeggio estivo. Assaporate i sapori dolci e salati dei <strong>formaggi DOP dell\u2019Alvernia<\/strong> e assistete alla loro produzione: dalla cagliatura alla degustazione del formaggio fresco, passando per la visita alla latteria con la zangola.<\/p>\n\n\n\n<h2 class=\"wp-block-heading has-luminous-vivid-orange-color has-text-color has-link-color wp-elements-323d720e2f56298d6d4435a4262a2ba4\"><strong>Bleu d\u2019Auvergne <\/strong>\u00a0<\/h2>\n\n\n\n<p>Tra le tappe imperdibili lungo la <strong>Strada dei Formaggi dell&#8217;Alvernia<\/strong>, c\u2019\u00e8 il Bleu d\u2019Auvergne, un formaggio a latte crudo con muffa di pane di segale: ha una pasta color avorio, venata di blu-verde, e un profumo delicatamente floreale.<\/p>\n\n\n<div class=\"wp-block-image\">\n<figure class=\"aligncenter size-full is-resized\"><img loading=\"lazy\" decoding=\"async\" width=\"1000\" height=\"664\" src=\"https:\/\/www.teritoria.com\/wp-content\/uploads\/2025\/06\/Bleu-dAuvergne_shutterstock_2068029539_RVillalon.jpg\" alt=\"la Strada dei Formaggi dell&#039;Alvernia\" class=\"wp-image-140649\" style=\"aspect-ratio:1;object-fit:cover;width:1450px\" title=\"\" srcset=\"https:\/\/www.teritoria.com\/wp-content\/uploads\/2025\/06\/Bleu-dAuvergne_shutterstock_2068029539_RVillalon.jpg 1000w, https:\/\/www.teritoria.com\/wp-content\/uploads\/2025\/06\/Bleu-dAuvergne_shutterstock_2068029539_RVillalon-300x199.jpg 300w, https:\/\/www.teritoria.com\/wp-content\/uploads\/2025\/06\/Bleu-dAuvergne_shutterstock_2068029539_RVillalon-768x510.jpg 768w\" sizes=\"auto, (max-width: 1000px) 100vw, 1000px\" \/><figcaption class=\"wp-element-caption\">Bleu d&#8217;Auvergne \u00a9Shutterstock \/ RVillalon<\/figcaption><\/figure>\n<\/div>\n\n\n<p>Il formaggio nasce nella<strong> cittadina di Laqueuille<\/strong>, a 1.050 metri di altitudine, nel cuore del Parco Naturale dei Vulcani dell&#8217;Alvernia. Nessun altro villaggio della zona si trova pi\u00f9 in alto! Il piccolo paese di 500 abitanti si chiamava un tempo \u201cLa Colha\u201d, che nel dialetto pirenaico significa \u201cla capanna del pastore\u201d. \u00c8 su questo antico sperone roccioso che il celebre <strong>Bleu d\u2019Auvergne<\/strong> viene stagionato per almeno 28 giorni, in cantine dove la regolare foratura favorisce lo sviluppo del Penicillium roqueforti. La sua storia \u00e8 raccontata nel Museo di Laqueuille, tra mostre immersive, curiosit\u00e0 storiche e racconti di banditismo.<\/p>\n\n\n<div class=\"wp-block-image\">\n<figure class=\"aligncenter size-full is-resized\"><img loading=\"lazy\" decoding=\"async\" width=\"1000\" height=\"667\" src=\"https:\/\/www.teritoria.com\/wp-content\/uploads\/2025\/06\/Cascade-du-Trador-Laqueille_shutterstock_2494885447_Tommy-Larey.jpg\" alt=\"\" class=\"wp-image-140652\" style=\"aspect-ratio:1;object-fit:cover;width:1450px\" title=\"\" srcset=\"https:\/\/www.teritoria.com\/wp-content\/uploads\/2025\/06\/Cascade-du-Trador-Laqueille_shutterstock_2494885447_Tommy-Larey.jpg 1000w, https:\/\/www.teritoria.com\/wp-content\/uploads\/2025\/06\/Cascade-du-Trador-Laqueille_shutterstock_2494885447_Tommy-Larey-300x200.jpg 300w, https:\/\/www.teritoria.com\/wp-content\/uploads\/2025\/06\/Cascade-du-Trador-Laqueille_shutterstock_2494885447_Tommy-Larey-768x512.jpg 768w\" sizes=\"auto, (max-width: 1000px) 100vw, 1000px\" \/><figcaption class=\"wp-element-caption\">Cascata del Trador, a Laqueuille \u00a9Shutterstock \/ Tommy Larey<\/figcaption><\/figure>\n<\/div>\n\n\n<p>Attraversando il piccolo<strong> borgo ricco di autenticit\u00e0<\/strong>, lasciatevi conquistare dai Monts Dore con un\u2019escursione verso La Banne o la Cascade du Trador. Risalendo il villaggio di Trador, una faglia geologica rivela una cascata naturale, formata da un\u2019antica colata lavica raffreddata. Le sue fessure hanno dato origine a colonne poligonali note come \u201corgani\u201d.<\/p>\n\n\n\n<h2 class=\"wp-block-heading has-luminous-vivid-orange-color has-text-color has-link-color wp-elements-753c72a8aa688ff2d9d1060d6f3ce984\"><strong>Le Salers <\/strong>&nbsp;<\/h2>\n\n\n\n<p>Il Salers, che dal 1961 fa parte del marchio <strong>AOP d&#8217;Auvergne<\/strong>, \u00e8 fatto con latte crudo di fattoria e stagionato per sette mesi in un contenitore di legno. Da aprile a settembre, le mucche rosse si nutrono dei prati verdi e producono un latte unico.<\/p>\n\n\n\n<div class=\"wp-block-group is-content-justification-center is-nowrap is-layout-flex wp-container-core-group-is-layout-94bc23d7 wp-block-group-is-layout-flex\">\n<figure class=\"wp-block-image size-full is-resized\"><img loading=\"lazy\" decoding=\"async\" width=\"1000\" height=\"701\" src=\"https:\/\/www.teritoria.com\/wp-content\/uploads\/2025\/06\/Salers_shutterstock_83899735_foodpictures-1.jpg\" alt=\"la Strada dei Formaggi dell&#039;Alvernia\" class=\"wp-image-140658\" style=\"aspect-ratio:1;object-fit:cover;width:1450px\" title=\"\" srcset=\"https:\/\/www.teritoria.com\/wp-content\/uploads\/2025\/06\/Salers_shutterstock_83899735_foodpictures-1.jpg 1000w, https:\/\/www.teritoria.com\/wp-content\/uploads\/2025\/06\/Salers_shutterstock_83899735_foodpictures-1-300x210.jpg 300w, https:\/\/www.teritoria.com\/wp-content\/uploads\/2025\/06\/Salers_shutterstock_83899735_foodpictures-1-768x538.jpg 768w\" sizes=\"auto, (max-width: 1000px) 100vw, 1000px\" \/><figcaption class=\"wp-element-caption\">salers \u00a9shutterstock \/ foodpictures<\/figcaption><\/figure>\n\n\n\n<figure class=\"wp-block-image size-full is-resized\"><img loading=\"lazy\" decoding=\"async\" width=\"1000\" height=\"662\" src=\"https:\/\/www.teritoria.com\/wp-content\/uploads\/2025\/06\/vache-rouge-dauvergne_shutterstock_1365954020_Fabien-Monteil.jpg\" alt=\"\" class=\"wp-image-140661\" style=\"aspect-ratio:1;object-fit:cover;width:1450px\" title=\"\" srcset=\"https:\/\/www.teritoria.com\/wp-content\/uploads\/2025\/06\/vache-rouge-dauvergne_shutterstock_1365954020_Fabien-Monteil.jpg 1000w, https:\/\/www.teritoria.com\/wp-content\/uploads\/2025\/06\/vache-rouge-dauvergne_shutterstock_1365954020_Fabien-Monteil-300x199.jpg 300w, https:\/\/www.teritoria.com\/wp-content\/uploads\/2025\/06\/vache-rouge-dauvergne_shutterstock_1365954020_Fabien-Monteil-768x508.jpg 768w\" sizes=\"auto, (max-width: 1000px) 100vw, 1000px\" \/><figcaption class=\"wp-element-caption\">mucca dell&#8217;alvernia \u00a9shutterstock \/ fabien monteil<\/figcaption><\/figure>\n\n\n\n<p><\/p>\n<\/div>\n\n\n\n<p>Una produzione vivace e colorata, proprio come la <strong>cittadina di Salers<\/strong>. Situata a 950 metri di altitudine, sui Monti del Cantal, questa piccola citt\u00e0 medievale \u00e8 stata inserita tra i \u201cSites Remarquables du Go\u00fbt\u201d, i Luoghi del Gusto. Qui potete visitare la chiesa di Saint-Mathieu e gli antichi quartieri borghesi, costruiti in pietra vulcanica e coperti da tegole d\u2019ardesia. I pi\u00f9 sportivi apprezzeranno il percorso \u201cLa Pastourelle\u201d, ideale per esplorare i panorami mozzafiato del Cantal in mountain bike o a piedi durante un&#8217;<a href=\"https:\/\/www.teritoria.com\/randonnee-en-haute-alpes\/\">escursione<\/a>.<\/p>\n\n\n\n<div class=\"wp-block-group is-content-justification-center is-nowrap is-layout-flex wp-container-core-group-is-layout-94bc23d7 wp-block-group-is-layout-flex\">\n<figure class=\"wp-block-image size-full is-resized\"><img loading=\"lazy\" decoding=\"async\" width=\"1000\" height=\"666\" src=\"https:\/\/www.teritoria.com\/wp-content\/uploads\/2025\/06\/Rue-de-Salers_shutterstock_1485693503_mehdi33300.jpg\" alt=\"\" class=\"wp-image-140671\" style=\"aspect-ratio:1;object-fit:cover;width:1450px\" title=\"\" srcset=\"https:\/\/www.teritoria.com\/wp-content\/uploads\/2025\/06\/Rue-de-Salers_shutterstock_1485693503_mehdi33300.jpg 1000w, https:\/\/www.teritoria.com\/wp-content\/uploads\/2025\/06\/Rue-de-Salers_shutterstock_1485693503_mehdi33300-300x200.jpg 300w, https:\/\/www.teritoria.com\/wp-content\/uploads\/2025\/06\/Rue-de-Salers_shutterstock_1485693503_mehdi33300-768x511.jpg 768w\" sizes=\"auto, (max-width: 1000px) 100vw, 1000px\" \/><figcaption class=\"wp-element-caption\">village authentique, salers \u00a9shutterstock \/ mehdi33300<\/figcaption><\/figure>\n\n\n\n<figure class=\"wp-block-image size-full is-resized\"><img loading=\"lazy\" decoding=\"async\" width=\"1000\" height=\"659\" src=\"https:\/\/www.teritoria.com\/wp-content\/uploads\/2025\/06\/Ville-de-Salers_shutterstock_1485693341_mehdi33300.jpg\" alt=\"\" class=\"wp-image-140668\" style=\"aspect-ratio:1;object-fit:cover;width:1450px\" title=\"\" srcset=\"https:\/\/www.teritoria.com\/wp-content\/uploads\/2025\/06\/Ville-de-Salers_shutterstock_1485693341_mehdi33300.jpg 1000w, https:\/\/www.teritoria.com\/wp-content\/uploads\/2025\/06\/Ville-de-Salers_shutterstock_1485693341_mehdi33300-300x198.jpg 300w, https:\/\/www.teritoria.com\/wp-content\/uploads\/2025\/06\/Ville-de-Salers_shutterstock_1485693341_mehdi33300-768x506.jpg 768w\" sizes=\"auto, (max-width: 1000px) 100vw, 1000px\" \/><figcaption class=\"wp-element-caption\">strada della cittadina di salers \u00a9shutterstock \/ mehdi33300<\/figcaption><\/figure>\n\n\n\n<p><\/p>\n<\/div>\n\n\n\n<p>A pochi chilometri dal borgo di Salers, la fattoria \u201cLes Burons de Salers\u201d offre l\u2019occasione di <strong>scoprire la storia<\/strong> del celebre formaggio, della genziana e della specialit\u00e0 locale: la truffade.<\/p>\n\n\n\n<h2 class=\"wp-block-heading has-luminous-vivid-orange-color has-text-color has-link-color wp-elements-49fa58b5e0612e51269e654f31e7e6ad\"><strong>Le Cantal <\/strong>&nbsp;<\/h2>\n\n\n\n<p>Ultimo, ma non per importanza, sulla <strong>Strada dei Formaggi dell&#8217;Alvernia<\/strong>: il <strong>Cantal<\/strong>. Il suo nome deriva dall\u2019antico termine gallico-celtico \u201cCantalo\u201d, che significa \u201cfrontiere\u201d. Questo dipartimento montuoso e poco popolato offre una bellezza selvaggia da scoprire tra paesaggi e climi diversi: vallate verdi, ghiacciai, grandi dighe, laghi e formaggi DOP.<\/p>\n\n\n\n<div class=\"wp-block-columns is-layout-flex wp-container-core-columns-is-layout-9d6595d7 wp-block-columns-is-layout-flex\">\n<div class=\"wp-block-column is-layout-flow wp-block-column-is-layout-flow\"><div class=\"wp-block-image\">\n<figure class=\"aligncenter size-full is-resized\"><img loading=\"lazy\" decoding=\"async\" width=\"1000\" height=\"665\" src=\"https:\/\/www.teritoria.com\/wp-content\/uploads\/2025\/06\/paysage-de-montagne-du-Cantal_shutterstock_2165917315_Michel-PERES.jpg\" alt=\"\" class=\"wp-image-140677\" style=\"aspect-ratio:1;object-fit:cover;width:1450px\" title=\"\" srcset=\"https:\/\/www.teritoria.com\/wp-content\/uploads\/2025\/06\/paysage-de-montagne-du-Cantal_shutterstock_2165917315_Michel-PERES.jpg 1000w, https:\/\/www.teritoria.com\/wp-content\/uploads\/2025\/06\/paysage-de-montagne-du-Cantal_shutterstock_2165917315_Michel-PERES-300x200.jpg 300w, https:\/\/www.teritoria.com\/wp-content\/uploads\/2025\/06\/paysage-de-montagne-du-Cantal_shutterstock_2165917315_Michel-PERES-768x511.jpg 768w\" sizes=\"auto, (max-width: 1000px) 100vw, 1000px\" \/><figcaption class=\"wp-element-caption\">Paesaggio montuoso, Cantal \u00a9Shutterstock \/ Michel PERES<\/figcaption><\/figure>\n<\/div><\/div>\n<\/div>\n\n\n\n<p>Il Cantal \u00e8 il formaggio pi\u00f9 antico della regione, con quasi 2000 anni di storia. Il suo <strong>sapore unico<\/strong> nasce dai pascoli dell\u2019omonimo dipartimento e da una lavorazione che prevede oltre 30 ore di stagionatura in cantina.<\/p>\n\n\n<div class=\"wp-block-image\">\n<figure class=\"aligncenter size-full is-resized\"><img loading=\"lazy\" decoding=\"async\" width=\"1000\" height=\"667\" src=\"https:\/\/www.teritoria.com\/wp-content\/uploads\/2025\/06\/Cantal_shutterstock_2343193371_barmalini.jpg\" alt=\"la Strada dei Formaggi dell&#039;Alvernia\" class=\"wp-image-140681\" style=\"aspect-ratio:1;object-fit:cover;width:1450px\" title=\"\" srcset=\"https:\/\/www.teritoria.com\/wp-content\/uploads\/2025\/06\/Cantal_shutterstock_2343193371_barmalini.jpg 1000w, https:\/\/www.teritoria.com\/wp-content\/uploads\/2025\/06\/Cantal_shutterstock_2343193371_barmalini-300x200.jpg 300w, https:\/\/www.teritoria.com\/wp-content\/uploads\/2025\/06\/Cantal_shutterstock_2343193371_barmalini-768x512.jpg 768w\" sizes=\"auto, (max-width: 1000px) 100vw, 1000px\" \/><figcaption class=\"wp-element-caption\">Cantal \u00a9Shutterstock \/ barmalini<\/figcaption><\/figure>\n<\/div>\n\n\n<p>Ecco perch\u00e9 esistono diversi tipi di Cantal, a seconda del tempo di stagionatura: quello giovane ha meno di due mesi, quello maturo supera i sei. Pi\u00f9 a lungo stagiona, pi\u00f9 intenso diventa il suo sapore.<\/p>\n\n\n\n<p><\/p>\n\n\n\n<p>Ora non c&#8217;\u00e8 pi\u00f9 bisogno di cercare i panelli marroni che indicano i numerosi itinerari verso <strong>la Strada dei Formaggi dell&#8217;Alvernia<\/strong>. Per incontrare i produttori e apprezzare il loro savoir-faire, avete tutte le chiavi in mano. Per scoprire altri itinerari alla scoperta del territorio e delle<strong> nostre regioni<\/strong>, iscrivetevi alla nostra <a href=\"https:\/\/share-eu1.hsforms.com\/1Djr2uzE4Q8mjQLtOL5WiNgf7vkn\" rel=\"nofollow noopener\" target=\"_blank\">newsletter<\/a>. Prolungate il piacere: regalate una fuga golosa con le nostre<a href=\"https:\/\/www.teritoria.com\/it\/boutique\/idee-regalo\/tutte-le-idee-regalo\/\"> carte e i cofanetti regalo<\/a>, validi in tutte le nostre strutture in Alvernia e non solo. Un\u2019idea perfetta per chi ama il territorio. Entrate nel nostro <a href=\"https:\/\/www.teritoria.com\/it\/programma-fedelta-teritoria\/\">programma fedelt\u00e0<\/a> e accumulate vantaggi a ogni tappa del vostro viaggio, per soggiorni sempre pi\u00f9 autentici.<\/p>\n\n\n\n<p><\/p>\n\n\n\n<pre class=\"wp-block-verse\">Di \u00c9milie\u00a0FALLOT NGUYEN \u00a0<\/pre>\n\n\n\n<p><\/p>\n\n\n\n<p><\/p>\n","protected":false},"excerpt":{"rendered":"<p>Teritoria vi accompagna alla scoperta del territorio con la Strada dei Formaggi dell&#8217;Alvernia. Sapete cosa si nasconde dietro questo itinerario?<\/p>\n","protected":false},"author":16,"featured_media":140691,"comment_status":"closed","ping_status":"closed","sticky":false,"template":"","format":"standard","meta":{"_acf_changed":false,"footnotes":""},"categories":[23,707],"tags":[3940],"class_list":["post-147126","post","type-post","status-publish","format-standard","has-post-thumbnail","hentry","category-tutti-i-nostri-articoli","category-diari-di-viaggio","tag-voyage-responsable-it"],"acf":[],"_links":{"self":[{"href":"https:\/\/www.teritoria.com\/it\/wp-json\/wp\/v2\/posts\/147126","targetHints":{"allow":["GET"]}}],"collection":[{"href":"https:\/\/www.teritoria.com\/it\/wp-json\/wp\/v2\/posts"}],"about":[{"href":"https:\/\/www.teritoria.com\/it\/wp-json\/wp\/v2\/types\/post"}],"author":[{"embeddable":true,"href":"https:\/\/www.teritoria.com\/it\/wp-json\/wp\/v2\/users\/16"}],"replies":[{"embeddable":true,"href":"https:\/\/www.teritoria.com\/it\/wp-json\/wp\/v2\/comments?post=147126"}],"version-history":[{"count":2,"href":"https:\/\/www.teritoria.com\/it\/wp-json\/wp\/v2\/posts\/147126\/revisions"}],"predecessor-version":[{"id":147136,"href":"https:\/\/www.teritoria.com\/it\/wp-json\/wp\/v2\/posts\/147126\/revisions\/147136"}],"wp:featuredmedia":[{"embeddable":true,"href":"https:\/\/www.teritoria.com\/it\/wp-json\/wp\/v2\/media\/140691"}],"wp:attachment":[{"href":"https:\/\/www.teritoria.com\/it\/wp-json\/wp\/v2\/media?parent=147126"}],"wp:term":[{"taxonomy":"category","embeddable":true,"href":"https:\/\/www.teritoria.com\/it\/wp-json\/wp\/v2\/categories?post=147126"},{"taxonomy":"post_tag","embeddable":true,"href":"https:\/\/www.teritoria.com\/it\/wp-json\/wp\/v2\/tags?post=147126"}],"curies":[{"name":"wp","href":"https:\/\/api.w.org\/{rel}","templated":true}]}}