{"id":139937,"date":"2025-03-13T14:15:55","date_gmt":"2025-03-13T13:15:55","guid":{"rendered":"https:\/\/www.teritoria.com\/decouverte-patrimoine-albi\/"},"modified":"2025-07-23T17:48:52","modified_gmt":"2025-07-23T15:48:52","slug":"scopri-il-patrimonio-di-albi","status":"publish","type":"post","link":"https:\/\/www.teritoria.com\/it\/scopri-il-patrimonio-di-albi\/","title":{"rendered":"Albi: citt\u00e0 d\u2019eccezione tra storia e patrimonio"},"content":{"rendered":"\n<pre class=\"wp-block-verse\">Foto di copertina: \u00a9 CRTL Occitanie \/ Buscandoalsol<\/pre>\n\n\n\n<p>Nel cuore del Tarn,<strong> in Occitania<\/strong>, <strong>Albi<\/strong> \u00e8 una citt\u00e0 dal <strong>patrimonio unico<\/strong> e dall\u2019atmosfera senza tempo. Classificata <strong>patrimonio mondiale dell\u2019UNESCO<\/strong>, la \u201ccitt\u00e0 rossa\u201d deve il suo soprannome ai mattoni di terracotta che ne caratterizzano l\u2019architettura, creando un\u2019armonia visiva sorprendente. Dalla maestosa cattedrale di <strong>Santa Cecilia<\/strong> alle tranquille rive del Tarn, passando per i vicoli medievali e i tesori artistici del<strong> Palais de la Berbie<\/strong> ( Palazzo episcopale) , Albi racconta una storia ricca e svela un\u2019anima vibrante. Scoprite il nostro itinerario e preparatevi a immergervi nel cuore di una citt\u00e0 straordinaria.<\/p>\n\n\n\n<h2 class=\"wp-block-heading has-luminous-vivid-orange-color has-text-color has-link-color wp-elements-5ef601c04a8ec10bcdd7c2169b8d5ae0\">Albi: una citt\u00e0 episcopale patrimonio dell&#8217;UNESCO<\/h2>\n\n\n\n<p>Il riconoscimento di Albi come patrimonio mondiale si deve al centro storico, testimonianza ben conservata di un <strong>passato medievale<\/strong>. La citt\u00e0 si \u00e8 sviluppata intorno all\u2019imponente cattedrale e al palazzo episcopale, in un perfetto equilibrio tra forza difensiva e raffinatezza architettonica.<\/p>\n\n\n<div class=\"wp-block-image\">\n<figure class=\"aligncenter size-large is-resized\"><img loading=\"lazy\" decoding=\"async\" width=\"1024\" height=\"801\" src=\"https:\/\/www.teritoria.com\/wp-content\/uploads\/2025\/03\/Dominique_VIET_CRTLOccitanie_0000018_MD-1024x801.jpg\" alt=\"Albi\" class=\"wp-image-133283\" style=\"aspect-ratio:1;object-fit:cover;width:1450px\" title=\"\" srcset=\"https:\/\/www.teritoria.com\/wp-content\/uploads\/2025\/03\/Dominique_VIET_CRTLOccitanie_0000018_MD-1024x801.jpg 1024w, https:\/\/www.teritoria.com\/wp-content\/uploads\/2025\/03\/Dominique_VIET_CRTLOccitanie_0000018_MD-300x235.jpg 300w, https:\/\/www.teritoria.com\/wp-content\/uploads\/2025\/03\/Dominique_VIET_CRTLOccitanie_0000018_MD-768x601.jpg 768w, https:\/\/www.teritoria.com\/wp-content\/uploads\/2025\/03\/Dominique_VIET_CRTLOccitanie_0000018_MD-1536x1202.jpg 1536w, https:\/\/www.teritoria.com\/wp-content\/uploads\/2025\/03\/Dominique_VIET_CRTLOccitanie_0000018_MD-2048x1603.jpg 2048w\" sizes=\"auto, (max-width: 1024px) 100vw, 1024px\" \/><figcaption class=\"wp-element-caption\">Citt\u00e0 episcopale di Albi \u00a9 CRTL Occitania \/ Dominique VIET<\/figcaption><\/figure>\n<\/div>\n\n\n<p>La citt\u00e0 episcopale si estende su <strong>19 ettari<\/strong> e comprende <strong>quattro monumenti emblematici<\/strong>. Ciascuno di questi luoghi racconta l\u2019evoluzione di Albi nel corso dei secoli, tra influenze gotiche, vestigia medievali e innovazioni artistiche.<\/p>\n\n\n\n<h2 class=\"wp-block-heading has-luminous-vivid-orange-color has-text-color has-link-color wp-elements-9902cd4e13ec2d66cefd094f03798be6\">La Cattedrale di Santa Cecilia: il capolavoro del gotico meridionale di Albi<\/h2>\n\n\n\n<p>\u00c8 impossibile parlare di<strong> Albi<\/strong> senza citare la <strong>cattedrale di Santa Cecilia<\/strong>, una vera e propria fortezza in mattoni che domina la citt\u00e0. Costruita a partire dal <strong>1282<\/strong> per affermare il potere della Chiesa contro i Catari, \u00e8 un esempio unico di <strong>architettura gotica meridionale<\/strong>. Dietro l\u2019aspetto austero, l\u2019interno svela una straordinaria ricchezza decorativa e ospita il pi\u00f9 grande affresco del Giudizio Universale al mondo. Un autentico tesoro d\u2019arte e di storia, imperdibile durante la visita ad Albi.<\/p>\n\n\n<div class=\"wp-block-image\">\n<figure class=\"aligncenter size-large is-resized\"><img loading=\"lazy\" decoding=\"async\" width=\"1024\" height=\"576\" src=\"https:\/\/www.teritoria.com\/wp-content\/uploads\/2025\/03\/Viajandoconmami_CRTLOccitanie_0050578_MD-1024x576.jpg\" alt=\"Albi\" class=\"wp-image-133262\" style=\"aspect-ratio:1;object-fit:cover;width:1450px;height:auto\" title=\"\" srcset=\"https:\/\/www.teritoria.com\/wp-content\/uploads\/2025\/03\/Viajandoconmami_CRTLOccitanie_0050578_MD-1024x576.jpg 1024w, https:\/\/www.teritoria.com\/wp-content\/uploads\/2025\/03\/Viajandoconmami_CRTLOccitanie_0050578_MD-300x169.jpg 300w, https:\/\/www.teritoria.com\/wp-content\/uploads\/2025\/03\/Viajandoconmami_CRTLOccitanie_0050578_MD-768x432.jpg 768w, https:\/\/www.teritoria.com\/wp-content\/uploads\/2025\/03\/Viajandoconmami_CRTLOccitanie_0050578_MD-1536x864.jpg 1536w, https:\/\/www.teritoria.com\/wp-content\/uploads\/2025\/03\/Viajandoconmami_CRTLOccitanie_0050578_MD-2048x1152.jpg 2048w\" sizes=\"auto, (max-width: 1024px) 100vw, 1024px\" \/><figcaption class=\"wp-element-caption\">Cattedrale di Santa Cecilia, ad Albi \u00a9 CRTL Occitania \/ Viajandoconmami<\/figcaption><\/figure>\n<\/div>\n\n\n<p>Un&#8217; altra curiosit\u00e0: dal 1988, una coppia di falchi pellegrini nidifica ogni anno nel campanile della cattedrale. Un sorprendente omaggio alla natura, nel cuore della citt\u00e0 medievale.<\/p>\n\n\n\n<p><\/p>\n\n\n\n<h2 class=\"wp-block-heading has-luminous-vivid-orange-color has-text-color has-link-color wp-elements-29beb8ff5351a98203a9946585d455f1\">La Mappa Mundi: un tesoro cartografico inestimabile<\/h2>\n\n\n\n<p>Custodita con cura nella mediateca di Albi, la <strong>Mappa Mundi<\/strong>, risalente all\u2019VIII\u00b0 secolo, \u00e8 tra le pi\u00f9 antiche rappresentazioni conosciute del mondo. Inserita nel registro della <strong>Memoria del Mondo dell\u2019UNESCO<\/strong> nel 2015, questa rarissima mappa offre una testimonianza preziosa della <strong>visione medievale del globo<\/strong>, ben prima delle grandi scoperte geografiche.<\/p>\n\n\n\n<p>Anche se l\u2019originale \u00e8 riservato ai ricercatori, una copia \u00e8 esposta nel <strong>Tesoro della Cattedrale di Santa Cecilia<\/strong>, dove tutti possono ammirare questo straordinario pezzo di storia medievale.<\/p>\n\n\n\n<h2 class=\"wp-block-heading has-luminous-vivid-orange-color has-text-color has-link-color wp-elements-67c1cb073c4bf51e661c54fc582c638f\">Il Palais de la Berbie: tra fortezza e museo d&#8217;eccezione&nbsp;<\/h2>\n\n\n\n<p>Il <strong>Palais de la Berbie<\/strong>, un altro gioiello del centro storico, \u00e8 stato costruito nel <strong>XIII\u00b0 secolo<\/strong> come una fortezza militare, per poi essere trasformato. Oggi ospita il <strong>Museo Toulouse-Lautrec<\/strong>, dedicato all&#8217;artista di Albi, noto per i suoi manifesti e dipinti che immortalano la vita parigina della Belle \u00c9poque.&nbsp;<\/p>\n\n\n<div class=\"wp-block-image\">\n<figure class=\"aligncenter size-large is-resized\"><img loading=\"lazy\" decoding=\"async\" width=\"1688\" height=\"1686\" src=\"https:\/\/www.teritoria.com\/wp-content\/uploads\/2025\/03\/Christine_CHABANETTE_CRTLOccitanie_0020273_MD-edited.jpg\" alt=\"Berbie Albi\" class=\"wp-image-133552\" style=\"aspect-ratio:1;object-fit:cover;width:1450px\" title=\"\" srcset=\"https:\/\/www.teritoria.com\/wp-content\/uploads\/2025\/03\/Christine_CHABANETTE_CRTLOccitanie_0020273_MD-edited.jpg 1688w, https:\/\/www.teritoria.com\/wp-content\/uploads\/2025\/03\/Christine_CHABANETTE_CRTLOccitanie_0020273_MD-edited-300x300.jpg 300w, https:\/\/www.teritoria.com\/wp-content\/uploads\/2025\/03\/Christine_CHABANETTE_CRTLOccitanie_0020273_MD-edited-1024x1024.jpg 1024w, https:\/\/www.teritoria.com\/wp-content\/uploads\/2025\/03\/Christine_CHABANETTE_CRTLOccitanie_0020273_MD-edited-150x150.jpg 150w, https:\/\/www.teritoria.com\/wp-content\/uploads\/2025\/03\/Christine_CHABANETTE_CRTLOccitanie_0020273_MD-edited-768x767.jpg 768w, https:\/\/www.teritoria.com\/wp-content\/uploads\/2025\/03\/Christine_CHABANETTE_CRTLOccitanie_0020273_MD-edited-1536x1534.jpg 1536w, https:\/\/www.teritoria.com\/wp-content\/uploads\/2025\/03\/Christine_CHABANETTE_CRTLOccitanie_0020273_MD-edited-423x423.jpg 423w, https:\/\/www.teritoria.com\/wp-content\/uploads\/2025\/03\/Christine_CHABANETTE_CRTLOccitanie_0020273_MD-edited-206x206.jpg 206w, https:\/\/www.teritoria.com\/wp-content\/uploads\/2025\/03\/Christine_CHABANETTE_CRTLOccitanie_0020273_MD-edited-392x392.jpg 392w, https:\/\/www.teritoria.com\/wp-content\/uploads\/2025\/03\/Christine_CHABANETTE_CRTLOccitanie_0020273_MD-edited-425x425.jpg 425w, https:\/\/www.teritoria.com\/wp-content\/uploads\/2025\/03\/Christine_CHABANETTE_CRTLOccitanie_0020273_MD-edited-207x207.jpg 207w\" sizes=\"auto, (max-width: 1688px) 100vw, 1688px\" \/><figcaption class=\"wp-element-caption\">Palais de la Berbie, ad Albi \u00a9 CRTL Occitania \/ Christine CHABANETTE<\/figcaption><\/figure>\n<\/div>\n\n\n<p>I recenti lavori di restauro hanno restituito nuova vita a spazi storici come la <strong>galleria di Amboise<\/strong>, con i suoi <strong>affreschi del XV\u00b0 secolo<\/strong>, i <strong>saloni d\u2019onore<\/strong> del XVII\u00b0 secolo e i giardini terrazzati, che offrono una vista mozzafiato sul Tarn. Una tappa imperdibile per gli <strong>appassionati<\/strong> di storia e d\u2019arte.<\/p>\n\n\n\n<h2 class=\"wp-block-heading has-luminous-vivid-orange-color has-text-color has-link-color wp-elements-328dd1cb36171b851d22974ce1ac0289\">Il chiostro e la chiesa di Saint-Salvi: un angolo di Albi fuori dal tempo<\/h2>\n\n\n\n<p>Con un&#8217; armoniosa combinazione di pietra e mattoni, la <strong>chiesa di Saint-Salvi <\/strong>\u00e8 un perfetto esempio del dialogo tra lo stile romanico e quello gotico. Il chiostro, autentico angolo di pace, invita alla contemplazione.<\/p>\n\n\n<div class=\"wp-block-image\">\n<figure class=\"aligncenter size-large is-resized\"><img loading=\"lazy\" decoding=\"async\" width=\"1024\" height=\"768\" src=\"https:\/\/www.teritoria.com\/wp-content\/uploads\/2025\/03\/Dominique_VIET_CRTLOccitanie_0016451_MD-1024x768.jpg\" alt=\"albi\" class=\"wp-image-133280\" style=\"aspect-ratio:1;object-fit:cover;width:1450px\" title=\"\" srcset=\"https:\/\/www.teritoria.com\/wp-content\/uploads\/2025\/03\/Dominique_VIET_CRTLOccitanie_0016451_MD-1024x768.jpg 1024w, https:\/\/www.teritoria.com\/wp-content\/uploads\/2025\/03\/Dominique_VIET_CRTLOccitanie_0016451_MD-300x225.jpg 300w, https:\/\/www.teritoria.com\/wp-content\/uploads\/2025\/03\/Dominique_VIET_CRTLOccitanie_0016451_MD-768x576.jpg 768w, https:\/\/www.teritoria.com\/wp-content\/uploads\/2025\/03\/Dominique_VIET_CRTLOccitanie_0016451_MD-1536x1152.jpg 1536w, https:\/\/www.teritoria.com\/wp-content\/uploads\/2025\/03\/Dominique_VIET_CRTLOccitanie_0016451_MD-2048x1536.jpg 2048w\" sizes=\"auto, (max-width: 1024px) 100vw, 1024px\" \/><figcaption class=\"wp-element-caption\">\u00a9 CRTL Occitania \/ Dominique VIET<\/figcaption><\/figure>\n<\/div>\n\n\n<p>I restauri hanno riportato alla luce tesori inaspettati, offrendo una nuova prospettiva sulla <strong>storia di Albi<\/strong>. Affreschi del XVI\u00b0 secolo, rimasti nascosti per secoli sotto strati di vernice, hanno ritrovato il loro splendore originario, svelando scene e motivi di straordinaria raffinatezza. Un prezioso insieme scolpito in legno policromo, risalente al XV\u00b0 secolo, testimonia del <strong>savoir-faire<\/strong> degli artigiani dell\u2019epoca e si impone oggi come uno dei pezzi forti del <strong>patrimonio locale<\/strong>. Quanto al <strong>carillon storico<\/strong>, continua a scandire la vita della citt\u00e0 con le sue melodie che risuonano tra i vicoli del centro.<\/p>\n\n\n\n<h2 class=\"wp-block-heading has-luminous-vivid-orange-color has-text-color has-link-color wp-elements-88bb89ba2282e3d8d5b19d51799af473\">Il Ponte Vecchio di Albi: testimone dei secoli passati<\/h2>\n\n\n\n<p>Costruito nell\u2019XI\u00b0 secolo, il <strong>Ponte Vecchio di Albi<\/strong> attraversa il Tarn da quasi <strong>1000 anni<\/strong>. Inizialmente fortificato e successivamente ampliato nel XIX\u00b0 secolo, \u00e8 oggi <strong>uno dei ponti pi\u00f9 antichi di Francia ancora in uso<\/strong>. Attualmente in fase di restauro (dal 2023), torner\u00e0 presto al suo antico splendore, rafforzando il ruolo di ponte tra passato e modernit\u00e0 che incarna.<\/p>\n\n\n<div class=\"wp-block-image\">\n<figure class=\"aligncenter size-large is-resized\"><img loading=\"lazy\" decoding=\"async\" width=\"1024\" height=\"768\" src=\"https:\/\/www.teritoria.com\/wp-content\/uploads\/2025\/03\/Dominique_VIET_CRTLOccitanie_0000006_MD-1024x768.jpg\" alt=\"Albi ponte vecchio\" class=\"wp-image-133286\" style=\"aspect-ratio:1;object-fit:cover;width:1450px\" title=\"\" srcset=\"https:\/\/www.teritoria.com\/wp-content\/uploads\/2025\/03\/Dominique_VIET_CRTLOccitanie_0000006_MD-1024x768.jpg 1024w, https:\/\/www.teritoria.com\/wp-content\/uploads\/2025\/03\/Dominique_VIET_CRTLOccitanie_0000006_MD-300x225.jpg 300w, https:\/\/www.teritoria.com\/wp-content\/uploads\/2025\/03\/Dominique_VIET_CRTLOccitanie_0000006_MD-768x576.jpg 768w, https:\/\/www.teritoria.com\/wp-content\/uploads\/2025\/03\/Dominique_VIET_CRTLOccitanie_0000006_MD-1536x1152.jpg 1536w, https:\/\/www.teritoria.com\/wp-content\/uploads\/2025\/03\/Dominique_VIET_CRTLOccitanie_0000006_MD-2048x1536.jpg 2048w\" sizes=\"auto, (max-width: 1024px) 100vw, 1024px\" \/><figcaption class=\"wp-element-caption\">Ponte vecchio di Albi \u00a9 CRTL Occitania \/ Dominique VIET<\/figcaption><\/figure>\n<\/div>\n\n\n<h2 class=\"wp-block-heading has-luminous-vivid-orange-color has-text-color has-link-color wp-elements-889e8c7b5e2c806b96c5b1384be269ba\">Albi: la citt\u00e0 episcopale vista dal fiume<\/h2>\n\n\n\n<p>Il Tarn scorre ai piedi della citt\u00e0 di Albi. Per un\u2019<strong>immersione fuori dal tempo<\/strong>, salite a bordo di una &#8220;gabarre&#8221;, l\u2019imbarcazione tradizionale a fondo piatto che un tempo solcava il fiume per trasportare le merci. Vista dall\u2019acqua, Albi svela un volto inedito: la sua architettura in mattoni rossi si riflette nelle acque calme, offrendo uno spettacolo suggestivo lungo i meandri del Tarn.<\/p>\n\n\n<div class=\"wp-block-image\">\n<figure class=\"aligncenter size-large is-resized\"><img loading=\"lazy\" decoding=\"async\" width=\"1024\" height=\"576\" src=\"https:\/\/www.teritoria.com\/wp-content\/uploads\/2025\/03\/Viajandoconmami_CRTLOccitanie_0050572_MD-1024x576.jpg\" alt=\"albi\" class=\"wp-image-133265\" style=\"aspect-ratio:1;object-fit:cover;width:1450px\" title=\"\" srcset=\"https:\/\/www.teritoria.com\/wp-content\/uploads\/2025\/03\/Viajandoconmami_CRTLOccitanie_0050572_MD-1024x576.jpg 1024w, https:\/\/www.teritoria.com\/wp-content\/uploads\/2025\/03\/Viajandoconmami_CRTLOccitanie_0050572_MD-300x169.jpg 300w, https:\/\/www.teritoria.com\/wp-content\/uploads\/2025\/03\/Viajandoconmami_CRTLOccitanie_0050572_MD-768x432.jpg 768w, https:\/\/www.teritoria.com\/wp-content\/uploads\/2025\/03\/Viajandoconmami_CRTLOccitanie_0050572_MD-1536x864.jpg 1536w, https:\/\/www.teritoria.com\/wp-content\/uploads\/2025\/03\/Viajandoconmami_CRTLOccitanie_0050572_MD-2048x1152.jpg 2048w\" sizes=\"auto, (max-width: 1024px) 100vw, 1024px\" \/><figcaption class=\"wp-element-caption\">Albi \u00a9 CRTL Occitania \/ Les_Coflocs<\/figcaption><\/figure>\n<\/div>\n\n\n<p>Navigare sul Tarn permette di riscoprire la<strong> citt\u00e0 episcopale<\/strong> da una nuova prospettiva, con la maestosit\u00e0 della <strong>cattedrale di Santa Cecilia<\/strong> e del <strong>Palais de la Berbie<\/strong> che si ergono imponenti sulle rive. \u00c8 anche un viaggio nel tempo, tra i resti delle antiche attivit\u00e0 fluviali, testimonianza di un\u2019epoca in cui il fiume era il cuore pulsante del commercio di Albi. Oltre al patrimonio, il Tarn svela una natura incontaminata, dove i riflessi dorati delle scogliere si alternano a distese verdeggianti. La navigazione si trasforma cos\u00ec in un <strong>viaggio senza tempo<\/strong>, scandito dalla presenza di aironi cenerini, martin pescatori e libellule.<\/p>\n\n\n\n<p><\/p>\n\n\n\n<p>Tra patrimonio e natura, Albi vi offre un\u2019esperienza indimenticabile, da vivere lungo il fiume e nel cuore della citt\u00e0 storica. <strong>Classificata patrimonio dell\u2019umanit\u00e0<\/strong>, Albi non \u00e8 solo un vestigio del passato: \u00e8 una citt\u00e0 viva, dove storia e cultura si intrecciano con il presente. Tra monumenti maestosi, passeggiate sul Tarn e mostre d\u2019eccezione, ogni turista trover\u00e0 qualcosa capace di stupirlo.<\/p>\n\n\n\n<p><\/p>\n\n\n\n<p>Pronti a visitare Albi? Scoprite le maisons Teritoria presenti nella regione sul <a href=\"https:\/\/www.teritoria.com\/it\/\">nostro sito web<\/a> e organizzate il vostro soggiorno con il <a href=\"https:\/\/www.teritoria.com\/it\/programma-fedelta-teritoria\/\">nostro programma fedelt\u00e0<\/a>. Per altre ispirazioni, iscrivetevi alla <a href=\"https:\/\/share-eu1.hsforms.com\/1Djr2uzE4Q8mjQLtOL5WiNgf7vkn\" rel=\"nofollow noopener\" target=\"_blank\">nostra newsletter<\/a> e lasciatevi sorprendere da altre esperienze uniche da regalare o da vivere.<\/p>\n\n\n\n<p><\/p>\n\n\n\n<pre class=\"wp-block-verse\">Di Emilie Fallot Nguyen<\/pre>\n","protected":false},"excerpt":{"rendered":"<p>Ogni estate, l\u2019Occitania triplica la sua popolazione con l\u2019arrivo dei turisti. Per scoprire questa regione ricca di storia e di paesaggi tipici del Sud, Teritoria vi invita a visitare le sue citt\u00e0 perfettamente conservate. Destinazione Albi, per un viaggio nel cuore del patrimonio culturale.<\/p>\n","protected":false},"author":16,"featured_media":133294,"comment_status":"closed","ping_status":"closed","sticky":false,"template":"","format":"standard","meta":{"_acf_changed":false,"footnotes":""},"categories":[707,23],"tags":[3940],"class_list":["post-139937","post","type-post","status-publish","format-standard","has-post-thumbnail","hentry","category-diari-di-viaggio","category-tutti-i-nostri-articoli","tag-voyage-responsable-it"],"acf":[],"_links":{"self":[{"href":"https:\/\/www.teritoria.com\/it\/wp-json\/wp\/v2\/posts\/139937","targetHints":{"allow":["GET"]}}],"collection":[{"href":"https:\/\/www.teritoria.com\/it\/wp-json\/wp\/v2\/posts"}],"about":[{"href":"https:\/\/www.teritoria.com\/it\/wp-json\/wp\/v2\/types\/post"}],"author":[{"embeddable":true,"href":"https:\/\/www.teritoria.com\/it\/wp-json\/wp\/v2\/users\/16"}],"replies":[{"embeddable":true,"href":"https:\/\/www.teritoria.com\/it\/wp-json\/wp\/v2\/comments?post=139937"}],"version-history":[{"count":3,"href":"https:\/\/www.teritoria.com\/it\/wp-json\/wp\/v2\/posts\/139937\/revisions"}],"predecessor-version":[{"id":150134,"href":"https:\/\/www.teritoria.com\/it\/wp-json\/wp\/v2\/posts\/139937\/revisions\/150134"}],"wp:featuredmedia":[{"embeddable":true,"href":"https:\/\/www.teritoria.com\/it\/wp-json\/wp\/v2\/media\/133294"}],"wp:attachment":[{"href":"https:\/\/www.teritoria.com\/it\/wp-json\/wp\/v2\/media?parent=139937"}],"wp:term":[{"taxonomy":"category","embeddable":true,"href":"https:\/\/www.teritoria.com\/it\/wp-json\/wp\/v2\/categories?post=139937"},{"taxonomy":"post_tag","embeddable":true,"href":"https:\/\/www.teritoria.com\/it\/wp-json\/wp\/v2\/tags?post=139937"}],"curies":[{"name":"wp","href":"https:\/\/api.w.org\/{rel}","templated":true}]}}