{"id":139929,"date":"2025-02-25T17:57:31","date_gmt":"2025-02-25T16:57:31","guid":{"rendered":"https:\/\/www.teritoria.com\/vendee-la-venise-verte\/"},"modified":"2025-07-23T16:24:49","modified_gmt":"2025-07-23T14:24:49","slug":"vandea-la-venezia-verde","status":"publish","type":"post","link":"https:\/\/www.teritoria.com\/it\/vandea-la-venezia-verde\/","title":{"rendered":"Vandea: scoprite i tesori della Venezia Verde"},"content":{"rendered":"\n<pre class=\"wp-block-verse\">Foto di copertina \u00a9 CRTL Vandea Espansione \/ Alexandre LAMOUREUX<\/pre>\n\n\n\n<p><strong>La Vandea<\/strong>, affacciata sulla costa atlantica, offre <strong>82,1 km<\/strong> di paesaggi vari: dalla costa selvaggia alle pittoresche paludi, fino ai fiumi tranquilli. Vero e proprio <strong>gioiello<\/strong> del patrimonio naturale francese, il territorio pu\u00f2 essere esplorato a piedi, in bici, in barca o persino a cavallo. Segute il nostro <strong>itinerario<\/strong> esclusivo attraverso Les Sables-d\u2019Olonne, il Marais Poitevin e le rive dello Yon, per immergervi completamente nella natura della Vandea.<\/p>\n\n\n\n<p><\/p>\n\n\n\n<h2 class=\"wp-block-heading has-luminous-vivid-orange-color has-text-color has-link-color wp-elements-35ce20ffaccad005f469e7684510417c\">Les Sables-d&#8217;Olonne: una localit\u00e0 balneare da non perdere<\/h2>\n\n\n\n<p>Quando pensate a una vacanza in Vandea, vi viene subito in mente Les Sables-d&#8217;Olonne. Volete evitare la folla di turisti? Scoprite il nostro itinerario.<\/p>\n\n\n\n<h3 class=\"wp-block-heading has-black-color has-text-color has-link-color wp-elements-e5637e133e66e7bd3ef47957a072761f\">Rotta verso la C\u00f4te de Lumi\u00e8re&nbsp;<\/h3>\n\n\n\n<p>Situata sulla <strong>C\u00f4te de Lumi\u00e8re<\/strong>(Costa della Luce), la citt\u00e0 di Les Sables-d&#8217;Olonne \u00e8 una delle principali mete turistiche della Vandea e punto di partenza della celebre regata Vend\u00e9e Globe. Il clima mite e i <strong>105 km<\/strong>\u00b2 di spiagge e sentieri costieri la rendono una <strong>destinazione ideale<\/strong> per una vacanza in famiglia o con gli amici.<\/p>\n\n\n<div class=\"wp-block-image\">\n<figure class=\"aligncenter size-large is-resized\"><img loading=\"lazy\" decoding=\"async\" width=\"1024\" height=\"683\" src=\"https:\/\/www.teritoria.com\/wp-content\/uploads\/2025\/02\/LesSablesdOlonne1-1024x683.jpg\" alt=\"Sables d&#039;Olonnes\" class=\"wp-image-132347\" style=\"aspect-ratio:1;object-fit:cover;width:1450px\" title=\"\" srcset=\"https:\/\/www.teritoria.com\/wp-content\/uploads\/2025\/02\/LesSablesdOlonne1-1024x683.jpg 1024w, https:\/\/www.teritoria.com\/wp-content\/uploads\/2025\/02\/LesSablesdOlonne1-300x200.jpg 300w, https:\/\/www.teritoria.com\/wp-content\/uploads\/2025\/02\/LesSablesdOlonne1-768x512.jpg 768w, https:\/\/www.teritoria.com\/wp-content\/uploads\/2025\/02\/LesSablesdOlonne1-1536x1024.jpg 1536w, https:\/\/www.teritoria.com\/wp-content\/uploads\/2025\/02\/LesSablesdOlonne1-2048x1365.jpg 2048w\" sizes=\"auto, (max-width: 1024px) 100vw, 1024px\" \/><figcaption class=\"wp-element-caption\">Sables d&#8217;Olonnes \u00a9 Alexandre LAMOUREUX<\/figcaption><\/figure>\n<\/div>\n\n\n<p>Per scoprire la citt\u00e0 da una <strong>prospettiva diversa<\/strong>, seguite la baia e immergetevi in un <strong>ambiente naturale incontaminato<\/strong>, tra scogliere a picco sul mare e panorami mozzafiato sull\u2019Atlantico. Scegliete tra numerose attivit\u00e0 all\u2019aria aperta per esplorare il litorale della Vandea: escursioni a piedi, in bicicletta, sui pattini o a cavallo.<\/p>\n\n\n\n<p>La scoperta Teritoria: visita del <strong>quartiere dell&#8217;\u00cele Penotte<\/strong>! Immergetevi nell&#8217;universo artistico di questo <strong>quartiere atipico<\/strong> dove le facciate delle case sono decorate con affreschi di conchiglie. Una passeggiata che vi sorprender\u00e0 e vi far\u00e0 tornare bambino!<\/p>\n\n\n\n<h3 class=\"wp-block-heading\">Il Marais Poitevin: una gita in barca nel cuore di una natura incontaminata<\/h3>\n\n\n\n<p>Il Marais Poitevin, classificato <strong>Grand Site de France<\/strong>, \u00e8 un labirinto d\u2019acqua circondato da frassini secolari e prati umidi. Salite a bordo di una barca tradizionale per una tranquilla navigazione attraverso questa zona soprannominata la \u201c<strong>Venezia Verde<\/strong>\u201d.<\/p>\n\n\n<div class=\"wp-block-image\">\n<figure class=\"aligncenter size-large is-resized\"><img loading=\"lazy\" decoding=\"async\" width=\"1024\" height=\"683\" src=\"https:\/\/www.teritoria.com\/wp-content\/uploads\/2025\/02\/maraispoitevin_embarcadere_lemazeau_1-1024x683.jpg\" alt=\"Vandea\" class=\"wp-image-132350\" style=\"aspect-ratio:1;object-fit:cover;width:1450px\" title=\"\" srcset=\"https:\/\/www.teritoria.com\/wp-content\/uploads\/2025\/02\/maraispoitevin_embarcadere_lemazeau_1-1024x683.jpg 1024w, https:\/\/www.teritoria.com\/wp-content\/uploads\/2025\/02\/maraispoitevin_embarcadere_lemazeau_1-300x200.jpg 300w, https:\/\/www.teritoria.com\/wp-content\/uploads\/2025\/02\/maraispoitevin_embarcadere_lemazeau_1-768x512.jpg 768w, https:\/\/www.teritoria.com\/wp-content\/uploads\/2025\/02\/maraispoitevin_embarcadere_lemazeau_1-1536x1024.jpg 1536w, https:\/\/www.teritoria.com\/wp-content\/uploads\/2025\/02\/maraispoitevin_embarcadere_lemazeau_1-2048x1366.jpg 2048w\" sizes=\"auto, (max-width: 1024px) 100vw, 1024px\" \/><figcaption class=\"wp-element-caption\">Marais Poitevin \u00a9 Simon Bourcier<\/figcaption><\/figure>\n<\/div>\n\n\n<p>Da non perdere nel Marais Poitevin: lasciatevi guidare da un battelliere che vi racconter\u00e0 <strong>la storia e le leggende <\/strong>della palude. Osservte la fauna e la flora tra aironi, lontre, libellule e piante acquatiche.<\/p>\n\n\n<div class=\"wp-block-image\">\n<figure class=\"aligncenter size-large is-resized\"><img loading=\"lazy\" decoding=\"async\" width=\"1024\" height=\"683\" src=\"https:\/\/www.teritoria.com\/wp-content\/uploads\/2025\/02\/MaraisSalant_Epine1-1024x683.jpg\" alt=\"Vandea\" class=\"wp-image-132362\" style=\"aspect-ratio:1;object-fit:cover;width:1450px\" title=\"\" srcset=\"https:\/\/www.teritoria.com\/wp-content\/uploads\/2025\/02\/MaraisSalant_Epine1-1024x683.jpg 1024w, https:\/\/www.teritoria.com\/wp-content\/uploads\/2025\/02\/MaraisSalant_Epine1-300x200.jpg 300w, https:\/\/www.teritoria.com\/wp-content\/uploads\/2025\/02\/MaraisSalant_Epine1-768x512.jpg 768w, https:\/\/www.teritoria.com\/wp-content\/uploads\/2025\/02\/MaraisSalant_Epine1-1536x1025.jpg 1536w, https:\/\/www.teritoria.com\/wp-content\/uploads\/2025\/02\/MaraisSalant_Epine1-2048x1366.jpg 2048w\" sizes=\"auto, (max-width: 1024px) 100vw, 1024px\" \/><figcaption class=\"wp-element-caption\">Le Saline \u00a9 Simon Bourcier<\/figcaption><\/figure>\n<\/div>\n\n\n<p>Per gli appassionati di storia e <strong>cultura locale<\/strong>, consigliamo una sosta alle <strong>Saline<\/strong>. Per scoprire la storia del sale della Vandea, un savoir-faire ancestrale ancora praticato oggi, partecipate alla <strong>raccolta<\/strong> insieme agli <strong>artigiani salinai<\/strong> e ripartite con il vostro sale!<\/p>\n\n\n\n<p><\/p>\n\n\n\n<h2 class=\"wp-block-heading has-luminous-vivid-orange-color has-text-color has-link-color wp-elements-5f2fe700f49bc66ab41c1b8a5f9fc757\">Escursione intorno allo Yon: immersione nella natura della Vandea<\/h2>\n\n\n\n<p>Gli amanti delle escursioni troveranno il loro paradiso lungo lo Yon, un fiume che si snoda tra boschi, mulini e formazioni rocciose, offrendo infinite possibilit\u00e0 di esplorazione.<\/p>\n\n\n<div class=\"wp-block-image\">\n<figure class=\"aligncenter size-large is-resized\"><img loading=\"lazy\" decoding=\"async\" width=\"1024\" height=\"683\" src=\"https:\/\/www.teritoria.com\/wp-content\/uploads\/2025\/02\/Randonneepedestre37-Rivesdel1-1024x683.jpg\" alt=\"Vandea\" class=\"wp-image-132353\" style=\"aspect-ratio:1;object-fit:cover;width:1450px\" title=\"\" srcset=\"https:\/\/www.teritoria.com\/wp-content\/uploads\/2025\/02\/Randonneepedestre37-Rivesdel1-1024x683.jpg 1024w, https:\/\/www.teritoria.com\/wp-content\/uploads\/2025\/02\/Randonneepedestre37-Rivesdel1-300x200.jpg 300w, https:\/\/www.teritoria.com\/wp-content\/uploads\/2025\/02\/Randonneepedestre37-Rivesdel1-768x512.jpg 768w, https:\/\/www.teritoria.com\/wp-content\/uploads\/2025\/02\/Randonneepedestre37-Rivesdel1-1536x1024.jpg 1536w, https:\/\/www.teritoria.com\/wp-content\/uploads\/2025\/02\/Randonneepedestre37-Rivesdel1-2048x1365.jpg 2048w\" sizes=\"auto, (max-width: 1024px) 100vw, 1024px\" \/><figcaption class=\"wp-element-caption\">Sentiers du N\u00e9flier \u00a9 Simon Bourcier<\/figcaption><\/figure>\n<\/div>\n\n\n<p>Dal punto di partenza del <strong>Sentiero del Nespolo<\/strong>, presso la <strong>Maison des Libellules<\/strong> a Chaill\u00e9-sous-les-Ormeaux, potrete scegliere tra due percorsi: dirigendovi verso il <strong>Mulino di Rambourg<\/strong>, scoprirete un antico edificio restaurato e oggi aperto al pubblico; proseguendo invece verso l\u2019<strong>\u00cele de la Merlerie<\/strong>, vi attender\u00e0 un\u2019oasi di natura incontaminata, ideale per una pausa rilasante in riva all\u2019acqua.<\/p>\n\n\n<div class=\"wp-block-image\">\n<figure class=\"aligncenter size-large is-resized\"><img loading=\"lazy\" decoding=\"async\" width=\"1024\" height=\"683\" src=\"https:\/\/www.teritoria.com\/wp-content\/uploads\/2025\/02\/ChaosduPiquet-LaTablier1-1024x683.jpg\" alt=\"vandea\" class=\"wp-image-132356\" style=\"aspect-ratio:1;object-fit:cover;width:1450px\" title=\"\" srcset=\"https:\/\/www.teritoria.com\/wp-content\/uploads\/2025\/02\/ChaosduPiquet-LaTablier1-1024x683.jpg 1024w, https:\/\/www.teritoria.com\/wp-content\/uploads\/2025\/02\/ChaosduPiquet-LaTablier1-300x200.jpg 300w, https:\/\/www.teritoria.com\/wp-content\/uploads\/2025\/02\/ChaosduPiquet-LaTablier1-768x512.jpg 768w, https:\/\/www.teritoria.com\/wp-content\/uploads\/2025\/02\/ChaosduPiquet-LaTablier1-1536x1024.jpg 1536w, https:\/\/www.teritoria.com\/wp-content\/uploads\/2025\/02\/ChaosduPiquet-LaTablier1-2048x1365.jpg 2048w\" sizes=\"auto, (max-width: 1024px) 100vw, 1024px\" \/><figcaption class=\"wp-element-caption\">Chaos du Piquet \u00a9 Simon Bourcier<\/figcaption><\/figure>\n<\/div>\n\n\n<p>Il <strong>Chaos du Piquet<\/strong>: un&#8217;escursione di <strong>4 km<\/strong> tra ruscelli, boschi e resti storici. Un vero e proprio tuffo nel passato della Vandea!<\/p>\n\n\n<div class=\"wp-block-image\">\n<figure class=\"aligncenter size-large is-resized\"><img loading=\"lazy\" decoding=\"async\" width=\"1024\" height=\"683\" src=\"https:\/\/www.teritoria.com\/wp-content\/uploads\/2025\/02\/Automne_PointeduPayre_Jardsu1-1024x683.jpg\" alt=\"vandea\" class=\"wp-image-132359\" style=\"aspect-ratio:1;object-fit:cover;width:1450px\" title=\"\" srcset=\"https:\/\/www.teritoria.com\/wp-content\/uploads\/2025\/02\/Automne_PointeduPayre_Jardsu1-1024x683.jpg 1024w, https:\/\/www.teritoria.com\/wp-content\/uploads\/2025\/02\/Automne_PointeduPayre_Jardsu1-300x200.jpg 300w, https:\/\/www.teritoria.com\/wp-content\/uploads\/2025\/02\/Automne_PointeduPayre_Jardsu1-768x512.jpg 768w, https:\/\/www.teritoria.com\/wp-content\/uploads\/2025\/02\/Automne_PointeduPayre_Jardsu1-1536x1024.jpg 1536w, https:\/\/www.teritoria.com\/wp-content\/uploads\/2025\/02\/Automne_PointeduPayre_Jardsu1-2048x1365.jpg 2048w\" sizes=\"auto, (max-width: 1024px) 100vw, 1024px\" \/><figcaption class=\"wp-element-caption\"> Pointe du Payr\u00e9 \u00a9 Julien Gazeau<\/figcaption><\/figure>\n<\/div>\n\n\n<p>La <strong>Pointe du Payr\u00e9<\/strong>: un sentiero di<strong> 4,7 km<\/strong> tra terra e mare che offre un panorama spettacolare sull&#8217;oceano e sulle dune selvagge.<\/p>\n\n\n\n<p><\/p>\n\n\n\n<p>Che siate appassionati di escursionismo, natura o patrimonio culturale, la Vandea \u00e8 la destinazione ideale per una <strong>vacanza fuori dal comune<\/strong>. Tra i suoi paesaggi costieri, le sue misteriose paludi e i suoi fiumi tranquilli, questa regione affascina gli <strong>amanti della natura e dell&#8217;autenticit\u00e0<\/strong>.<\/p>\n\n\n\n<p><\/p>\n\n\n\n<p>Trova tela maison ideale in Vandea e vivete un&#8217;esperienza unica nel cuore della natura con il <a href=\"https:\/\/www.teritoria.com\/it\/\">nostro sito web<\/a>. Iscrivetevi al <a href=\"https:\/\/www.teritoria.com\/it\/programma-fedelta-teritoria\/\">nostro programma fedelt\u00e0<\/a> e approfittate di premi esclusivi ad ogni soggiorno.<\/p>\n\n\n\n<p>Bisogno di ispirazione? Iscrivetevi alla <a href=\"https:\/\/share-eu1.hsforms.com\/1Djr2uzE4Q8mjQLtOL5WiNgf7vkn\" rel=\"nofollow noopener\" target=\"_blank\">nostra newsletter<\/a> per scoprire tutte le nostre novit\u00e0 e le esperienze inedite. Regalate o regalatevi un momento di evasione, visitate la nostra <a href=\"https:\/\/www.teritoria.com\/it\/boutique\/\">boutique online<\/a>.<\/p>\n\n\n\n<p><\/p>\n\n\n\n<p>Di Emilie Fallot Nguyen<\/p>\n\n\n\n<p><\/p>\n","protected":false},"excerpt":{"rendered":"<p>Scoprite la Vandea da una nuova prospettiva: tra paludi, sentieri protetti e meraviglie naturali, lasciatevi guidare nel cuore di una natura autentica.<\/p>\n","protected":false},"author":16,"featured_media":132370,"comment_status":"closed","ping_status":"closed","sticky":false,"template":"","format":"standard","meta":{"_acf_changed":false,"footnotes":""},"categories":[23,707],"tags":[3940],"class_list":["post-139929","post","type-post","status-publish","format-standard","has-post-thumbnail","hentry","category-tutti-i-nostri-articoli","category-diari-di-viaggio","tag-voyage-responsable-it"],"acf":[],"_links":{"self":[{"href":"https:\/\/www.teritoria.com\/it\/wp-json\/wp\/v2\/posts\/139929","targetHints":{"allow":["GET"]}}],"collection":[{"href":"https:\/\/www.teritoria.com\/it\/wp-json\/wp\/v2\/posts"}],"about":[{"href":"https:\/\/www.teritoria.com\/it\/wp-json\/wp\/v2\/types\/post"}],"author":[{"embeddable":true,"href":"https:\/\/www.teritoria.com\/it\/wp-json\/wp\/v2\/users\/16"}],"replies":[{"embeddable":true,"href":"https:\/\/www.teritoria.com\/it\/wp-json\/wp\/v2\/comments?post=139929"}],"version-history":[{"count":3,"href":"https:\/\/www.teritoria.com\/it\/wp-json\/wp\/v2\/posts\/139929\/revisions"}],"predecessor-version":[{"id":150130,"href":"https:\/\/www.teritoria.com\/it\/wp-json\/wp\/v2\/posts\/139929\/revisions\/150130"}],"wp:featuredmedia":[{"embeddable":true,"href":"https:\/\/www.teritoria.com\/it\/wp-json\/wp\/v2\/media\/132370"}],"wp:attachment":[{"href":"https:\/\/www.teritoria.com\/it\/wp-json\/wp\/v2\/media?parent=139929"}],"wp:term":[{"taxonomy":"category","embeddable":true,"href":"https:\/\/www.teritoria.com\/it\/wp-json\/wp\/v2\/categories?post=139929"},{"taxonomy":"post_tag","embeddable":true,"href":"https:\/\/www.teritoria.com\/it\/wp-json\/wp\/v2\/tags?post=139929"}],"curies":[{"name":"wp","href":"https:\/\/api.w.org\/{rel}","templated":true}]}}