{"id":139672,"date":"2025-03-28T15:09:35","date_gmt":"2025-03-28T14:09:35","guid":{"rendered":"https:\/\/www.teritoria.com\/randonnee-en-haute-alpes\/"},"modified":"2025-07-23T14:59:46","modified_gmt":"2025-07-23T12:59:46","slug":"escursione-nelle-alte-alpi","status":"publish","type":"post","link":"https:\/\/www.teritoria.com\/it\/escursione-nelle-alte-alpi\/","title":{"rendered":"Alte Alpi: natura, escursioni e paesaggi incontaminati"},"content":{"rendered":"\n<pre class=\"wp-block-verse\">Foto di copertina: \u00a9Shutterstock \/JeanLucIchard<\/pre>\n\n\n\n<p>Voglia di una boccata d&#8217;aria fresca, panorami mozzafiato e un&#8217;immersione totale in una <strong>natura incontaminata<\/strong>? Le Alte Alpi, gioiello della regione Provenza-Alpi-Costa Azzurra, offrono paesaggi eccezionali per gli <strong>amanti della montagna<\/strong>. Tra escursioni, foreste protette, laghi dalle acque cristalline e grandi spazi naturali, ogni sentiero, ogni paesaggio invita alla contemplazione e all&#8217;evasione.<\/p>\n\n\n\n<p><\/p>\n\n\n\n<h2 class=\"wp-block-heading has-luminous-vivid-orange-color has-text-color has-link-color wp-elements-b75fa9bd53f2aac71f9f44305b2d6d92\">Escursioni e immersione nella natura: scoprite i gioielli delle Alte Alpi<\/h2>\n\n\n\n<p>Che siate appassionati di alta montagna, escursionisti curiosi o semplicemente alla ricerca di paesaggi rilassanti, partite<strong> alla scoperta delle meraviglie naturali delle Alte Alpi<\/strong>.<\/p>\n\n\n\n<h3 class=\"wp-block-heading\">Parco Nazionale degli \u00c9crins: un santuario per gli escursionisti<\/h3>\n\n\n\n<p>Il <strong>Parco Nazionale degli \u00c9crins<\/strong>, un autentico tesoro delle Alte Alpi, \u00e8 un luogo da non perdere per gli amanti della natura e delle escursioni.<\/p>\n\n\n<div class=\"wp-block-image\">\n<figure class=\"aligncenter size-large is-resized\"><img loading=\"lazy\" decoding=\"async\" width=\"1024\" height=\"683\" src=\"https:\/\/www.teritoria.com\/wp-content\/uploads\/2025\/03\/iStock_1328725109_cfrancois-roux_Pic-de-la-Meije-dans-le-parc-national-des-Ecrins-avec-le-village-du-Chazelet-en-automne.-Hautes-Alpes-Francais-Alpes-France-1024x683.jpg\" alt=\"\" class=\"wp-image-134404\" style=\"aspect-ratio:1;object-fit:cover;width:1450px\" title=\"\" srcset=\"https:\/\/www.teritoria.com\/wp-content\/uploads\/2025\/03\/iStock_1328725109_cfrancois-roux_Pic-de-la-Meije-dans-le-parc-national-des-Ecrins-avec-le-village-du-Chazelet-en-automne.-Hautes-Alpes-Francais-Alpes-France-1024x683.jpg 1024w, https:\/\/www.teritoria.com\/wp-content\/uploads\/2025\/03\/iStock_1328725109_cfrancois-roux_Pic-de-la-Meije-dans-le-parc-national-des-Ecrins-avec-le-village-du-Chazelet-en-automne.-Hautes-Alpes-Francais-Alpes-France-300x200.jpg 300w, https:\/\/www.teritoria.com\/wp-content\/uploads\/2025\/03\/iStock_1328725109_cfrancois-roux_Pic-de-la-Meije-dans-le-parc-national-des-Ecrins-avec-le-village-du-Chazelet-en-automne.-Hautes-Alpes-Francais-Alpes-France-768x512.jpg 768w, https:\/\/www.teritoria.com\/wp-content\/uploads\/2025\/03\/iStock_1328725109_cfrancois-roux_Pic-de-la-Meije-dans-le-parc-national-des-Ecrins-avec-le-village-du-Chazelet-en-automne.-Hautes-Alpes-Francais-Alpes-France-1536x1024.jpg 1536w, https:\/\/www.teritoria.com\/wp-content\/uploads\/2025\/03\/iStock_1328725109_cfrancois-roux_Pic-de-la-Meije-dans-le-parc-national-des-Ecrins-avec-le-village-du-Chazelet-en-automne.-Hautes-Alpes-Francais-Alpes-France-2048x1365.jpg 2048w\" sizes=\"auto, (max-width: 1024px) 100vw, 1024px\" \/><figcaption class=\"wp-element-caption\">Parco Nazionale degli \u00c9crins\u00a9Shutterstock \/ cfrancois-roux_<\/figcaption><\/figure>\n<\/div>\n\n\n<p>Creato nel 1973 dopo anni di impegno da parte di alpinisti e naturalisti, questo<strong> parco protetto<\/strong> regala paesaggi alpini mozzafiato e una biodiversit\u00e0 straordinaria. Tra i percorsi pi\u00f9 spettacolari, non perdetevi:<\/p>\n\n\n\n<p>Il <strong>lago dell&#8217;Eychauda<\/strong>, si raggiunge dopo una magnifica escursione che vi porta a oltre <strong>2.500 metri di altitudine<\/strong>. Questo lago glaciale, arroccato nel cuore delle montagne, rivela acque di un blu intenso, alimentate dallo scioglimento dei ghiacciai circostanti.<\/p>\n\n\n<div class=\"wp-block-image\">\n<figure class=\"aligncenter size-large is-resized\"><img loading=\"lazy\" decoding=\"async\" width=\"1024\" height=\"683\" src=\"https:\/\/www.teritoria.com\/wp-content\/uploads\/2025\/03\/Office-de-Tourisme-Pays-des-ecrins_lac-de-l-eychauda-23_cThibaut-BLAIS-1024x683.jpg\" alt=\"\" class=\"wp-image-135696\" style=\"aspect-ratio:1;object-fit:cover;width:1452px\" title=\"\" srcset=\"https:\/\/www.teritoria.com\/wp-content\/uploads\/2025\/03\/Office-de-Tourisme-Pays-des-ecrins_lac-de-l-eychauda-23_cThibaut-BLAIS-1024x683.jpg 1024w, https:\/\/www.teritoria.com\/wp-content\/uploads\/2025\/03\/Office-de-Tourisme-Pays-des-ecrins_lac-de-l-eychauda-23_cThibaut-BLAIS-300x200.jpg 300w, https:\/\/www.teritoria.com\/wp-content\/uploads\/2025\/03\/Office-de-Tourisme-Pays-des-ecrins_lac-de-l-eychauda-23_cThibaut-BLAIS-768x512.jpg 768w, https:\/\/www.teritoria.com\/wp-content\/uploads\/2025\/03\/Office-de-Tourisme-Pays-des-ecrins_lac-de-l-eychauda-23_cThibaut-BLAIS-1536x1024.jpg 1536w, https:\/\/www.teritoria.com\/wp-content\/uploads\/2025\/03\/Office-de-Tourisme-Pays-des-ecrins_lac-de-l-eychauda-23_cThibaut-BLAIS-2048x1366.jpg 2048w\" sizes=\"auto, (max-width: 1024px) 100vw, 1024px\" \/><figcaption class=\"wp-element-caption\">Il lago dell&#8217;Eychauda \u00a9 Ufficio del Turismo Pays des \u00c9crins \/ Thibaut BLAIS<\/figcaption><\/figure>\n<\/div>\n\n\n<p>Il <strong>ghiacciaio Blanc<\/strong>, \u00e8 uno degli ultimi ghiacciai ancora accessibili delle <strong>Alpi meridionali<\/strong>. La salita graduale vi immerge in un paesaggio minerale impressionante, tra nevi perenni e creste aguzze.<\/p>\n\n\n\n<p>Se siete in cerca di avventura e volete un itinerario pi\u00f9 lungo, <strong>il GR54<\/strong>, anche chiamato <strong>Tour des \u00c9crins<\/strong>, offre un incredibile percorso ad anello intorno alle vette pi\u00f9 alte del massiccio, tra cui la <strong>Barre des \u00c9crins<\/strong>, che raggiunge i <strong>4.102 metri<\/strong>.<\/p>\n\n\n<div class=\"wp-block-image\">\n<figure class=\"aligncenter size-full is-resized\"><img loading=\"lazy\" decoding=\"async\" width=\"1000\" height=\"667\" src=\"https:\/\/www.teritoria.com\/wp-content\/uploads\/2025\/03\/SHUTTE1.jpg\" alt=\"\" class=\"wp-image-135693\" style=\"aspect-ratio:1;object-fit:cover;width:1450px\" title=\"\" srcset=\"https:\/\/www.teritoria.com\/wp-content\/uploads\/2025\/03\/SHUTTE1.jpg 1000w, https:\/\/www.teritoria.com\/wp-content\/uploads\/2025\/03\/SHUTTE1-300x200.jpg 300w, https:\/\/www.teritoria.com\/wp-content\/uploads\/2025\/03\/SHUTTE1-768x512.jpg 768w\" sizes=\"auto, (max-width: 1000px) 100vw, 1000px\" \/><figcaption class=\"wp-element-caption\">GR54 \u00a9 shutterstock \/ Francois Roux<\/figcaption><\/figure>\n<\/div>\n\n\n<p>A piedi, in mountain bike o a dorso d&#8217;asino, ogni sentiero offre un&#8217;esperienza unica, a stretto contatto con una natura incontaminata e preservata.<\/p>\n\n\n\n<h3 class=\"wp-block-heading\">Mont Guillaume: un panorama indimenticabile sul lago di Serre-Pon\u00e7on<\/h3>\n\n\n\n<p>Il <strong>Mont Guillaume<\/strong>, che domina la citt\u00e0 di Embrun, \u00e8 alto <strong>2.542 m<\/strong> ed \u00e8 un luogo ideale per un&#8217;escursione facile, ricca di meraviglie da scoprire. La salita, con i suoi fantastici panorami, conduce a una cima che offre una vista a <strong>360\u00b0<\/strong> sul <strong>lago di Serre-Pon\u00e7on<\/strong> e sulle montagne intorno.<\/p>\n\n\n<div class=\"wp-block-image\">\n<figure class=\"aligncenter size-large is-resized\"><img loading=\"lazy\" decoding=\"async\" width=\"788\" height=\"788\" src=\"https:\/\/www.teritoria.com\/wp-content\/uploads\/2025\/03\/iStock-1620591555_cBertrand-Van-isterdael_Une-vue-scenique-dun-majestueux-sommet-de-montagne-Mont-Guillaume-avec-une-foret-de-pins-sous-un-ciel-bleu-majestueux-edited.jpg\" alt=\"\" class=\"wp-image-134786\" style=\"aspect-ratio:1;object-fit:cover;width:1450px\" title=\"\" srcset=\"https:\/\/www.teritoria.com\/wp-content\/uploads\/2025\/03\/iStock-1620591555_cBertrand-Van-isterdael_Une-vue-scenique-dun-majestueux-sommet-de-montagne-Mont-Guillaume-avec-une-foret-de-pins-sous-un-ciel-bleu-majestueux-edited.jpg 788w, https:\/\/www.teritoria.com\/wp-content\/uploads\/2025\/03\/iStock-1620591555_cBertrand-Van-isterdael_Une-vue-scenique-dun-majestueux-sommet-de-montagne-Mont-Guillaume-avec-une-foret-de-pins-sous-un-ciel-bleu-majestueux-edited-300x300.jpg 300w, https:\/\/www.teritoria.com\/wp-content\/uploads\/2025\/03\/iStock-1620591555_cBertrand-Van-isterdael_Une-vue-scenique-dun-majestueux-sommet-de-montagne-Mont-Guillaume-avec-une-foret-de-pins-sous-un-ciel-bleu-majestueux-edited-150x150.jpg 150w, https:\/\/www.teritoria.com\/wp-content\/uploads\/2025\/03\/iStock-1620591555_cBertrand-Van-isterdael_Une-vue-scenique-dun-majestueux-sommet-de-montagne-Mont-Guillaume-avec-une-foret-de-pins-sous-un-ciel-bleu-majestueux-edited-768x768.jpg 768w, https:\/\/www.teritoria.com\/wp-content\/uploads\/2025\/03\/iStock-1620591555_cBertrand-Van-isterdael_Une-vue-scenique-dun-majestueux-sommet-de-montagne-Mont-Guillaume-avec-une-foret-de-pins-sous-un-ciel-bleu-majestueux-edited-423x423.jpg 423w, https:\/\/www.teritoria.com\/wp-content\/uploads\/2025\/03\/iStock-1620591555_cBertrand-Van-isterdael_Une-vue-scenique-dun-majestueux-sommet-de-montagne-Mont-Guillaume-avec-une-foret-de-pins-sous-un-ciel-bleu-majestueux-edited-206x206.jpg 206w, https:\/\/www.teritoria.com\/wp-content\/uploads\/2025\/03\/iStock-1620591555_cBertrand-Van-isterdael_Une-vue-scenique-dun-majestueux-sommet-de-montagne-Mont-Guillaume-avec-une-foret-de-pins-sous-un-ciel-bleu-majestueux-edited-392x392.jpg 392w, https:\/\/www.teritoria.com\/wp-content\/uploads\/2025\/03\/iStock-1620591555_cBertrand-Van-isterdael_Une-vue-scenique-dun-majestueux-sommet-de-montagne-Mont-Guillaume-avec-une-foret-de-pins-sous-un-ciel-bleu-majestueux-edited-425x425.jpg 425w, https:\/\/www.teritoria.com\/wp-content\/uploads\/2025\/03\/iStock-1620591555_cBertrand-Van-isterdael_Une-vue-scenique-dun-majestueux-sommet-de-montagne-Mont-Guillaume-avec-une-foret-de-pins-sous-un-ciel-bleu-majestueux-edited-207x207.jpg 207w\" sizes=\"auto, (max-width: 788px) 100vw, 788px\" \/><figcaption class=\"wp-element-caption\">Mont Guillaume \u00a9 iStock \/ Bertrand Van isterdael<\/figcaption><\/figure>\n<\/div>\n\n\n<p>Il sentiero si snoda inizialmente attraverso un <strong>bosco di larici<\/strong>, dove la luce filtra tra i rami creando un\u2019atmosfera rilassante, quasi mistica. Si prosegue poi verso la<strong> Chapelle di S\u00e9y\u00e8res<\/strong>, un luogo ricco di storia, prima di raggiungere gli alpeggi d\u2019alta quota, da dove si gode una vista ampia e spettacolare. Il <strong>sentiero Widman<\/strong> prende il nome da Charles \u00c9ric Widman, giovane tenente che nel 1897 fu il primo a scalare il Mont Guillaume con gli sci. Oggi una<strong> meta imperdibile<\/strong> per gli appassionati di sci alpinismo in inverno.<\/p>\n\n\n\n<h3 class=\"wp-block-heading\">Foresta di Boscodon: un&#8217;esperienza sensoriale nel cuore di un sito Natura 2000<\/h3>\n\n\n\n<p>Situata sulle alture del lago di Serre-Pon\u00e7on, la <strong>foresta di Boscodon<\/strong> \u00e8 un luogo tranquillo dove la natura \u00e8 protagonista. <strong>Classificata sito <a href=\"https:\/\/www.provincia.tn.it\/Argomenti\/Focus\/Natura-2000#\" rel=\"nofollow noopener\" target=\"_blank\">Natura 2000<\/a><\/strong>, ospita <strong>una fauna e una flora eccezionali<\/strong>, tra cui il gallo cedrone, la marmotta, il camoscio e numerose specie di rapaci. Vi crescono anche piante rare come il sabot di Venere e la berardie lanuginosa, autentici tesori botanici.<\/p>\n\n\n<div class=\"wp-block-image\">\n<figure class=\"aligncenter size-large is-resized\"><img loading=\"lazy\" decoding=\"async\" width=\"587\" height=\"588\" src=\"https:\/\/www.teritoria.com\/wp-content\/uploads\/2025\/03\/iStock-1334473229_cMichel-PERES_foret-de-Boscodon_Paysage-de-montagne-dans-le-massif-de-lOisans-dans-le-parc-national-des-Ecrins-dans-les-Alpes-en-France-en-ete-edited.jpg\" alt=\"\" class=\"wp-image-134800\" style=\"aspect-ratio:1;object-fit:cover;width:1450px\" title=\"\" srcset=\"https:\/\/www.teritoria.com\/wp-content\/uploads\/2025\/03\/iStock-1334473229_cMichel-PERES_foret-de-Boscodon_Paysage-de-montagne-dans-le-massif-de-lOisans-dans-le-parc-national-des-Ecrins-dans-les-Alpes-en-France-en-ete-edited.jpg 587w, https:\/\/www.teritoria.com\/wp-content\/uploads\/2025\/03\/iStock-1334473229_cMichel-PERES_foret-de-Boscodon_Paysage-de-montagne-dans-le-massif-de-lOisans-dans-le-parc-national-des-Ecrins-dans-les-Alpes-en-France-en-ete-edited-300x300.jpg 300w, https:\/\/www.teritoria.com\/wp-content\/uploads\/2025\/03\/iStock-1334473229_cMichel-PERES_foret-de-Boscodon_Paysage-de-montagne-dans-le-massif-de-lOisans-dans-le-parc-national-des-Ecrins-dans-les-Alpes-en-France-en-ete-edited-150x150.jpg 150w, https:\/\/www.teritoria.com\/wp-content\/uploads\/2025\/03\/iStock-1334473229_cMichel-PERES_foret-de-Boscodon_Paysage-de-montagne-dans-le-massif-de-lOisans-dans-le-parc-national-des-Ecrins-dans-les-Alpes-en-France-en-ete-edited-423x423.jpg 423w, https:\/\/www.teritoria.com\/wp-content\/uploads\/2025\/03\/iStock-1334473229_cMichel-PERES_foret-de-Boscodon_Paysage-de-montagne-dans-le-massif-de-lOisans-dans-le-parc-national-des-Ecrins-dans-les-Alpes-en-France-en-ete-edited-206x206.jpg 206w, https:\/\/www.teritoria.com\/wp-content\/uploads\/2025\/03\/iStock-1334473229_cMichel-PERES_foret-de-Boscodon_Paysage-de-montagne-dans-le-massif-de-lOisans-dans-le-parc-national-des-Ecrins-dans-les-Alpes-en-France-en-ete-edited-392x392.jpg 392w, https:\/\/www.teritoria.com\/wp-content\/uploads\/2025\/03\/iStock-1334473229_cMichel-PERES_foret-de-Boscodon_Paysage-de-montagne-dans-le-massif-de-lOisans-dans-le-parc-national-des-Ecrins-dans-les-Alpes-en-France-en-ete-edited-425x425.jpg 425w, https:\/\/www.teritoria.com\/wp-content\/uploads\/2025\/03\/iStock-1334473229_cMichel-PERES_foret-de-Boscodon_Paysage-de-montagne-dans-le-massif-de-lOisans-dans-le-parc-national-des-Ecrins-dans-les-Alpes-en-France-en-ete-edited-207x207.jpg 207w\" sizes=\"auto, (max-width: 587px) 100vw, 587px\" \/><figcaption class=\"wp-element-caption\">panorama dalla foresta di Boscodon \/ iStock \u00a9 Michel Peres<\/figcaption><\/figure>\n<\/div>\n\n\n<p>I sentieri che attraversano la foresta vi <strong>invitano a fare una passeggiata e a godervi il panorama<\/strong>. Tra alberi secolari, torrenti cristallini e sentieri storici, ogni passo vi svela sempre di pi\u00f9 l&#8217;anima di questo luogo magico.<\/p>\n\n\n\n<h2 class=\"wp-block-heading has-luminous-vivid-orange-color has-text-color has-link-color wp-elements-8d0ada342a260be4e99e2f01d87b3eb4\">Ecoturismo e natura: rinfrescati nelle acque cristalline delle Alte Alpi<\/h2>\n\n\n\n<p>Per un soggiorno all&#8217;insegna dello sport in mezzo alle montagne, l&#8217;ideale \u00e8 tuffarvi nelle <strong>acque cristalline delle Alte Alpi<\/strong>. Conosciute in tutto il mondo, sono una tappa obbligatoria per i viaggiatori di tutte le et\u00e0!<\/p>\n\n\n\n<h3 class=\"wp-block-heading\">Lago di Serre-Pon\u00e7on: un gioiello turchese nel cuore delle Alpi<\/h3>\n\n\n\n<p>Il<strong> lago di Serre-Pon\u00e7on<\/strong>, nato dalla costruzione di una diga negli anni \u201960, \u00e8 oggi il pi\u00f9 grande lago artificiale della Francia metropolitana. Un vero mare nell\u2019entroterra, incastonato ai piedi delle montagne, che offre paesaggi spettacolari e numerose attivit\u00e0 acquatiche.<\/p>\n\n\n<div class=\"wp-block-image\">\n<figure class=\"aligncenter size-large is-resized\"><img loading=\"lazy\" decoding=\"async\" width=\"836\" height=\"836\" src=\"https:\/\/www.teritoria.com\/wp-content\/uploads\/2025\/03\/iStock-1223696975_cRazvan_Lac-De-Serre-Poncon_Paysage-dans-les-Alpes-edited.jpg\" alt=\"\" class=\"wp-image-134803\" style=\"aspect-ratio:1;object-fit:cover;width:1448px\" title=\"\" srcset=\"https:\/\/www.teritoria.com\/wp-content\/uploads\/2025\/03\/iStock-1223696975_cRazvan_Lac-De-Serre-Poncon_Paysage-dans-les-Alpes-edited.jpg 836w, https:\/\/www.teritoria.com\/wp-content\/uploads\/2025\/03\/iStock-1223696975_cRazvan_Lac-De-Serre-Poncon_Paysage-dans-les-Alpes-edited-300x300.jpg 300w, https:\/\/www.teritoria.com\/wp-content\/uploads\/2025\/03\/iStock-1223696975_cRazvan_Lac-De-Serre-Poncon_Paysage-dans-les-Alpes-edited-150x150.jpg 150w, https:\/\/www.teritoria.com\/wp-content\/uploads\/2025\/03\/iStock-1223696975_cRazvan_Lac-De-Serre-Poncon_Paysage-dans-les-Alpes-edited-768x768.jpg 768w, https:\/\/www.teritoria.com\/wp-content\/uploads\/2025\/03\/iStock-1223696975_cRazvan_Lac-De-Serre-Poncon_Paysage-dans-les-Alpes-edited-423x423.jpg 423w, https:\/\/www.teritoria.com\/wp-content\/uploads\/2025\/03\/iStock-1223696975_cRazvan_Lac-De-Serre-Poncon_Paysage-dans-les-Alpes-edited-206x206.jpg 206w, https:\/\/www.teritoria.com\/wp-content\/uploads\/2025\/03\/iStock-1223696975_cRazvan_Lac-De-Serre-Poncon_Paysage-dans-les-Alpes-edited-392x392.jpg 392w, https:\/\/www.teritoria.com\/wp-content\/uploads\/2025\/03\/iStock-1223696975_cRazvan_Lac-De-Serre-Poncon_Paysage-dans-les-Alpes-edited-425x425.jpg 425w, https:\/\/www.teritoria.com\/wp-content\/uploads\/2025\/03\/iStock-1223696975_cRazvan_Lac-De-Serre-Poncon_Paysage-dans-les-Alpes-edited-207x207.jpg 207w\" sizes=\"auto, (max-width: 836px) 100vw, 836px\" \/><figcaption class=\"wp-element-caption\">Vista dall&#8217;alto del Lago di Serre-Pon\u00e7on \/ iStock \u00a9 Razvan<\/figcaption><\/figure>\n<\/div>\n\n\n<p>Se cercate <strong>sensazioni tranquille<\/strong>, vi piaceranno attivit\u00e0 come il kayak e il paddle, ideali per esplorare le calette selvagge dalle acque cristalline. Potrete rilassarvi sulle <strong>spiagge insignite della Bandiera Blu<\/strong>, perfette per un bagno in acque che, in estate, raggiungono i 23 \u00b0C. Vi invitiamo a provare anche la vela e la navigazione, grazie ai pi\u00f9 di 1.000 ormeggi disponibili nei porti del lago.<\/p>\n\n\n\n<p><strong>Ben protetto e rispettoso<\/strong> dell&#8217;ambiente, il lago di Serre-Pon\u00e7on \u00e8 una meta da non perdere per gli amanti della natura e delle attivit\u00e0 nautiche eco-responsabili.<\/p>\n\n\n\n<h3 class=\"wp-block-heading\">Il lago di Embrun: una spiaggia in mezzo alle montagne<\/h3>\n\n\n\n<p>A soli 2 km dal centro di Embrun, <strong>il Plan d&#8217;Eau d&#8217;Embrun<\/strong> \u00e8 un luogo ideale per rilassarsi e fare il bagno <strong>con la famiglia<\/strong>. Separato dal lago di Serre-Pon\u00e7on da una diga, quest&#8217;area naturale attrezzata \u00e8 caratterizzata da acque calme e sicure, perfette per grandi e piccini. Sul sito potete rilassarvi sulle spiagge attrezzate e sorvegliate e praticare diverse attivit\u00e0 nautiche, dal pedal\u00f2 al paddle. Il tutto in un ambiente naturale incontaminato, ideale per una <strong>pausa rigenerante<\/strong> dopo un&#8217;escursione nei dintorni.<\/p>\n\n\n<div class=\"wp-block-image\">\n<figure class=\"aligncenter size-large is-resized\"><img loading=\"lazy\" decoding=\"async\" width=\"1024\" height=\"683\" src=\"https:\/\/www.teritoria.com\/wp-content\/uploads\/2025\/03\/iStock-1481755964_cBertrand-Van-isterdael_Lac-dEmbrun_Une-vue-panoramique-du-lac-dEmbrun-en-France-avec-une-chaine-de-montagnes-enneigees-en-arriere-plan-sous-un-ciel-bleu-majestueux-1024x683.jpg\" alt=\"\" class=\"wp-image-134806\" style=\"aspect-ratio:1;object-fit:cover;width:1450px\" title=\"\" srcset=\"https:\/\/www.teritoria.com\/wp-content\/uploads\/2025\/03\/iStock-1481755964_cBertrand-Van-isterdael_Lac-dEmbrun_Une-vue-panoramique-du-lac-dEmbrun-en-France-avec-une-chaine-de-montagnes-enneigees-en-arriere-plan-sous-un-ciel-bleu-majestueux-1024x683.jpg 1024w, https:\/\/www.teritoria.com\/wp-content\/uploads\/2025\/03\/iStock-1481755964_cBertrand-Van-isterdael_Lac-dEmbrun_Une-vue-panoramique-du-lac-dEmbrun-en-France-avec-une-chaine-de-montagnes-enneigees-en-arriere-plan-sous-un-ciel-bleu-majestueux-300x200.jpg 300w, https:\/\/www.teritoria.com\/wp-content\/uploads\/2025\/03\/iStock-1481755964_cBertrand-Van-isterdael_Lac-dEmbrun_Une-vue-panoramique-du-lac-dEmbrun-en-France-avec-une-chaine-de-montagnes-enneigees-en-arriere-plan-sous-un-ciel-bleu-majestueux-768x512.jpg 768w, https:\/\/www.teritoria.com\/wp-content\/uploads\/2025\/03\/iStock-1481755964_cBertrand-Van-isterdael_Lac-dEmbrun_Une-vue-panoramique-du-lac-dEmbrun-en-France-avec-une-chaine-de-montagnes-enneigees-en-arriere-plan-sous-un-ciel-bleu-majestueux.jpg 1253w\" sizes=\"auto, (max-width: 1024px) 100vw, 1024px\" \/><figcaption class=\"wp-element-caption\">Lago di Embrun \u00a9 shutterstock \/ Bertrand Van isterdael<\/figcaption><\/figure>\n<\/div>\n\n\n<p>Dalle cime innevate del <strong>Parco Nazionale degli \u00c9crins<\/strong>, passando per fitte foreste e luminosi pascoli alpini, fino alle acque turchesi del <strong>lago di Serre-Pon\u00e7on<\/strong>, <strong>le Alte Alpi sono un vero paradiso<\/strong> per gli amanti della natura e dell&#8217;avventura. Che siate alla ricerca di escursioni sportive, esperienze autentiche o momenti di relax in mezzo alla natura, questo territorio incontaminato della regione Provenza-Alpi-Costa Azzurra vi regala un terreno di gioco unico, tra cielo e montagne.<\/p>\n\n\n\n<p><\/p>\n\n\n\n<p>Riconnettetevi con l\u2019essenziale e scoprite i tesori delle Alte Alpi. Tutte le nostre strutture Teritoria della regione vi aspettano sul <a href=\"https:\/\/www.teritoria.com\/it\/\">nostro sito web<\/a> o trovate altre ispirazioni per le vostre prossime esperienze in Provenza-Alpi-Costa Azzurra (o altrove) iscrivendovi alla <a href=\"https:\/\/share-eu1.hsforms.com\/1Djr2uzE4Q8mjQLtOL5WiNgf7vkn\" rel=\"nofollow noopener\" target=\"_blank\">nostra newsletter<\/a>. Se questi meravigliosi paesaggi vi hanno gi\u00e0 conquistato, pianificate il vostro viaggio scoprendo il <a href=\"https:\/\/www.teritoria.com\/it\/programma-fedelta-teritoria\/\">nostro programma fedelt\u00e0<\/a>.<\/p>\n\n\n\n<p><\/p>\n\n\n\n<pre class=\"wp-block-verse\">Di Emilie Fallot Nguyen <\/pre>\n\n\n\n<p><\/p>\n","protected":false},"excerpt":{"rendered":"<p>Immergetevi nel cuore delle Alte Alpi e riconnettetevi con la natura! Tra escursioni spettacolari, paesaggi incontaminati ed esperienze autentiche, esplora i tesori naturali della regione PACA. Dal Parco Nazionale degli \u00c9crins alle acque turchesi del lago di Serre-Pon\u00e7on, parti alla scoperta di un territorio intatto e rigenerante.<\/p>\n","protected":false},"author":16,"featured_media":134409,"comment_status":"closed","ping_status":"closed","sticky":false,"template":"","format":"standard","meta":{"_acf_changed":false,"footnotes":""},"categories":[707,23],"tags":[3940],"class_list":["post-139672","post","type-post","status-publish","format-standard","has-post-thumbnail","hentry","category-diari-di-viaggio","category-tutti-i-nostri-articoli","tag-voyage-responsable-it"],"acf":[],"_links":{"self":[{"href":"https:\/\/www.teritoria.com\/it\/wp-json\/wp\/v2\/posts\/139672","targetHints":{"allow":["GET"]}}],"collection":[{"href":"https:\/\/www.teritoria.com\/it\/wp-json\/wp\/v2\/posts"}],"about":[{"href":"https:\/\/www.teritoria.com\/it\/wp-json\/wp\/v2\/types\/post"}],"author":[{"embeddable":true,"href":"https:\/\/www.teritoria.com\/it\/wp-json\/wp\/v2\/users\/16"}],"replies":[{"embeddable":true,"href":"https:\/\/www.teritoria.com\/it\/wp-json\/wp\/v2\/comments?post=139672"}],"version-history":[{"count":5,"href":"https:\/\/www.teritoria.com\/it\/wp-json\/wp\/v2\/posts\/139672\/revisions"}],"predecessor-version":[{"id":150104,"href":"https:\/\/www.teritoria.com\/it\/wp-json\/wp\/v2\/posts\/139672\/revisions\/150104"}],"wp:featuredmedia":[{"embeddable":true,"href":"https:\/\/www.teritoria.com\/it\/wp-json\/wp\/v2\/media\/134409"}],"wp:attachment":[{"href":"https:\/\/www.teritoria.com\/it\/wp-json\/wp\/v2\/media?parent=139672"}],"wp:term":[{"taxonomy":"category","embeddable":true,"href":"https:\/\/www.teritoria.com\/it\/wp-json\/wp\/v2\/categories?post=139672"},{"taxonomy":"post_tag","embeddable":true,"href":"https:\/\/www.teritoria.com\/it\/wp-json\/wp\/v2\/tags?post=139672"}],"curies":[{"name":"wp","href":"https:\/\/api.w.org\/{rel}","templated":true}]}}