{"id":139660,"date":"2025-03-28T11:06:24","date_gmt":"2025-03-28T10:06:24","guid":{"rendered":"https:\/\/www.teritoria.com\/vence-ville-dart-et-de-lumiere\/"},"modified":"2025-07-23T14:35:52","modified_gmt":"2025-07-23T12:35:52","slug":"vence-citta-darte-e-di-luce","status":"publish","type":"post","link":"https:\/\/www.teritoria.com\/it\/vence-citta-darte-e-di-luce\/","title":{"rendered":"Vence, citt\u00e0 d&#8217;arte e di luce"},"content":{"rendered":"\n<pre class=\"wp-block-verse\">Foto di copertina: \u00a9H\u00e9l\u00e8ne Adant_Paris \/ Centre Pompidou-Mnam CCI-Biblioteca Kandinsky<br><\/pre>\n\n\n\n<p>Nel 1976, Vence \u00e8 stata inclusa da <strong>National Geographic<\/strong> tra i <strong>quattro comuni pi\u00f9 belli d&#8217;Europa<\/strong>. E non c&#8217;\u00e8 da stupirsi: la sua luce meridionale, morbida e mutevole, ha affascinato molti artisti, soprattutto gli impressionisti. Vence offre un<strong> paesaggio unico<\/strong> dove la natura e l&#8217;architettura si fondono armoniosamente, rendendola una vera musa per pittori, scultori e creativi di ogni provenienza.<\/p>\n\n\n\n<h2 class=\"wp-block-heading has-luminous-vivid-orange-color has-text-color has-link-color wp-elements-99a765cd86096cc818826a5c6cf20524\">Vence : un patrimonio artistico vivente&nbsp;<\/h2>\n\n\n\n<h3 class=\"wp-block-heading\">Sulle tracce di Matisse&nbsp;<\/h3>\n\n\n\n<p><strong>Henri Matisse<\/strong> \u00e8 una delle figure pi\u00f9 importanti che hanno vissuto a Vence. Il <strong>fascino della citt\u00e0<\/strong> lo ha conquistato ed \u00e8 qui che ha creato alcune delle sue opere pi\u00f9 celebri. Un<strong> itinerario artistico<\/strong> dedicato all&#8217;artista \u00e8 in fase di realizzazione e<strong> permetter\u00e0 ai visitatori di ripercorrere le tappe della sua vita<\/strong> e scoprire la sua influenza sulla citt\u00e0.&nbsp;<\/p>\n\n\n<div class=\"wp-block-image\">\n<figure class=\"aligncenter size-large is-resized\"><img loading=\"lazy\" decoding=\"async\" width=\"1024\" height=\"1024\" src=\"https:\/\/www.teritoria.com\/wp-content\/uploads\/2025\/03\/Helene-Adant_Paris-Centre-Pompidou-Mnam-CCI-Bibliotheque-Kandinsky-1024x1024.jpg\" alt=\"\" class=\"wp-image-133479\" style=\"aspect-ratio:1;object-fit:cover;width:1450px\" title=\"\" srcset=\"https:\/\/www.teritoria.com\/wp-content\/uploads\/2025\/03\/Helene-Adant_Paris-Centre-Pompidou-Mnam-CCI-Bibliotheque-Kandinsky-1024x1024.jpg 1024w, https:\/\/www.teritoria.com\/wp-content\/uploads\/2025\/03\/Helene-Adant_Paris-Centre-Pompidou-Mnam-CCI-Bibliotheque-Kandinsky-300x300.jpg 300w, https:\/\/www.teritoria.com\/wp-content\/uploads\/2025\/03\/Helene-Adant_Paris-Centre-Pompidou-Mnam-CCI-Bibliotheque-Kandinsky-150x150.jpg 150w, https:\/\/www.teritoria.com\/wp-content\/uploads\/2025\/03\/Helene-Adant_Paris-Centre-Pompidou-Mnam-CCI-Bibliotheque-Kandinsky-768x769.jpg 768w, https:\/\/www.teritoria.com\/wp-content\/uploads\/2025\/03\/Helene-Adant_Paris-Centre-Pompidou-Mnam-CCI-Bibliotheque-Kandinsky-1536x1536.jpg 1536w, https:\/\/www.teritoria.com\/wp-content\/uploads\/2025\/03\/Helene-Adant_Paris-Centre-Pompidou-Mnam-CCI-Bibliotheque-Kandinsky-2046x2048.jpg 2046w, https:\/\/www.teritoria.com\/wp-content\/uploads\/2025\/03\/Helene-Adant_Paris-Centre-Pompidou-Mnam-CCI-Bibliotheque-Kandinsky-423x423.jpg 423w, https:\/\/www.teritoria.com\/wp-content\/uploads\/2025\/03\/Helene-Adant_Paris-Centre-Pompidou-Mnam-CCI-Bibliotheque-Kandinsky-206x206.jpg 206w, https:\/\/www.teritoria.com\/wp-content\/uploads\/2025\/03\/Helene-Adant_Paris-Centre-Pompidou-Mnam-CCI-Bibliotheque-Kandinsky-392x392.jpg 392w, https:\/\/www.teritoria.com\/wp-content\/uploads\/2025\/03\/Helene-Adant_Paris-Centre-Pompidou-Mnam-CCI-Bibliotheque-Kandinsky-425x425.jpg 425w, https:\/\/www.teritoria.com\/wp-content\/uploads\/2025\/03\/Helene-Adant_Paris-Centre-Pompidou-Mnam-CCI-Bibliotheque-Kandinsky-207x207.jpg 207w\" sizes=\"auto, (max-width: 1024px) 100vw, 1024px\" \/><figcaption class=\"wp-element-caption\">Villa le R\u00eave, a Vence \u00a9 H\u00e9l\u00e8ne Adant_Paris \/ Centre Pompidou-Mnam CCI-Biblioteca Kandinsky&nbsp;<\/figcaption><\/figure>\n<\/div>\n\n\n<p>La <strong>Villa le R\u00eave<\/strong>, dove Matisse ha vissuto e lavorato, \u00e8 gi\u00e0 un luogo di riferimento per gli amanti dell&#8217;arte. Questo luogo, ancora intriso del suo spirito creativo, oggi ospita <strong>artisti in residenza<\/strong> ed eventi culturali.<\/p>\n\n\n\n<h3 class=\"wp-block-heading\">Una galleria d&#8217;arte a cielo aperto<\/h3>\n\n\n\n<p>Con pi\u00f9 di <strong>35 gallerie<\/strong>, Vence \u00e8 un vero museo a cielo aperto. Passeggiando per le sue strade potete ammirare opere contemporanee e allo stesso tempo <strong>immergervi nella storia artistica <\/strong>della citt\u00e0.<\/p>\n\n\n<div class=\"wp-block-image\">\n<figure class=\"aligncenter size-large is-resized\"><img loading=\"lazy\" decoding=\"async\" width=\"1024\" height=\"1019\" src=\"https:\/\/www.teritoria.com\/wp-content\/uploads\/2025\/03\/17-543707Helene-Adant_Paris-Centre-Pompidou-Mnam-CCI-Bibliotheque-Kandinsky-1024x1019.jpg\" alt=\"\" class=\"wp-image-133482\" style=\"aspect-ratio:1;object-fit:cover;width:1450px\" title=\"\" srcset=\"https:\/\/www.teritoria.com\/wp-content\/uploads\/2025\/03\/17-543707Helene-Adant_Paris-Centre-Pompidou-Mnam-CCI-Bibliotheque-Kandinsky-1024x1019.jpg 1024w, https:\/\/www.teritoria.com\/wp-content\/uploads\/2025\/03\/17-543707Helene-Adant_Paris-Centre-Pompidou-Mnam-CCI-Bibliotheque-Kandinsky-300x300.jpg 300w, https:\/\/www.teritoria.com\/wp-content\/uploads\/2025\/03\/17-543707Helene-Adant_Paris-Centre-Pompidou-Mnam-CCI-Bibliotheque-Kandinsky-150x150.jpg 150w, https:\/\/www.teritoria.com\/wp-content\/uploads\/2025\/03\/17-543707Helene-Adant_Paris-Centre-Pompidou-Mnam-CCI-Bibliotheque-Kandinsky-768x765.jpg 768w, https:\/\/www.teritoria.com\/wp-content\/uploads\/2025\/03\/17-543707Helene-Adant_Paris-Centre-Pompidou-Mnam-CCI-Bibliotheque-Kandinsky-1536x1529.jpg 1536w, https:\/\/www.teritoria.com\/wp-content\/uploads\/2025\/03\/17-543707Helene-Adant_Paris-Centre-Pompidou-Mnam-CCI-Bibliotheque-Kandinsky-2048x2039.jpg 2048w, https:\/\/www.teritoria.com\/wp-content\/uploads\/2025\/03\/17-543707Helene-Adant_Paris-Centre-Pompidou-Mnam-CCI-Bibliotheque-Kandinsky-206x206.jpg 206w, https:\/\/www.teritoria.com\/wp-content\/uploads\/2025\/03\/17-543707Helene-Adant_Paris-Centre-Pompidou-Mnam-CCI-Bibliotheque-Kandinsky-207x207.jpg 207w\" sizes=\"auto, (max-width: 1024px) 100vw, 1024px\" \/><figcaption class=\"wp-element-caption\">Henri Matisse \u00a9 H\u00e9l\u00e8ne Adant_Parigi \/ Centro Pompidou-Mnam CCI-Biblioteca Kandinsky<\/figcaption><\/figure>\n<\/div>\n\n\n<p>La luce, che ha ispirato cos\u00ec tanto Matisse, Chagall e Picasso, continua ad <strong>attirare artisti e curiosi<\/strong> da tutto il mondo.<\/p>\n\n\n\n<h3 class=\"wp-block-heading\">Un museo tra pietra e profumi<\/h3>\n\n\n\n<p>Vence non \u00e8 solo pittura. La citt\u00e0 ha anche un forte legame con il mondo dei profumi, grazie alla <strong>vicinanza con Grasse<\/strong>, la capitale mondiale della profumeria. Il Museo della Pietra Profumata mette in risalto questa tradizione esplorando la storia del profumo e il suo legame con le risorse naturali della regione. Questo savoir-faire, iniziato da Eug\u00e8ne Fuchs della Maison Fragonard nel 1926, arricchisce il patrimonio vivente della citt\u00e0.<\/p>\n\n\n\n<p><\/p>\n\n\n\n<h2 class=\"wp-block-heading has-luminous-vivid-orange-color has-text-color has-link-color wp-elements-fc097955ddf5a8e9b990903c86282b46\">Una passeggiata tra storia e arte a Vence<\/h2>\n\n\n\n<p>Prima di diventare un angolo di paradiso per gli artisti, Vence era una <strong>citt\u00e0 episcopale fin dal IV\u00b0 secolo<\/strong>. Il suo centro storico, circondato da mura medievali, racconta il suo passato turbolento e prestigioso. Il patrimonio architettonico testimonia i secoli di storia che hanno plasmato la citt\u00e0. Passeggiando per i vicoli, i visitatori possono ammirare tesori che narrano l&#8217;evoluzione di questa citt\u00e0 provenzale, tra influenze medievali, feudali ed episcopali.<\/p>\n\n\n\n<h3 class=\"wp-block-heading\">La Place du March\u00e9, un posto pieno di vita e storia<\/h3>\n\n\n\n<p>La Place du March\u00e9 (Piazza del Mercato) \u00e8 un <strong>luogo imperdibile<\/strong> se volete immergervi in un&#8217;atmosfera autentica di Vence. Fin dal Medioevo, ospita mercati e fiere, dove commercianti e artigiani si riuniscono in un&#8217; effervescenza colorata.<\/p>\n\n\n<div class=\"wp-block-image\">\n<figure class=\"aligncenter size-large is-resized\"><img loading=\"lazy\" decoding=\"async\" width=\"768\" height=\"1024\" src=\"https:\/\/www.teritoria.com\/wp-content\/uploads\/2025\/03\/CRTL-Vence-_-Marc-Chaix-_-Fontaine-de-Peyra-768x1024.jpg\" alt=\"\" class=\"wp-image-133816\" style=\"aspect-ratio:1;object-fit:cover;width:1450px\" title=\"\" srcset=\"https:\/\/www.teritoria.com\/wp-content\/uploads\/2025\/03\/CRTL-Vence-_-Marc-Chaix-_-Fontaine-de-Peyra-768x1024.jpg 768w, https:\/\/www.teritoria.com\/wp-content\/uploads\/2025\/03\/CRTL-Vence-_-Marc-Chaix-_-Fontaine-de-Peyra-225x300.jpg 225w, https:\/\/www.teritoria.com\/wp-content\/uploads\/2025\/03\/CRTL-Vence-_-Marc-Chaix-_-Fontaine-de-Peyra-1152x1536.jpg 1152w, https:\/\/www.teritoria.com\/wp-content\/uploads\/2025\/03\/CRTL-Vence-_-Marc-Chaix-_-Fontaine-de-Peyra-1536x2048.jpg 1536w, https:\/\/www.teritoria.com\/wp-content\/uploads\/2025\/03\/CRTL-Vence-_-Marc-Chaix-_-Fontaine-de-Peyra-scaled.jpg 1920w\" sizes=\"auto, (max-width: 768px) 100vw, 768px\" \/><figcaption class=\"wp-element-caption\">La fontana bassa, a Vence \/ \u00a9 Marc Chaix<\/figcaption><\/figure>\n<\/div>\n\n\n<p>Circondata da facciate color ocra e terrazze animate, conserva una tradizione conviviale dove i sapori e i profumi mediterranei si fondono con gli echi del passato.<\/p>\n\n\n\n<h3 class=\"wp-block-heading\">Un patrimonio architettonico notevole<\/h3>\n\n\n\n<p>Durante la passeggiata, fermatevi a <strong>Place du March\u00e9<\/strong> (piazza del mercato) per ammirare la fontana medievale. <strong>A Vence, l\u2019acqua \u00e8 un elemento centrale<\/strong>: la citt\u00e0 \u00e8 attraversata da tre fiumi e conta una ventina di fontane. Alle sue acque, leggere e rinfrescanti, vengono attribuite <strong>numerose propriet\u00e0<\/strong>, tra cui effetti dissetanti e persino diuretici.<\/p>\n\n\n\n<p>Le varie fontane della citt\u00e0 rendono il luogo ancora pi\u00f9 <strong>pittoresco<\/strong>, alcune risalgono al XVI\u00b0 secolo. Le pi\u00f9 note sono la Fontaine Vieille, che risale a prima del XVI\u00b0 secolo, e la Peyra (1539, restaurata nel 1822).<\/p>\n\n\n<div class=\"wp-block-image\">\n<figure class=\"aligncenter size-large is-resized\"><img loading=\"lazy\" decoding=\"async\" width=\"768\" height=\"1024\" src=\"https:\/\/www.teritoria.com\/wp-content\/uploads\/2025\/03\/CRTL-Vence-_-Marc-Chaix-_-Basse-Fontaine-1-768x1024.jpg\" alt=\"\" class=\"wp-image-133819\" style=\"aspect-ratio:1;object-fit:cover;width:1450px\" title=\"\" srcset=\"https:\/\/www.teritoria.com\/wp-content\/uploads\/2025\/03\/CRTL-Vence-_-Marc-Chaix-_-Basse-Fontaine-1-768x1024.jpg 768w, https:\/\/www.teritoria.com\/wp-content\/uploads\/2025\/03\/CRTL-Vence-_-Marc-Chaix-_-Basse-Fontaine-1-225x300.jpg 225w, https:\/\/www.teritoria.com\/wp-content\/uploads\/2025\/03\/CRTL-Vence-_-Marc-Chaix-_-Basse-Fontaine-1-1152x1536.jpg 1152w, https:\/\/www.teritoria.com\/wp-content\/uploads\/2025\/03\/CRTL-Vence-_-Marc-Chaix-_-Basse-Fontaine-1-1536x2048.jpg 1536w, https:\/\/www.teritoria.com\/wp-content\/uploads\/2025\/03\/CRTL-Vence-_-Marc-Chaix-_-Basse-Fontaine-1-scaled.jpg 1920w\" sizes=\"auto, (max-width: 768px) 100vw, 768px\" \/><figcaption class=\"wp-element-caption\">Fontana della Peyra, a Vence \/ \u00a9 Marx Chaix<\/figcaption><\/figure>\n<\/div>\n\n\n<p>In questa citt\u00e0, anche i castelli meritano attenzione. Il <strong>Castello Villeneuve<\/strong> (XIII\u00b0-XIV\u00b0 secolo) e la sua controparte fuori le mura del XVII\u00b0 secolo testimoniano il passato nobile della citt\u00e0. Il secondo, trasformato in museo su iniziativa del sindaco \u00c9mile Hugues, ospita <strong>oggi mostre prestigiose<\/strong>.<\/p>\n\n\n\n<h3 class=\"wp-block-heading\">La Cattedrale di Vence, una delle pi\u00f9 antiche della regione<\/h3>\n\n\n\n<p>Costruita sulle rovine di un <strong>tempio romano<\/strong>, la <strong>Cattedrale di Notre-Dame de la Nativit\u00e9<\/strong> \u00e8 una delle pi\u00f9 antiche della regione. Il suo tesoro pi\u00f9 prezioso \u00e8 sicuramente il <strong>mosaico di Marc Chagall \u201cMos\u00e8 salvato dalle acque\u201d<\/strong>, che aggiunge un tocco di arte moderna a questo monumento pieno di spiritualit\u00e0 e storia.<\/p>\n\n\n\n<p><\/p>\n\n\n\n<h2 class=\"wp-block-heading has-luminous-vivid-orange-color has-text-color has-link-color wp-elements-77453cf803477c5a9365a82b85961ced\">Un tour artistico tra le chiesette di Vence<\/h2>\n\n\n\n<p>Vence ospita ancora<strong> 21 chiesette<\/strong>, alcune delle quali sono dei veri e propri gioielli di architettura e arte sacra. Tra le pi\u00f9 notevoli:<\/p>\n\n\n\n<h3 class=\"wp-block-heading\">La Chapelle du Rosaire: l&#8217;opera completa di Matisse<\/h3>\n\n\n<div class=\"wp-block-image\">\n<figure class=\"aligncenter size-large is-resized\"><img loading=\"lazy\" decoding=\"async\" width=\"683\" height=\"1024\" src=\"https:\/\/www.teritoria.com\/wp-content\/uploads\/2025\/03\/iStock-1365922677_cArmando-Oliveira_Facade-de-la-chapelle-Rosario-oeuvre-dHenri-Matisse-a-St-Paul-de-Vence-683x1024.jpg\" alt=\"\" class=\"wp-image-134742\" style=\"aspect-ratio:1;object-fit:cover;width:1450px\" title=\"\" srcset=\"https:\/\/www.teritoria.com\/wp-content\/uploads\/2025\/03\/iStock-1365922677_cArmando-Oliveira_Facade-de-la-chapelle-Rosario-oeuvre-dHenri-Matisse-a-St-Paul-de-Vence-683x1024.jpg 683w, https:\/\/www.teritoria.com\/wp-content\/uploads\/2025\/03\/iStock-1365922677_cArmando-Oliveira_Facade-de-la-chapelle-Rosario-oeuvre-dHenri-Matisse-a-St-Paul-de-Vence-200x300.jpg 200w, https:\/\/www.teritoria.com\/wp-content\/uploads\/2025\/03\/iStock-1365922677_cArmando-Oliveira_Facade-de-la-chapelle-Rosario-oeuvre-dHenri-Matisse-a-St-Paul-de-Vence-768x1151.jpg 768w, https:\/\/www.teritoria.com\/wp-content\/uploads\/2025\/03\/iStock-1365922677_cArmando-Oliveira_Facade-de-la-chapelle-Rosario-oeuvre-dHenri-Matisse-a-St-Paul-de-Vence-1024x1536.jpg 1024w, https:\/\/www.teritoria.com\/wp-content\/uploads\/2025\/03\/iStock-1365922677_cArmando-Oliveira_Facade-de-la-chapelle-Rosario-oeuvre-dHenri-Matisse-a-St-Paul-de-Vence-1366x2048.jpg 1366w, https:\/\/www.teritoria.com\/wp-content\/uploads\/2025\/03\/iStock-1365922677_cArmando-Oliveira_Facade-de-la-chapelle-Rosario-oeuvre-dHenri-Matisse-a-St-Paul-de-Vence.jpg 1414w\" sizes=\"auto, (max-width: 683px) 100vw, 683px\" \/><figcaption class=\"wp-element-caption\">Facciata della Chapelle du Rosaire \/ Shutterstock \u00a9 Armando Oliveira<\/figcaption><\/figure>\n<\/div>\n\n\n<p><strong>Progettata da Henri Matisse<\/strong> tra il 1947 e il 1951, questa chiesetta \u00e8 un capolavoro in cui l&#8217;artista ha curato ogni dettaglio, <strong>dalle vetrate agli ornamenti<\/strong>. Il gioco di luci, la semplicit\u00e0 essenziale e i motivi colorati la rendono un luogo unico, imperdibile per gli amanti dell&#8217;arte e dell&#8217;architettura religiosa.<\/p>\n\n\n\n<p><\/p>\n\n\n\n<h3 class=\"wp-block-heading\">Altre chiesette significative<\/h3>\n\n\n\n<p>Vence si distingue per il suo straordinario <strong>patrimonio religioso<\/strong>, testimoniato da numerose chiesette che raccontano la storia e la spiritualit\u00e0 della citt\u00e0. Tra le pi\u00f9 antiche, la <strong>Chapelle Sainte-Colombe<\/strong> <strong>(XII\u00b0-XIII\u00b0 secolo)<\/strong> e la <strong>Chapelle Sainte-\u00c9lisabeth (XIII\u00b0-XIV\u00b0 secolo)<\/strong> conservano l\u2019impronta medievale della citt\u00e0, mentre la <strong>Chapelle Saint-Rapha\u00ebl<\/strong> <strong>(XV\u00b0 secolo)<\/strong> segna il passaggio al Rinascimento. Nei secoli successivi sorgono autentici gioielli come la <strong>Chapelle des P\u00e9nitents Blancs (1614),<\/strong> la <strong>Chapelle Sainte-Anne<\/strong> <strong>(1617)<\/strong> e la maestosa <strong>Grande Chapelle du Calvaire (1701)<\/strong>, che domina il paesaggio di Vence con il suo complesso di cinque piccole cappelle costruite nel 1720. Pi\u00f9 tardi, la <strong>Chapelle de Saint-Lambert (1881)<\/strong> e la <strong>Chapelle de Notre-Dame des Missions (XX\u00b0 secolo)<\/strong> completano questo insieme unico, dove storia e spiritualit\u00e0 si intrecciano.<\/p>\n\n\n\n<p>Ogni chiesetta ha il suo <strong>fascino<\/strong> e vi accompagna in un viaggio attraverso stili ed epoche diverse, alla scoperta dell\u2019anima di Vence, tra tradizione e ispirazione.<\/p>\n\n\n\n<p><\/p>\n\n\n\n<p>Immersa in una luce unica e ricca di storia, Vence continua a essere una <strong>fonte di ispirazione<\/strong> per artisti di tutto il mondo. E che siate amanti dell&#8217;arte, appassionati di storia o semplicemente un turista in cerca di meraviglie, la citt\u00e0 vi regala un viaggio fuori dal tempo, dove ogni angolo rivela un pezzo del suo ricco patrimonio. Per scoprire altre citt\u00e0 con una storia emozionante e scenari ricchi, iscrivetevi alla <a href=\"https:\/\/share-eu1.hsforms.com\/1Djr2uzE4Q8mjQLtOL5WiNgf7vkn\" rel=\"nofollow noopener\" target=\"_blank\">nostra newsletter<\/a> o visitate il <a href=\"https:\/\/www.teritoria.com\/it\/\">nostro sito web<\/a>.<\/p>\n\n\n\n<p><\/p>\n\n\n\n<pre class=\"wp-block-verse\">Di Emilie FALLOT NGUYEN <\/pre>\n\n\n\n<p><\/p>\n","protected":false},"excerpt":{"rendered":"<p>Henri Matisse, Marc Chagall e Pablo Picasso hanno lasciato il segno in questa citt\u00e0, attratti dalla sua tranquillit\u00e0 e dal suo incantevole scenario. Ancora oggi, Vence porta avanti questa tradizione artistica attraverso i suoi vicoli, le sue gallerie e i suoi ateliers. <\/p>\n","protected":false},"author":16,"featured_media":133487,"comment_status":"closed","ping_status":"closed","sticky":false,"template":"","format":"standard","meta":{"_acf_changed":false,"footnotes":""},"categories":[707,23],"tags":[3940],"class_list":["post-139660","post","type-post","status-publish","format-standard","has-post-thumbnail","hentry","category-diari-di-viaggio","category-tutti-i-nostri-articoli","tag-voyage-responsable-it"],"acf":[],"_links":{"self":[{"href":"https:\/\/www.teritoria.com\/it\/wp-json\/wp\/v2\/posts\/139660","targetHints":{"allow":["GET"]}}],"collection":[{"href":"https:\/\/www.teritoria.com\/it\/wp-json\/wp\/v2\/posts"}],"about":[{"href":"https:\/\/www.teritoria.com\/it\/wp-json\/wp\/v2\/types\/post"}],"author":[{"embeddable":true,"href":"https:\/\/www.teritoria.com\/it\/wp-json\/wp\/v2\/users\/16"}],"replies":[{"embeddable":true,"href":"https:\/\/www.teritoria.com\/it\/wp-json\/wp\/v2\/comments?post=139660"}],"version-history":[{"count":2,"href":"https:\/\/www.teritoria.com\/it\/wp-json\/wp\/v2\/posts\/139660\/revisions"}],"predecessor-version":[{"id":150102,"href":"https:\/\/www.teritoria.com\/it\/wp-json\/wp\/v2\/posts\/139660\/revisions\/150102"}],"wp:featuredmedia":[{"embeddable":true,"href":"https:\/\/www.teritoria.com\/it\/wp-json\/wp\/v2\/media\/133487"}],"wp:attachment":[{"href":"https:\/\/www.teritoria.com\/it\/wp-json\/wp\/v2\/media?parent=139660"}],"wp:term":[{"taxonomy":"category","embeddable":true,"href":"https:\/\/www.teritoria.com\/it\/wp-json\/wp\/v2\/categories?post=139660"},{"taxonomy":"post_tag","embeddable":true,"href":"https:\/\/www.teritoria.com\/it\/wp-json\/wp\/v2\/tags?post=139660"}],"curies":[{"name":"wp","href":"https:\/\/api.w.org\/{rel}","templated":true}]}}