{"id":139383,"date":"2025-05-28T16:33:59","date_gmt":"2025-05-28T14:33:59","guid":{"rendered":"https:\/\/www.teritoria.com\/dordogne-entre-chateaux-et-paysages\/"},"modified":"2025-07-22T17:03:36","modified_gmt":"2025-07-22T15:03:36","slug":"dordogna-tra-castelli-e-paesaggi","status":"publish","type":"post","link":"https:\/\/www.teritoria.com\/it\/dordogna-tra-castelli-e-paesaggi\/","title":{"rendered":"Dordogna: impronta viva del passato"},"content":{"rendered":"\n<p>Foto di copertina: La Dordogna nella citt\u00e0 di La Roque-Gageac \u00a9Shutterstock\/CristiDumi_<br><\/p>\n\n\n\n<p>Articolo in collaborazione con il<a href=\"https:\/\/www.france.fr\/it\/articolo\/dordogne-perigord\/\" rel=\"nofollow noopener\" target=\"_blank\"> CRTL Dordogne-P\u00e9rigord, Nuova Aquitania<\/a><\/p>\n\n\n\n<p><\/p>\n\n\n\n<p>Nascosta nel cuore del sud-ovest, la <strong>Dordogna <\/strong>\u00e8 un dipartimento emblematico della Francia, creato durante la Rivoluzione francese. Terra ricca di storia, ospita tesori preistorici come le celebri grotte di Lascaux, veri e propri santuari dell&#8217;arte rupestre. La Dordogna vanta anche un\u2019eccezionale eredit\u00e0 culturale: conserva una <strong>ricchezza rara<\/strong>, con numerosi siti c<strong>lassificati patrimonio mondiale dell\u2019UNESCO<\/strong>, tra cui l\u2019abbazia di Cadouin, la cattedrale di Saint-Front, l\u2019abbazia di Notre-Dame de Bonne-Esp\u00e9rance e persino un formaggio, la Trappe d\u2019\u00c9chourgnac. Teritoria vi fa scoprire il fascino autentico di una regione che merita di essere conosciuta meglio.<\/p>\n\n\n\n<h2 class=\"wp-block-heading has-luminous-vivid-orange-color has-text-color has-link-color wp-elements-fe9999307ab4d46e2de8d3dc6ccea188\">Tre castelli da scoprire: la selezione Teritoria<\/h2>\n\n\n\n<p>La Dordogna \u00e8 terra di castelli, ma se cercate luoghi autentici e volete avventurarvi<strong> fuori dai sentieri battuti<\/strong>, Teritoria vi consiglia questi tre castelli, diversi tra loro ma tutti emblemi di un&#8217;epoca.<\/p>\n\n\n\n<h3 class=\"wp-block-heading\">Castello des Milandes, Castelnaud-la-Chapelle&nbsp;<\/h3>\n\n\n\n<p>Antica dimora di <strong>Jos\u00e9phine Baker<\/strong>, il castello unisce tradizione e modernit\u00e0, tra la storia dell\u2019icona e un escape game ispirato alla sua vita. Di propriet\u00e0 della famiglia aristocratica Caumont fin dal X\u00b0 secolo, fu acquistato nel 1900 da un industriale deciso a preservarlo. <strong>Innamoratasi del luogo<\/strong> negli anni \u201930, Jos\u00e9phine vi spos\u00f2 Jo Bouillon e si stabil\u00ec qui per scrivere le sue memorie e accogliere la sua \u201cfamiglia arcobaleno\u201d di dodici figli. Negli anni \u201950 cre\u00f2 il suo \u201cborgo del mondo\u201d e organizz\u00f2 spettacoli con ospiti come Duke Ellington e Jacques Brel. Nel 2025 \u00e8 stata simbolicamente accolta al Panth\u00e9on: oggi la sua presenza \u00e8 ovunque nel castello, dove si possono ammirare la celebre cintura di banane e una statua che la ritrae mentre bacia uno dei suoi figli.<\/p>\n\n\n\n<div class=\"wp-block-group is-content-justification-center is-nowrap is-layout-flex wp-container-core-group-is-layout-94bc23d7 wp-block-group-is-layout-flex\">\n<figure class=\"wp-block-image size-full is-resized\"><img loading=\"lazy\" decoding=\"async\" width=\"1000\" height=\"667\" src=\"https:\/\/www.teritoria.com\/wp-content\/uploads\/2025\/05\/Chateau-des-milandes_shutterstock_2608581373_Lev-Levin-1.jpg\" alt=\"\" class=\"wp-image-138591\" style=\"aspect-ratio:1;object-fit:cover;width:1450px;height:auto\" title=\"\" srcset=\"https:\/\/www.teritoria.com\/wp-content\/uploads\/2025\/05\/Chateau-des-milandes_shutterstock_2608581373_Lev-Levin-1.jpg 1000w, https:\/\/www.teritoria.com\/wp-content\/uploads\/2025\/05\/Chateau-des-milandes_shutterstock_2608581373_Lev-Levin-1-300x200.jpg 300w, https:\/\/www.teritoria.com\/wp-content\/uploads\/2025\/05\/Chateau-des-milandes_shutterstock_2608581373_Lev-Levin-1-768x512.jpg 768w\" sizes=\"auto, (max-width: 1000px) 100vw, 1000px\" \/><figcaption class=\"wp-element-caption\">ch\u00e2teau des milandes \u00a9shutterstock\/_lev-levin<\/figcaption><\/figure>\n\n\n\n<p><\/p>\n\n\n\n<figure class=\"wp-block-image size-full is-resized\"><img loading=\"lazy\" decoding=\"async\" width=\"667\" height=\"1000\" src=\"https:\/\/www.teritoria.com\/wp-content\/uploads\/2025\/05\/Chateau-des-milandes-en-Dordogne_shutterstock_2608581441_lev-levin.jpg\" alt=\"\" class=\"wp-image-138594\" style=\"aspect-ratio:1;object-fit:cover;width:1450px\" title=\"\" srcset=\"https:\/\/www.teritoria.com\/wp-content\/uploads\/2025\/05\/Chateau-des-milandes-en-Dordogne_shutterstock_2608581441_lev-levin.jpg 667w, https:\/\/www.teritoria.com\/wp-content\/uploads\/2025\/05\/Chateau-des-milandes-en-Dordogne_shutterstock_2608581441_lev-levin-200x300.jpg 200w\" sizes=\"auto, (max-width: 667px) 100vw, 667px\" \/><figcaption class=\"wp-element-caption\">castello des milandes \u00a9shutterstock\/_lev-levin<\/figcaption><\/figure>\n<\/div>\n\n\n\n<p>Ma non \u00e8 questa l\u2019unica particolarit\u00e0 del castello: il giardino, classificato come <strong>Giardino Notevole<\/strong> e <strong>Monumento Storico<\/strong>, fu progettato da Jules Vacherot, capo giardiniere della citt\u00e0 di Parigi durante l\u2019Esposizione Universale del 1900.<\/p>\n\n\n<div class=\"wp-block-image\">\n<figure class=\"aligncenter size-full is-resized\"><img loading=\"lazy\" decoding=\"async\" width=\"1000\" height=\"667\" src=\"https:\/\/www.teritoria.com\/wp-content\/uploads\/2025\/05\/Jardin-des-milandes_shutterstock_2218781741_Martin-Hibberd.jpg\" alt=\"\" class=\"wp-image-138598\" style=\"aspect-ratio:1;object-fit:cover;width:1450px\" title=\"\" srcset=\"https:\/\/www.teritoria.com\/wp-content\/uploads\/2025\/05\/Jardin-des-milandes_shutterstock_2218781741_Martin-Hibberd.jpg 1000w, https:\/\/www.teritoria.com\/wp-content\/uploads\/2025\/05\/Jardin-des-milandes_shutterstock_2218781741_Martin-Hibberd-300x200.jpg 300w, https:\/\/www.teritoria.com\/wp-content\/uploads\/2025\/05\/Jardin-des-milandes_shutterstock_2218781741_Martin-Hibberd-768x512.jpg 768w\" sizes=\"auto, (max-width: 1000px) 100vw, 1000px\" \/><figcaption class=\"wp-element-caption\">Giardino del Castello des Milandes, in Dordogna \u00a9 Shutterstock \/Martin-Hibberd<\/figcaption><\/figure><\/div>\n\n\n<p>Su sei ettari di parco, potrete incontrare <strong>60 rapaci protetti<\/strong>: il sito sostiene un\u2019associazione impegnata nella tutela del paesaggio, delle specie e della biodiversit\u00e0. Non perdetevi la<strong> voliera del parco <\/strong>e i progetti di reintroduzione della civetta degli Urali in Baviera e dell\u2019aquila di mare dal becco bianco sul Lago di Ginevra.<\/p>\n\n\n\n<h3 class=\"wp-block-heading\">Castello di Beynac, Beynac-et-Cazenac<\/h3>\n\n\n\n<p>Arroccato in cima a una scogliera, il castello si affaccia sulla Dordogna da <strong>nove secoli<\/strong>. Le sue mura echeggiano ancora i passi di Riccardo Cuor di Leone, Simon de Montfort o degli Stati Generali durante la Guerra dei Cent\u2019anni. Il castello medievale, circondato dall\u2019acqua in autunno, \u00e8 accessibile solo in<strong> gabarre<\/strong>, un&#8217; imbarcazione tradizionale fluviale.<\/p>\n\n\n<div class=\"wp-block-image\">\n<figure class=\"aligncenter size-full is-resized\"><img loading=\"lazy\" decoding=\"async\" width=\"1000\" height=\"1000\" src=\"https:\/\/www.teritoria.com\/wp-content\/uploads\/2025\/05\/Chateau-de-Beynac_shutterstock_576924004_travellight.jpg\" alt=\"\" class=\"wp-image-137962\" style=\"aspect-ratio:1;object-fit:cover;width:1450px\" title=\"\" srcset=\"https:\/\/www.teritoria.com\/wp-content\/uploads\/2025\/05\/Chateau-de-Beynac_shutterstock_576924004_travellight.jpg 1000w, https:\/\/www.teritoria.com\/wp-content\/uploads\/2025\/05\/Chateau-de-Beynac_shutterstock_576924004_travellight-300x300.jpg 300w, https:\/\/www.teritoria.com\/wp-content\/uploads\/2025\/05\/Chateau-de-Beynac_shutterstock_576924004_travellight-150x150.jpg 150w, https:\/\/www.teritoria.com\/wp-content\/uploads\/2025\/05\/Chateau-de-Beynac_shutterstock_576924004_travellight-768x768.jpg 768w, https:\/\/www.teritoria.com\/wp-content\/uploads\/2025\/05\/Chateau-de-Beynac_shutterstock_576924004_travellight-423x423.jpg 423w, https:\/\/www.teritoria.com\/wp-content\/uploads\/2025\/05\/Chateau-de-Beynac_shutterstock_576924004_travellight-206x206.jpg 206w, https:\/\/www.teritoria.com\/wp-content\/uploads\/2025\/05\/Chateau-de-Beynac_shutterstock_576924004_travellight-392x392.jpg 392w, https:\/\/www.teritoria.com\/wp-content\/uploads\/2025\/05\/Chateau-de-Beynac_shutterstock_576924004_travellight-425x425.jpg 425w, https:\/\/www.teritoria.com\/wp-content\/uploads\/2025\/05\/Chateau-de-Beynac_shutterstock_576924004_travellight-207x207.jpg 207w\" sizes=\"auto, (max-width: 1000px) 100vw, 1000px\" \/><figcaption class=\"wp-element-caption\">Castello di Beynac \u00a9Shutterstock\/travellight<\/figcaption><\/figure><\/div>\n\n\n<p>Da scoprire: mastio, sala delle guardie, sala degli Stati del P\u00e9rigord, oratorio, scala del XVII\u00b0 secolo, saloni con boiserie, terrazza dello sperone, barbacane e ponte levatoio. Un tuffo nel passato!<\/p>\n\n\n\n<h3 class=\"wp-block-heading\">Castello di Hautefort&nbsp;<\/h3>\n\n\n\n<p>Unico <strong>castello classico<\/strong> del P\u00e9rigord, vi accompagna nell&#8217;eleganza del XVII\u00b0 secolo. Un tempo dimora del marchese d&#8217;Hautefort, ha ospitato Colbert, la baronessa di Bastard e diversi ministri di Luigi XIV\u00b0. Parzialmente distrutto da un incendio nel 1968, oggi propone un percorso immersivo che racconta quell&#8217;evento drammatico. L&#8217;ingresso include la visita a una cucina del XVII\u00b0 secolo, completa di <strong>forno per il pane d&#8217;epoca<\/strong>.<\/p>\n\n\n<div class=\"wp-block-image\">\n<figure class=\"aligncenter size-full is-resized\"><img loading=\"lazy\" decoding=\"async\" width=\"1000\" height=\"664\" src=\"https:\/\/www.teritoria.com\/wp-content\/uploads\/2025\/05\/Chateau-Hautefort_shutterstock_1392300149_javarman.jpg\" alt=\"\" class=\"wp-image-137965\" style=\"aspect-ratio:4\/3;object-fit:cover;width:1450px\" title=\"\" srcset=\"https:\/\/www.teritoria.com\/wp-content\/uploads\/2025\/05\/Chateau-Hautefort_shutterstock_1392300149_javarman.jpg 1000w, https:\/\/www.teritoria.com\/wp-content\/uploads\/2025\/05\/Chateau-Hautefort_shutterstock_1392300149_javarman-300x199.jpg 300w, https:\/\/www.teritoria.com\/wp-content\/uploads\/2025\/05\/Chateau-Hautefort_shutterstock_1392300149_javarman-768x510.jpg 768w\" sizes=\"auto, (max-width: 1000px) 100vw, 1000px\" \/><figcaption class=\"wp-element-caption\">Castello di Hautefort \u00a9Shutterstock\/javarman<\/figcaption><\/figure><\/div>\n\n\n<p>Il <strong>parco di 30 ettari<\/strong> \u00e8 una fusione raffinata tra il giardino all\u2019inglese, progettato da Choulot e ispirato ad Alexander Pope, e quello alla francese nello stile di Le N\u00f4tre.<\/p>\n\n\n\n<h2 class=\"wp-block-heading has-luminous-vivid-orange-color has-text-color has-link-color wp-elements-df0fb1368cdcf960ea166e51f6d187b9\">I paesaggi autentici della Dordogna<\/h2>\n\n\n\n<p>Si narra che gli uomini preistorici abbiano scelto di stabilirsi nella Dordogna per i suoi paesaggi collinari, i fiumi sinuosi e le scogliere calcaree. Non \u00e8 difficile capirne il motivo.<\/p>\n\n\n\n<h3 class=\"wp-block-heading\">Il tesoro della Dordogna: la natura<\/h3>\n\n\n\n<p>I <strong>cingles<\/strong> della Dordogna, tra Montfort e Tr\u00e9molat, sono spettacolari falesie calcaree che dominano le ampie anse del fiume. Dalle strade sospese o dalle scogliere, si gode di panorami di rara bellezza.<\/p>\n\n\n<div class=\"wp-block-image\">\n<figure class=\"aligncenter size-full is-resized\"><img loading=\"lazy\" decoding=\"async\" width=\"1000\" height=\"497\" src=\"https:\/\/www.teritoria.com\/wp-content\/uploads\/2025\/05\/femme-admirant-cingle-du-Perigord_shutterstock_2202050977_margouillat-photo.jpg\" alt=\"\" class=\"wp-image-138327\" style=\"aspect-ratio:1;object-fit:cover;width:1450px\" title=\"\" srcset=\"https:\/\/www.teritoria.com\/wp-content\/uploads\/2025\/05\/femme-admirant-cingle-du-Perigord_shutterstock_2202050977_margouillat-photo.jpg 1000w, https:\/\/www.teritoria.com\/wp-content\/uploads\/2025\/05\/femme-admirant-cingle-du-Perigord_shutterstock_2202050977_margouillat-photo-300x149.jpg 300w, https:\/\/www.teritoria.com\/wp-content\/uploads\/2025\/05\/femme-admirant-cingle-du-Perigord_shutterstock_2202050977_margouillat-photo-768x382.jpg 768w\" sizes=\"auto, (max-width: 1000px) 100vw, 1000px\" \/><figcaption class=\"wp-element-caption\">Ammira i cingles della Dordogna \u00a9Shutterstock\/margouillat photo<\/figcaption><\/figure><\/div>\n\n\n<p>L&#8217;<strong>Esplanade de Domme<\/strong>, arroccata sulla valle della Dordogna, offre una vista mozzafiato. Da qui, i meandri del fiume sembrano non finire mai. Il tempo sembra essersi fermato.<\/p>\n\n\n\n<p>Infine, per un&#8217;escursione diversa: la <strong>bicicletta a pedali del P\u00e9rigord verde<\/strong> offre una <a href=\"https:\/\/www.teritoria.com\/itineraire-velo-en-europe\/\">gita bucolica in bicicletta<\/a> di 14 km andata e ritorno fino a Saint-Andrieux, tra natura, patrimonio e semplice divertimento.<\/p>\n\n\n\n<h3 class=\"wp-block-heading\">Borghi e leggende<\/h3>\n\n\n\n<p>&nbsp;Tra Castelnaud, Marqueyssac e Beynac, i castelli dominano la valle dai loro speroni rocciosi. Dai <strong>giardini pensili<\/strong> di Marqueyssac, la vista su La Roque-Gageac \u00e8 spettacolare. Questo borgo, stretto tra la falesia e il fiume, incarna da solo il soprannome di \u201c<strong>valle dei castelli<\/strong>\u201d.<\/p>\n\n\n<div class=\"wp-block-image\">\n<figure class=\"aligncenter size-full is-resized\"><img loading=\"lazy\" decoding=\"async\" width=\"1000\" height=\"667\" src=\"https:\/\/www.teritoria.com\/wp-content\/uploads\/2025\/05\/jardins-de-Marqueyssac_shutterstock_3354394_paul-prescott.jpg\" alt=\"\" class=\"wp-image-138330\" style=\"aspect-ratio:1;object-fit:cover;width:1450px\" title=\"\" srcset=\"https:\/\/www.teritoria.com\/wp-content\/uploads\/2025\/05\/jardins-de-Marqueyssac_shutterstock_3354394_paul-prescott.jpg 1000w, https:\/\/www.teritoria.com\/wp-content\/uploads\/2025\/05\/jardins-de-Marqueyssac_shutterstock_3354394_paul-prescott-300x200.jpg 300w, https:\/\/www.teritoria.com\/wp-content\/uploads\/2025\/05\/jardins-de-Marqueyssac_shutterstock_3354394_paul-prescott-768x512.jpg 768w\" sizes=\"auto, (max-width: 1000px) 100vw, 1000px\" \/><figcaption class=\"wp-element-caption\">I giardini di Marqueyssac \u00a9Shutterstock\/paul prescott<\/figcaption><\/figure><\/div>\n\n\n<p>Classificato tra i<strong> borghi pi\u00f9 belli di Francia<\/strong>, La C\u00f4te de Jor, a Saint-L\u00e9on-sur-V\u00e9z\u00e8re, offre un affascinante panorama molto apprezzato dagli appassionati di parapendio. La valle della V\u00e9z\u00e8re rivela tutta la <strong>sua dolcezza<\/strong> e il suo patrimonio preistorico. Di fronte a Lalinde, la <strong>cappella romanica di Saint-Front du Colubri<\/strong> veglia sul fiume. La leggenda del drago Coulobre, sconfitto proprio qui, d\u00e0 al luogo un&#8217;aura mistica. La vista sulla valle \u00e8 incredibile.<\/p>\n\n\n\n<p><\/p>\n\n\n\n<p><\/p>\n\n\n\n<p>La Dordogna non \u00e8 solo castelli e grotte. \u00c8 un <strong>territorio vivo<\/strong>, ricco e profondamente radicato nella sua storia. Per un&#8217;immersione totale, <strong>uscite dai sentieri battuti<\/strong> e lasciatevi guidare dalla bellezza selvaggia di un territorio autentico. Organizzate il vostro soggiorno in Dordogna, scoprite la nostra selezione di idee regalo sulla nostra <a href=\"https:\/\/www.teritoria.com\/it\/boutique\/\">boutique online<\/a>. Se questo articolo vi \u00e8 piaciuto, ricevete ogni mese un po&#8217; di ispirazione: iscrivetevi alla <a href=\"https:\/\/share-eu1.hsforms.com\/1Djr2uzE4Q8mjQLtOL5WiNgf7vkn\" rel=\"nofollow noopener\" target=\"_blank\">nostra newsletter<\/a> per ricevere storie stimolanti, itinerari segreti e racconti di turisti direttamente nella sua casella di posta elettronica. Unitevi al nostro <a href=\"https:\/\/www.teritoria.com\/it\/programma-fedelta-teritoria\/\">programma fedelt\u00e0<\/a> e approfittate di ulteriori vantaggi esclusivi in tutte le strutture Teritoria.<\/p>\n\n\n\n<p><\/p>\n\n\n\n<pre class=\"wp-block-verse\">Di Emilie FALLOT NGUYEN &nbsp;<\/pre>\n","protected":false},"excerpt":{"rendered":"<p>La Dordogna, come non l\u2019avete mai vista. Non sono le folle a guidare i vostri passi, ma le scogliere dimenticate, i panorami silenziosi, i sentieri secondari e i borghi sospesi nel tempo. Un territorio da vivere ai margini, da scoprire fuori stagione, lontano dai clich\u00e9.<\/p>\n","protected":false},"author":16,"featured_media":137956,"comment_status":"open","ping_status":"open","sticky":false,"template":"","format":"standard","meta":{"_acf_changed":false,"footnotes":""},"categories":[23,707],"tags":[],"class_list":["post-139383","post","type-post","status-publish","format-standard","has-post-thumbnail","hentry","category-tutti-i-nostri-articoli","category-diari-di-viaggio"],"acf":[],"_links":{"self":[{"href":"https:\/\/www.teritoria.com\/it\/wp-json\/wp\/v2\/posts\/139383","targetHints":{"allow":["GET"]}}],"collection":[{"href":"https:\/\/www.teritoria.com\/it\/wp-json\/wp\/v2\/posts"}],"about":[{"href":"https:\/\/www.teritoria.com\/it\/wp-json\/wp\/v2\/types\/post"}],"author":[{"embeddable":true,"href":"https:\/\/www.teritoria.com\/it\/wp-json\/wp\/v2\/users\/16"}],"replies":[{"embeddable":true,"href":"https:\/\/www.teritoria.com\/it\/wp-json\/wp\/v2\/comments?post=139383"}],"version-history":[{"count":6,"href":"https:\/\/www.teritoria.com\/it\/wp-json\/wp\/v2\/posts\/139383\/revisions"}],"predecessor-version":[{"id":149973,"href":"https:\/\/www.teritoria.com\/it\/wp-json\/wp\/v2\/posts\/139383\/revisions\/149973"}],"wp:featuredmedia":[{"embeddable":true,"href":"https:\/\/www.teritoria.com\/it\/wp-json\/wp\/v2\/media\/137956"}],"wp:attachment":[{"href":"https:\/\/www.teritoria.com\/it\/wp-json\/wp\/v2\/media?parent=139383"}],"wp:term":[{"taxonomy":"category","embeddable":true,"href":"https:\/\/www.teritoria.com\/it\/wp-json\/wp\/v2\/categories?post=139383"},{"taxonomy":"post_tag","embeddable":true,"href":"https:\/\/www.teritoria.com\/it\/wp-json\/wp\/v2\/tags?post=139383"}],"curies":[{"name":"wp","href":"https:\/\/api.w.org\/{rel}","templated":true}]}}