{"id":139082,"date":"2025-05-19T15:45:20","date_gmt":"2025-05-19T13:45:20","guid":{"rendered":"https:\/\/www.teritoria.com\/cote-des-legendes\/"},"modified":"2025-07-22T11:51:33","modified_gmt":"2025-07-22T09:51:33","slug":"cote-des-legendes","status":"publish","type":"post","link":"https:\/\/www.teritoria.com\/it\/cote-des-legendes\/","title":{"rendered":"La C\u00f4te des L\u00e9gendes: un luogo intriso di magia"},"content":{"rendered":"\n<pre class=\"wp-block-verse\">Foto di copertina: C\u00f4te des L\u00e9gendes, Bretagna \u00a9 Shutterstock \/ BreizhPixelWeb<\/pre>\n\n\n\n<p>La <strong>C\u00f4te des L\u00e9gendes<\/strong> (Costa delle Leggende) prende il nome dai luoghi storici che, nel tempo, hanno generato storie e leggende della tradizione bretone. Si estende per circa quindici chilometri tra i comuni di Guiss\u00e9ny, Goulven, Kerlouan, Brignogan-Plages e Ploun\u00e9our-Trez. Scoprite una terra di racconti, tra monumenti antichi, paesaggi naturali e coste selvagge. Rallentando il passo, scoprirai che la <strong>magia bretone <\/strong>\u00e8 ovunque intorno a voi: dietro l&#8217;angolo di un vicolo vi attende una fonte di giovinezza, mentre un megalite si erge solitario in mezzo a un campo. Ogni luogo ne \u00e8 pervaso.<\/p>\n\n\n\n<h2 class=\"wp-block-heading has-luminous-vivid-orange-color has-text-color has-link-color wp-elements-bc0ab3956270d3dddeebfcb98a0fccf0\">Lesneven, il fascino del patrimonio&nbsp;<\/h2>\n\n\n\n<p>Iniziamo il nostro viaggio nel cuore di questo patrimonio autentico partendo da <strong>Lesneven<\/strong>. Capitale dell\u2019antico <strong>Pays de L\u00e9on<\/strong>, Lesneven si svela tra strade lastricate di granito, case bretoni con persiane blu e leggende che profumano di mare e mistero.<\/p>\n\n\n\n<p>Dal 1720, l&#8217;antico <strong>Convento delle Orsoline<\/strong> veglia sulla citt\u00e0. Questo edificio dalle mille sfaccettature \u00e8 stato, nel tempo, ospedale marittimo per i pescatori di Brest, scuola per ragazze e oggi racconta la storia del territorio come <strong>Museo del L\u00e9on<\/strong>. La sua antica cappella, il chiostro, i portici e le vetrate offrono un viaggio nel tempo.&nbsp;<\/p>\n\n\n<div class=\"wp-block-image\">\n<figure class=\"aligncenter size-full is-resized\"><img loading=\"lazy\" decoding=\"async\" width=\"925\" height=\"606\" src=\"https:\/\/www.teritoria.com\/wp-content\/uploads\/2025\/05\/Capture-decran-2025-05-19-142750.png\" alt=\"\" class=\"wp-image-137529\" style=\"aspect-ratio:1;object-fit:cover;width:1450px\" title=\"\" srcset=\"https:\/\/www.teritoria.com\/wp-content\/uploads\/2025\/05\/Capture-decran-2025-05-19-142750.png 925w, https:\/\/www.teritoria.com\/wp-content\/uploads\/2025\/05\/Capture-decran-2025-05-19-142750-300x197.png 300w, https:\/\/www.teritoria.com\/wp-content\/uploads\/2025\/05\/Capture-decran-2025-05-19-142750-768x503.png 768w\" sizes=\"auto, (max-width: 925px) 100vw, 925px\" \/><figcaption class=\"wp-element-caption\">Autentiche case bretoni \u00a9Shutterstock\/Jan von nebenan<\/figcaption><\/figure>\n<\/div>\n\n\n<p>Immergetevi in <strong>50 anni di storia<\/strong> seguendo il filmato del museo di L\u00e9on, nascosto nel cuore dell&#8217;antico convento. Oppure scoprite la memoria del Pays de L\u00e9on passeggiando per le sue strade con una<strong> visita interattiva<\/strong>. Durante la vostra passeggiata, rallentate il passo e godetevi il <strong>mercato<\/strong> del luned\u00ec! Eletto \u201cmercato pi\u00f9 bello di Francia\u201d nel 2021 da TF1, questa piazza \u00e8 piena di venditori autentici che faranno felici grandi e piccini con i loro <strong>prodotti locali<\/strong>, come miele, birra, cr\u00eapes bretoni, e con la loro musica e la loro passione! Lesneven \u00e8 una citt\u00e0 ricca di sorprese: girando l&#8217;angolo, potreste imbattervi nell&#8217;<strong>occhio di Lesneven<\/strong>, un&#8217;opera spirata a un&#8217;incisione del 1628 e firmata dall&#8217;artista Marc Didou, oggi \u00e8 un vero e proprio monumento del patrimonio urbano! Lasciatevi sorprendere dalla piazza Flo e dal suo enigmatico \u201cocchio vigile\u201d&#8230; ma soprattutto dai borghi autentici della Bretagna!<\/p>\n\n\n\n<h2 class=\"wp-block-heading has-luminous-vivid-orange-color has-text-color has-link-color wp-elements-f6bc4383a811c202873e04cae5fbf5bd\">Costa delle leggende e della fede<\/h2>\n\n\n\n<p>Il viaggio lungo la <strong>C\u00f4te des L\u00e9gendes<\/strong> (Costa delle Leggende) continua con la citt\u00e0 di <strong>Folgo\u00ebt.<\/strong> Tra i vicoli del borgo aleggia un\u2019atmosfera spirituale, dovuta alla presenza silenziosa di un autentico gioiello architettonico: la <strong>Basilica di Notre-Dame de Folgo\u00ebt.<\/strong> Imponente<strong> chiesa gotica<\/strong> decorata con pietre nere di kersanton e maestose vetrate, si erge dal 1423 e ha resistito agli incendi e alle devastazioni della Rivoluzione. Con i suoi 600 anni, la Basilica amata da <strong>Anna di Bretagna<\/strong> \u00e8 ancora oggi un luogo di silenzio e misticismo.<\/p>\n\n\n<div class=\"wp-block-image\">\n<figure class=\"aligncenter size-full is-resized\"><img loading=\"lazy\" decoding=\"async\" width=\"1000\" height=\"668\" src=\"https:\/\/www.teritoria.com\/wp-content\/uploads\/2025\/05\/shutterstock_2329417201.jpg\" alt=\"\" class=\"wp-image-137516\" style=\"aspect-ratio:1;object-fit:cover;width:1450px\" title=\"\" srcset=\"https:\/\/www.teritoria.com\/wp-content\/uploads\/2025\/05\/shutterstock_2329417201.jpg 1000w, https:\/\/www.teritoria.com\/wp-content\/uploads\/2025\/05\/shutterstock_2329417201-300x200.jpg 300w, https:\/\/www.teritoria.com\/wp-content\/uploads\/2025\/05\/shutterstock_2329417201-768x513.jpg 768w\" sizes=\"auto, (max-width: 1000px) 100vw, 1000px\" \/><figcaption class=\"wp-element-caption\">Basilica di Notre-Dame di Folgo\u00ebt \u00a9Shutterstock\/milosk50<\/figcaption><\/figure>\n<\/div>\n\n\n<p>Le parole del costruttore risuonano ancora tra queste mura sacre: si racconta che <strong>Sala\u00fcn ar Fol<\/strong> pregasse la Vergine per tutta la durata dei lavori. Alla sua morte, sulla casa del giovane artigiano, che viveva in un albero cavo, sarebbe miracolosamente apparso un giglio con incise le parole \u201cAve Maria\u201d.&nbsp;Il nome della citt\u00e0 deriva dalla parola bretone <em>Folgoad<\/em>, che significa \u201cil pazzo del bosco\u201d, in riferimento al leggendario costruttore. Da allora il monumento \u00e8 diventato un luogo sacro e meta di pellegrinaggio, con 20.000 visitatori attratti dal mistero della <strong>fonte curativa<\/strong> di Folgo\u00ebt. Dal 2020, l\u2019artista NUSH si \u00e8 ispirata alla leggenda locale per creare \u201cL\u2019Albero Cavo\u201d, un\u2019opera installata dietro la Basilica che ne racconta la storia.<\/p>\n\n\n<div class=\"wp-block-image\">\n<figure class=\"aligncenter size-full is-resized\"><img loading=\"lazy\" decoding=\"async\" width=\"1000\" height=\"666\" src=\"https:\/\/www.teritoria.com\/wp-content\/uploads\/2025\/05\/shutterstock_2203022117.jpg\" alt=\"\" class=\"wp-image-137546\" style=\"aspect-ratio:1;object-fit:cover;width:1450px\" title=\"\" srcset=\"https:\/\/www.teritoria.com\/wp-content\/uploads\/2025\/05\/shutterstock_2203022117.jpg 1000w, https:\/\/www.teritoria.com\/wp-content\/uploads\/2025\/05\/shutterstock_2203022117-300x200.jpg 300w, https:\/\/www.teritoria.com\/wp-content\/uploads\/2025\/05\/shutterstock_2203022117-768x511.jpg 768w\" sizes=\"auto, (max-width: 1000px) 100vw, 1000px\" \/><figcaption class=\"wp-element-caption\">Pecore nere di Ouessant \u00a9Shutterstock\/Karkhut<\/figcaption><\/figure>\n<\/div>\n\n\n<p>Con un po&#8217; di fortuna, nei dintorni della Basilica potreste vedere le pecore nere di Ouessant o le capre di foss\u00e9, una delle razze ovine pi\u00f9 piccole al mondo.<\/p>\n\n\n\n<h2 class=\"wp-block-heading has-luminous-vivid-orange-color has-text-color has-link-color wp-elements-8c7a772e83f39022437c3b90a010092f\">Natura incontaminata e biodiversit\u00e0 spettacolare<\/h2>\n\n\n\n<p>La <strong>C\u00f4te des L\u00e9gendes<\/strong> (Costa delle Leggende) \u00e8 un concentrato di natura selvaggia. Le sue scogliere nere, le onde imprevedibili e il profumo dell&#8217;aria salmastra nascondono una natura tanto bella quanto misteriosa. Anche se non \u00e8 molto lunga, solo una quindicina di chilometri, la C\u00f4te des L\u00e9gendes (Costa delle Leggende) offre un tesoro inaspettato, costellato da tre gioielli naturali, tutti classificati <strong>Natura 2000<\/strong>.<\/p>\n\n\n<div class=\"wp-block-image\">\n<figure class=\"aligncenter size-large is-resized\"><img loading=\"lazy\" decoding=\"async\" width=\"1024\" height=\"683\" src=\"https:\/\/www.teritoria.com\/wp-content\/uploads\/2025\/05\/shutterstock_1800767695-1024x683.jpg\" alt=\"\" class=\"wp-image-137525\" style=\"aspect-ratio:1;object-fit:cover;width:1450px\" title=\"\" srcset=\"https:\/\/www.teritoria.com\/wp-content\/uploads\/2025\/05\/shutterstock_1800767695-1024x683.jpg 1024w, https:\/\/www.teritoria.com\/wp-content\/uploads\/2025\/05\/shutterstock_1800767695-300x200.jpg 300w, https:\/\/www.teritoria.com\/wp-content\/uploads\/2025\/05\/shutterstock_1800767695-768x512.jpg 768w, https:\/\/www.teritoria.com\/wp-content\/uploads\/2025\/05\/shutterstock_1800767695-1536x1024.jpg 1536w, https:\/\/www.teritoria.com\/wp-content\/uploads\/2025\/05\/shutterstock_1800767695-2048x1365.jpg 2048w\" sizes=\"auto, (max-width: 1024px) 100vw, 1024px\" \/><figcaption class=\"wp-element-caption\">Fauna e flora della Bretagna \u00a9Shutterstock\/Ekaterina Pokrovsky<\/figcaption><\/figure>\n<\/div>\n\n\n<p>Dalla<strong> palude del Curnic<\/strong> a Guiss\u00e9ny, dove i canneti danzano con il vento, le dune nascondono orchidee rare (undici specie in tutto), libellule dalle ali di vetro e cicogne in silenzioso riposo&#8230; Attraversando le <strong>Landes de Langazel<\/strong>, custodi di 11.500 anni di storia, tra prati, stagni, insetti discreti e piante carnivore selvatiche sussurrano ancora le antiche storie della vita&#8230; Fino alla <strong>Baia di Goulven<\/strong>, un grande anfiteatro di schiuma e cielo, rifugio per oltre 20.000 uccelli e 163 specie diverse, oggi protetto come sito RAMSAR.<\/p>\n\n\n\n<p>Una passeggiata breve, ma un <strong>viaggio profondo <\/strong>attraverso il tempo, la vita e la memoria intatta della natura. <strong>Per chi ama lo sport<\/strong>, sar\u00e0 ancora pi\u00f9 bello scoprire il<strong> GR34<\/strong> e i suoi 2000 km di costa bretone, che svelano autentiche meraviglie come la piccola citt\u00e0 di Meneham e il leggendario faro di Pontusval.<\/p>\n\n\n<div class=\"wp-block-image\">\n<figure class=\"aligncenter size-full is-resized\"><img loading=\"lazy\" decoding=\"async\" width=\"1000\" height=\"667\" src=\"https:\/\/www.teritoria.com\/wp-content\/uploads\/2025\/05\/shutterstock_2397365111.jpg\" alt=\"\" class=\"wp-image-137513\" style=\"aspect-ratio:1;object-fit:cover;width:1450px\" title=\"\" srcset=\"https:\/\/www.teritoria.com\/wp-content\/uploads\/2025\/05\/shutterstock_2397365111.jpg 1000w, https:\/\/www.teritoria.com\/wp-content\/uploads\/2025\/05\/shutterstock_2397365111-300x200.jpg 300w, https:\/\/www.teritoria.com\/wp-content\/uploads\/2025\/05\/shutterstock_2397365111-768x512.jpg 768w\" sizes=\"auto, (max-width: 1000px) 100vw, 1000px\" \/><figcaption class=\"wp-element-caption\">Scopri les C\u00f4tes des L\u00e9gendes lungo il GR34, in Bretagna \u00a9Shutterstock\/gdela<\/figcaption><\/figure>\n<\/div>\n\n\n<p><strong>Meneham <\/strong>ha attraversato i secoli, trasformandosi nel tempo: un tempo posto di guardia sul mare, poi caserma, borgo di contadini-pescatori e infine villaggio di artigiani&#8230; Oggi \u00e8 un gioiello vivente del patrimonio bretone. Tra Roscoff e gli Abers, scoprirai una serie di <strong>casette<\/strong> accoccolate contro le rocce, in un paesaggio scolpito dal granito e dal tempo, dove le spiagge si mescolano ai blocchi di pietra scura come resti di un altro mondo. Il suo nome, che deriva da \u201cMenez\u201d e &#8220;Ham&#8221;, che significa \u201cil borgo sul monte\u201d, evoca gi\u00e0 l&#8217;equilibrio tra cielo e terra.<\/p>\n\n\n<div class=\"wp-block-image\">\n<figure class=\"aligncenter size-full is-resized\"><img loading=\"lazy\" decoding=\"async\" width=\"1000\" height=\"667\" src=\"https:\/\/www.teritoria.com\/wp-content\/uploads\/2025\/05\/shutterstock_2387219333.jpg\" alt=\"\" class=\"wp-image-137504\" style=\"aspect-ratio:1;object-fit:cover;width:1450px\" title=\"\" srcset=\"https:\/\/www.teritoria.com\/wp-content\/uploads\/2025\/05\/shutterstock_2387219333.jpg 1000w, https:\/\/www.teritoria.com\/wp-content\/uploads\/2025\/05\/shutterstock_2387219333-300x200.jpg 300w, https:\/\/www.teritoria.com\/wp-content\/uploads\/2025\/05\/shutterstock_2387219333-768x512.jpg 768w\" sizes=\"auto, (max-width: 1000px) 100vw, 1000px\" \/><figcaption class=\"wp-element-caption\">C\u00f4te des L\u00e9gendes, Bretagna \u00a9Shutterstock \/ BreizhPixelWeb<\/figcaption><\/figure>\n<\/div>\n\n\n<p>Classificato come monumento storico dal 1975, il sito celebra oggi, come Teritoria, <strong>50 anni<\/strong> di riconoscimento. Qui comincia il paese di Pagan, terra di leggende, ombre e racconti antichi. Si narra che i grandi scogli siano in realt\u00e0 creature pietrificate da un incantesimo. La leggenda pi\u00f9 famosa \u00e8 quella dei <strong>Paganiz<\/strong> e dei loro fantomatici pirati che attiravano le navi verso la costa per saccheggiare i relitti sotto la luna nera. Oggi Meneham si \u00e8 trasformato in un rifugio creativo: un borgo di artigiani dove si riscoprono le arti del cuoio, del legno, della ceramica e persino della fotografia. Ogni laboratorio \u00e8 una porta aperta su un gesto, una memoria, una mano che modella l&#8217;istante.<\/p>\n\n\n<div class=\"wp-block-image\">\n<figure class=\"aligncenter size-full is-resized\"><img loading=\"lazy\" decoding=\"async\" width=\"1000\" height=\"667\" src=\"https:\/\/www.teritoria.com\/wp-content\/uploads\/2025\/05\/shutterstock_2517703819.jpg\" alt=\"\" class=\"wp-image-137510\" style=\"aspect-ratio:1;object-fit:cover;width:1450px\" title=\"\" srcset=\"https:\/\/www.teritoria.com\/wp-content\/uploads\/2025\/05\/shutterstock_2517703819.jpg 1000w, https:\/\/www.teritoria.com\/wp-content\/uploads\/2025\/05\/shutterstock_2517703819-300x200.jpg 300w, https:\/\/www.teritoria.com\/wp-content\/uploads\/2025\/05\/shutterstock_2517703819-768x512.jpg 768w\" sizes=\"auto, (max-width: 1000px) 100vw, 1000px\" \/><figcaption class=\"wp-element-caption\">Borgo di Meneham \u00a9Shutterstock\/jorge pereira<\/figcaption><\/figure>\n<\/div>\n\n\n<p>A pochi chilometri dal borgo di Meneham si trova <strong>il faro di Pontusval<\/strong>, alto 18 metri, e che da 150 anni si erge sulle rocce di <strong>Ploun\u00e9or-Brignognan-Plages<\/strong>. Questa casa-faro \u00e8 stata usata come bunker durante la Grande Guerra e oggi fa parte dei quattordici fari del Finist\u00e8re classificati come <strong>monumenti storici<\/strong>, anche se automatizzati dal 2003.<\/p>\n\n\n\n<p>In bretone, faro si dice \u201ctour-tan\u201d, cio\u00e8 \u201ctorre di fuoco\u201d, un nome ancora pi\u00f9 evocativo se si pensa alle leggende legate al <strong>faro di Pontusval<\/strong>. Si racconta che , tanto tempo fa, un drago vivesse nella valle e divorasse tre innocenti ogni domenica. Un giorno, quando la creatura minacci\u00f2 il  figlio del signore del luogo, il padre, disperato, si gett\u00f2 dalla scogliera. Ma fu salvato all\u2019ultimo istante dai cavalieri di Pontusval, che decisero di affrontare il drago, dopo una dura lotta, la spinsero fino al mare, dove venne inghiottita dalle onde. Il nome della citt\u00e0 deriva proprio da qui: dal bretone \u201cPoul beuz an aneval\u201d, cio\u00e8 \u201cvoragine dove fu annegata la bestia\u201d.<\/p>\n\n\n<div class=\"wp-block-image\">\n<figure class=\"aligncenter size-full is-resized\"><img loading=\"lazy\" decoding=\"async\" width=\"480\" height=\"610\" src=\"https:\/\/www.teritoria.com\/wp-content\/uploads\/2025\/05\/Capture-decran-2025-05-19-154409.png\" alt=\"\" class=\"wp-image-137549\" style=\"aspect-ratio:1;object-fit:cover;width:1450px\" title=\"\" srcset=\"https:\/\/www.teritoria.com\/wp-content\/uploads\/2025\/05\/Capture-decran-2025-05-19-154409.png 480w, https:\/\/www.teritoria.com\/wp-content\/uploads\/2025\/05\/Capture-decran-2025-05-19-154409-236x300.png 236w\" sizes=\"auto, (max-width: 480px) 100vw, 480px\" \/><figcaption class=\"wp-element-caption\">Faro di Pontusval \u00a9Shutterstock\/Naeblys<\/figcaption><\/figure>\n<\/div>\n\n\n<p>In omaggio a questa leggenda, \u201cl&#8217;Uovo del Drago\u201d \u00e8 un&#8217;<strong>installazione artistica <\/strong>realizzata dal collettivo Les Nouveaux Voisins nell\u2019ambito del Ribin&#8217; de l\u2019Imaginaire. Questa struttura in legno bruciato dalla forma ovale e misteriosa, si lascia scoprire tra le rocce e le acque cristalline della costa.<\/p>\n\n\n\n<p><\/p>\n\n\n\n<p>Scoprite questo sentiero <strong>unico<\/strong>, dove ogni pietra, ogni onda e ogni soffio di vento raccontano una storia. Che siate sognatori, esploratori o semplicemente curiosi, la vostra leggenda comincia qui. Se l&#8217;incantevole C\u00f4te des L\u00e9gendes (Costa delle Leggende) vi ha affascinato, lasciatevi sorprendere anche da altri hotel e i ristoranti bretoni <a href=\"https:\/\/www.teritoria.com\/it\/\">Teritoria<\/a> e pianificate il vostro soggiorno. Visitate la nostra <a href=\"https:\/\/www.teritoria.com\/it\/boutique\/\">boutique online<\/a> per regalare un po&#8217; di magia bretone. Oppure iscrivetevi gratuitamente alla <a href=\"https:\/\/share-eu1.hsforms.com\/1Djr2uzE4Q8mjQLtOL5WiNgf7vkn\" rel=\"nofollow noopener\" target=\"_blank\">newsletter Teritoria<\/a> per ricevere le novit\u00e0 sul territorio e scoprire altri soggiorni straordinari.<\/p>\n\n\n\n<p><\/p>\n\n\n\n<pre class=\"wp-block-verse\">Di \u00c9milie FALLOT NGUYEN <\/pre>\n\n\n\n<p><\/p>\n","protected":false},"excerpt":{"rendered":"<p>Lasciatevi incantare dalla C\u00f4te des L\u00e9gendes (Costa delle Leggende): un itinerario tra mare e mistero, dove ogni angolo vi svela un pezzo di Bretagna, tra storie antiche, natura selvaggia e borghi rimasti immutati nel tempo.<\/p>\n","protected":false},"author":16,"featured_media":148730,"comment_status":"closed","ping_status":"closed","sticky":false,"template":"","format":"standard","meta":{"_acf_changed":false,"footnotes":""},"categories":[707,23],"tags":[3940],"class_list":["post-139082","post","type-post","status-publish","format-standard","has-post-thumbnail","hentry","category-diari-di-viaggio","category-tutti-i-nostri-articoli","tag-voyage-responsable-it"],"acf":[],"_links":{"self":[{"href":"https:\/\/www.teritoria.com\/it\/wp-json\/wp\/v2\/posts\/139082","targetHints":{"allow":["GET"]}}],"collection":[{"href":"https:\/\/www.teritoria.com\/it\/wp-json\/wp\/v2\/posts"}],"about":[{"href":"https:\/\/www.teritoria.com\/it\/wp-json\/wp\/v2\/types\/post"}],"author":[{"embeddable":true,"href":"https:\/\/www.teritoria.com\/it\/wp-json\/wp\/v2\/users\/16"}],"replies":[{"embeddable":true,"href":"https:\/\/www.teritoria.com\/it\/wp-json\/wp\/v2\/comments?post=139082"}],"version-history":[{"count":4,"href":"https:\/\/www.teritoria.com\/it\/wp-json\/wp\/v2\/posts\/139082\/revisions"}],"predecessor-version":[{"id":149902,"href":"https:\/\/www.teritoria.com\/it\/wp-json\/wp\/v2\/posts\/139082\/revisions\/149902"}],"wp:featuredmedia":[{"embeddable":true,"href":"https:\/\/www.teritoria.com\/it\/wp-json\/wp\/v2\/media\/148730"}],"wp:attachment":[{"href":"https:\/\/www.teritoria.com\/it\/wp-json\/wp\/v2\/media?parent=139082"}],"wp:term":[{"taxonomy":"category","embeddable":true,"href":"https:\/\/www.teritoria.com\/it\/wp-json\/wp\/v2\/categories?post=139082"},{"taxonomy":"post_tag","embeddable":true,"href":"https:\/\/www.teritoria.com\/it\/wp-json\/wp\/v2\/tags?post=139082"}],"curies":[{"name":"wp","href":"https:\/\/api.w.org\/{rel}","templated":true}]}}