{"id":139080,"date":"2025-05-22T13:59:16","date_gmt":"2025-05-22T11:59:16","guid":{"rendered":"https:\/\/www.teritoria.com\/decouvrez-le-finistere-authentique\/"},"modified":"2025-07-22T14:20:40","modified_gmt":"2025-07-22T12:20:40","slug":"scopri-il-finistere-autentico","status":"publish","type":"post","link":"https:\/\/www.teritoria.com\/it\/scopri-il-finistere-autentico\/","title":{"rendered":"Finist\u00e8re, dove la terra incontra l&#8217;oceano"},"content":{"rendered":"\n<pre class=\"wp-block-verse\"><br>Foto di copertina: Costa del Finist\u00e8re \u00a9Shutterstock \/ Sebastien Sonnen<\/pre>\n\n\n\n<p><\/p>\n\n\n\n<p>Con i suoi 2.000 km di costa e 6.000 km di sentieri, il <strong>Finist\u00e8re <\/strong>\u00e8 il dipartimento con la rete escursionistica pi\u00f9 estesa di Francia. Dalle scogliere nere battute dall\u2019oceano ai fari, simboli di speranza che da secoli guidano i marinai, fino alle colline verdi e cariche di salsedine, questa terra offre una <strong>bellezza naturale<\/strong> senza fine. Teritoria vi porta all\u2019estremo ovest della Francia, dove l\u2019oceano incontra l\u2019uomo.<\/p>\n\n\n\n<h2 class=\"wp-block-heading has-luminous-vivid-orange-color has-text-color has-link-color wp-elements-25ff161d56ba2ac422c6b792bd6c555f\">Finist\u00e8re, dove la terra comincia<\/h2>\n\n\n\n<p>La parola \u201cFinist\u00e8re\u201d in bretone vuol dire \u201cinizio della terra\u201d ed \u00e8 anche dove iniziano i <strong>paesaggi autentici<\/strong> della Bretagna. Ascoltate il richiamo del mare con Teritoria&#8230;<\/p>\n\n\n\n<h3 class=\"wp-block-heading\">La bellezza incontaminata del Finist\u00e8re<\/h3>\n\n\n\n<p>Situata nell&#8217;estremo ovest del <strong>Finist\u00e8re<\/strong>, la <strong>Pointe du Raz<\/strong> \u00e8 un invito a scoprire i panorami mozzafiato dell&#8217;estremit\u00e0 francese: tra le scogliere scoscese battute dalle onde, gli uccelli marini che le sorvolano, la vegetazione marina famosa in tutto il mondo e le luci cangianti sull&#8217;oceano. Tutto invita a rilassarsi e <strong>ammirare<\/strong> la bellezza di questa natura sconfinata.<\/p>\n\n\n<div class=\"wp-block-image\">\n<figure class=\"aligncenter size-full is-resized\"><img loading=\"lazy\" decoding=\"async\" width=\"1000\" height=\"585\" src=\"https:\/\/www.teritoria.com\/wp-content\/uploads\/2025\/05\/Pointe-du-Raz_\u00a9shutterstock_2443624083_Boris-Stroujko.jpg\" alt=\"\" class=\"wp-image-137900\" style=\"aspect-ratio:1;object-fit:cover;width:1450px\" title=\"\" srcset=\"https:\/\/www.teritoria.com\/wp-content\/uploads\/2025\/05\/Pointe-du-Raz_\u00a9shutterstock_2443624083_Boris-Stroujko.jpg 1000w, https:\/\/www.teritoria.com\/wp-content\/uploads\/2025\/05\/Pointe-du-Raz_\u00a9shutterstock_2443624083_Boris-Stroujko-300x176.jpg 300w, https:\/\/www.teritoria.com\/wp-content\/uploads\/2025\/05\/Pointe-du-Raz_\u00a9shutterstock_2443624083_Boris-Stroujko-768x449.jpg 768w\" sizes=\"auto, (max-width: 1000px) 100vw, 1000px\" \/><figcaption class=\"wp-element-caption\">Punta del Raz \u00a9Shutterstock \/Boris Stroujko<\/figcaption><\/figure>\n<\/div>\n\n\n<p>Di fronte alla citt\u00e0 di Brest si trova la penisola di <strong>Crozon<\/strong>, circondata su tre lati dal mare (la rada di Brest, il mare d\u2019Iroise e la baia di Douarnenez) e protetta alle spalle dalle montagne nere del Menez Hom. Ricca di storia e paesaggi selvaggi, la penisola \u00e8 un tesoro geologico a cielo aperto. Le sue rocce custodiscono numerosi giacimenti, tra cui <strong>pietre marine<\/strong> nascoste nel cuore di oltre 400 grotte imprevedibili, scolpite dal ritmo delle maree. Quarzi bianchi, ametiste, minerali fluorescenti: una ricchezza da scoprire alla <strong>Maison des Min\u00e9raux<\/strong> di Saint-Hernot, nel comune di Crozon.&nbsp;<\/p>\n\n\n<div class=\"wp-block-image\">\n<figure class=\"aligncenter size-full is-resized\"><img loading=\"lazy\" decoding=\"async\" width=\"1000\" height=\"667\" src=\"https:\/\/www.teritoria.com\/wp-content\/uploads\/2025\/05\/Crzon_\u00a9shutterstock_2345723623_Stockbym.jpg\" alt=\"\" class=\"wp-image-137903\" style=\"aspect-ratio:1;object-fit:cover;width:1450px\" title=\"\" srcset=\"https:\/\/www.teritoria.com\/wp-content\/uploads\/2025\/05\/Crzon_\u00a9shutterstock_2345723623_Stockbym.jpg 1000w, https:\/\/www.teritoria.com\/wp-content\/uploads\/2025\/05\/Crzon_\u00a9shutterstock_2345723623_Stockbym-300x200.jpg 300w, https:\/\/www.teritoria.com\/wp-content\/uploads\/2025\/05\/Crzon_\u00a9shutterstock_2345723623_Stockbym-768x512.jpg 768w\" sizes=\"auto, (max-width: 1000px) 100vw, 1000px\" \/><figcaption class=\"wp-element-caption\">Penisola di Crozon \u00a9Shutterstock \/ Stockbym<\/figcaption><\/figure>\n<\/div>\n\n\n<p>Per raggiungere la penisola, c&#8217;\u00e8 un servizio navetta da Brest, Camaret e Le Fret (da aprile a settembre); oppure la strada D791 collega la penisola a Le Faou e Brest, perfetta per un <strong>viaggio <em>on the road<\/em> nel Finist\u00e8re<\/strong>! Inoltre, la penisola di Crozon fa parte del <strong>Parco naturale regionale dell&#8217;Armorica<\/strong>.<\/p>\n\n\n\n<h3 class=\"wp-block-heading\">I testimoni del passato<\/h3>\n\n\n\n<p>Alla fine del XIX\u00b0 secolo, sullo scoglio di <strong>Gorlebella<\/strong>, che in bretone significa \u201cla roccia pi\u00f9 lontana\u201d, fu costruito il <strong>faro della Vieille<\/strong>. Luce rassicurante e protettiva sul versante occidentale della Pointe du Raz, \u00e8 stato dichiarato <strong>monumento storico<\/strong> nel 2015. Un tempo era considerato un faro \u201cinfernale\u201d, sia per la sua posizione isolata in mezzo al mare che per le leggende mistiche che lo avvolgevano.<\/p>\n\n\n<div class=\"wp-block-image\">\n<figure class=\"aligncenter size-full is-resized\"><img loading=\"lazy\" decoding=\"async\" width=\"1000\" height=\"667\" src=\"https:\/\/www.teritoria.com\/wp-content\/uploads\/2025\/05\/Phare-de-la-vieille_\u00a9shutterstock_1956410020_Tarvos.jpg\" alt=\"\" class=\"wp-image-137906\" style=\"aspect-ratio:1;object-fit:cover;width:1450px\" title=\"\" srcset=\"https:\/\/www.teritoria.com\/wp-content\/uploads\/2025\/05\/Phare-de-la-vieille_\u00a9shutterstock_1956410020_Tarvos.jpg 1000w, https:\/\/www.teritoria.com\/wp-content\/uploads\/2025\/05\/Phare-de-la-vieille_\u00a9shutterstock_1956410020_Tarvos-300x200.jpg 300w, https:\/\/www.teritoria.com\/wp-content\/uploads\/2025\/05\/Phare-de-la-vieille_\u00a9shutterstock_1956410020_Tarvos-768x512.jpg 768w\" sizes=\"auto, (max-width: 1000px) 100vw, 1000px\" \/><figcaption class=\"wp-element-caption\">Faro della Vieille \u00a9Shutterstock \/ Tarvos<\/figcaption><\/figure>\n<\/div>\n\n\n<p>Eppure, non \u00e8 che il primo dei fari nelle acque bretoni. Accanto alla Vieille, il<strong> faro di T\u00e9vennec<\/strong> \u00e8 noto per la sua maledizione: situato su un isolotto spazzato dalle onde, all\u2019estremit\u00e0 occidentale della Bretagna, \u00e8 soprannominato \u201cla porta dell\u2019inferno\u201d. Fin dai lavori di costruzione, gli operai raccontavano di sentire il vento sussurrare <em>kerz kuit<\/em> (\u201cvattene\u201d), i guardiani avevano paura di viverci da soli e nessuno vi restava a lungo. La leggenda si cristallizza nel libro di Anatole Le Braz, <em>Le Gardien du feu<\/em>, una storia d\u2019amore tragica nel cuore del faro, oggi noto come la \u201ctorre della morte\u201d. <strong>Teritoria vi invita<\/strong> a prendervi il tempo di scoprire i fari della costa e le loro storie avvincenti.<\/p>\n\n\n<div class=\"wp-block-image\">\n<figure class=\"aligncenter size-full is-resized\"><img loading=\"lazy\" decoding=\"async\" width=\"1000\" height=\"667\" src=\"https:\/\/www.teritoria.com\/wp-content\/uploads\/2025\/05\/Phare-Tevennec_\u00a9shutterstock_1398618833_Gregory-Valle.jpg\" alt=\"\" class=\"wp-image-137909\" style=\"aspect-ratio:1;object-fit:cover;width:1450px\" title=\"\" srcset=\"https:\/\/www.teritoria.com\/wp-content\/uploads\/2025\/05\/Phare-Tevennec_\u00a9shutterstock_1398618833_Gregory-Valle.jpg 1000w, https:\/\/www.teritoria.com\/wp-content\/uploads\/2025\/05\/Phare-Tevennec_\u00a9shutterstock_1398618833_Gregory-Valle-300x200.jpg 300w, https:\/\/www.teritoria.com\/wp-content\/uploads\/2025\/05\/Phare-Tevennec_\u00a9shutterstock_1398618833_Gregory-Valle-768x512.jpg 768w\" sizes=\"auto, (max-width: 1000px) 100vw, 1000px\" \/><figcaption class=\"wp-element-caption\">Faro di T\u00e9vennec \u00a9Shutterstock \/Gregory Valle<\/figcaption><\/figure>\n<\/div>\n\n\n<p>Ammirando questi guardiani e i loro sentieri <strong>incontaminati<\/strong> all&#8217;estremit\u00e0 della Francia, si percepisce tutta la storia dei fari: solitari, ma profondamente radicati nel ritmo degli elementi. La vita dei fari bretoni e dei loro guardiani era fatta di <strong>assoluto rispetto<\/strong> per il mare e di fedelt\u00e0 incondizionata alla loro missione: \u201cvegliare sui marinai\u201d. Il mare, unico compagno, e talvolta nemico.<\/p>\n\n\n\n<h2 class=\"wp-block-heading has-luminous-vivid-orange-color has-text-color has-link-color wp-elements-634f0b42b80bc10751201c9592d9f94d\">Finist\u00e8re, una natura incontaminata<\/h2>\n\n\n\n<p>Gli amanti della natura troveranno nel <strong>sentiero GR34<\/strong> la loro felicit\u00e0. Questo percorso escursionistico, che segue la costa bretone, \u00e8 punteggiato da <strong>riserve<\/strong> naturali protette.<\/p>\n\n\n\n<p>Una di queste \u00e8 la <strong>Riserva di Cap Sizun<\/strong>, creata nel 1959 e situata lungo il tracciato. Questo sito protetto vi offre l&#8217;occasione di osservare diversi <strong>uccelli marini<\/strong>: cormorani dal ciuffo, gabbiani reali, argentati o marini, urie di Troilo e fulmari boreali. Con un po&#8217; di fortuna, potrete persino vedere i loro nidi tra le rocce che spuntano dall&#8217;oceano.\u00a0<\/p>\n\n\n<div class=\"wp-block-image\">\n<figure class=\"aligncenter size-full is-resized\"><img loading=\"lazy\" decoding=\"async\" width=\"1000\" height=\"654\" src=\"https:\/\/www.teritoria.com\/wp-content\/uploads\/2025\/05\/Reserve-Cap-Sizun_-shutterstock_1251256606_bensliman-hassan.jpg\" alt=\"\" class=\"wp-image-137927\" style=\"aspect-ratio:1;object-fit:cover;width:1450px\" title=\"\" srcset=\"https:\/\/www.teritoria.com\/wp-content\/uploads\/2025\/05\/Reserve-Cap-Sizun_-shutterstock_1251256606_bensliman-hassan.jpg 1000w, https:\/\/www.teritoria.com\/wp-content\/uploads\/2025\/05\/Reserve-Cap-Sizun_-shutterstock_1251256606_bensliman-hassan-300x196.jpg 300w, https:\/\/www.teritoria.com\/wp-content\/uploads\/2025\/05\/Reserve-Cap-Sizun_-shutterstock_1251256606_bensliman-hassan-768x502.jpg 768w\" sizes=\"auto, (max-width: 1000px) 100vw, 1000px\" \/><figcaption class=\"wp-element-caption\">Riserva naturale di Cap Sizun baciata dal sole \u00a9Shutterstock \/bensliman hassan<\/figcaption><\/figure>\n<\/div>\n\n\n<p>L&#8217;oceano imprevedibile e misterioso segue le sue regole. La <strong>Baia dei Tr\u00e9pass\u00e9s <\/strong>(letteralmente baia dei morti)<strong> <\/strong>ne \u00e8 l&#8217;emblema. Il suo nome infausto \u00e8 legato alla pericolosit\u00e0 di queste coste, dove, dopo le tempeste, il mare restituisce i relitti delle navi naufragate. Secondo alcune leggende, la baia sarebbe stata anche un luogo di passaggio per i <strong>druidi<\/strong> morenti. Gli scienziati, invece, ritengono che derivi da un errore di traduzione della parola bretone \u201cavon\u201d, che significa \u201cfiume\u201d, con \u201canaon\u201d, che invece significa \u201ci morti\u201d.<\/p>\n\n\n<div class=\"wp-block-image\">\n<figure class=\"aligncenter size-full is-resized\"><img loading=\"lazy\" decoding=\"async\" width=\"1000\" height=\"667\" src=\"https:\/\/www.teritoria.com\/wp-content\/uploads\/2025\/05\/Baie-des-trepasses_\u00a9shutterstock_2183143955_BreizhPixelWeb.jpg\" alt=\"\" class=\"wp-image-137912\" style=\"aspect-ratio:1;object-fit:cover;width:1450px\" title=\"\" srcset=\"https:\/\/www.teritoria.com\/wp-content\/uploads\/2025\/05\/Baie-des-trepasses_\u00a9shutterstock_2183143955_BreizhPixelWeb.jpg 1000w, https:\/\/www.teritoria.com\/wp-content\/uploads\/2025\/05\/Baie-des-trepasses_\u00a9shutterstock_2183143955_BreizhPixelWeb-300x200.jpg 300w, https:\/\/www.teritoria.com\/wp-content\/uploads\/2025\/05\/Baie-des-trepasses_\u00a9shutterstock_2183143955_BreizhPixelWeb-768x512.jpg 768w\" sizes=\"auto, (max-width: 1000px) 100vw, 1000px\" \/><figcaption class=\"wp-element-caption\">Spiaggia protetta della baia dei Tr\u00e9pass\u00e9s \u00a9Shutterstock\/BreizhPixel Web<\/figcaption><\/figure>\n<\/div>\n\n\n<p>Ma non lasciatevi ingannare dal nome! La baia \u00e8 un angolo di <strong>bellezza mozzafiato<\/strong>, un paradiso per surfisti e bagnanti. Il suo panorama sull\u2019<strong>Atlantico<\/strong> si accende di sfumature blu e verdi, tra <strong>spiagge appartate<\/strong> e scogliere ricoperte di vegetazione. La Baia dei Tr\u00e9pass\u00e9s fa parte del <strong><a href=\"https:\/\/it.wikipedia.org\/wiki\/Grand_site_de_France\" rel=\"nofollow noopener\" target=\"_blank\">Grand Site de France<\/a><\/strong>, nel cuore del Finist\u00e8re, tra la Pointe du Raz e la Pointe du Van, nel comune di Plogoff.<\/p>\n\n\n\n<h2 class=\"wp-block-heading has-luminous-vivid-orange-color has-text-color has-link-color wp-elements-b285907f46ce2aab142d5fecb4e6457f\">Le isole, una finestra sul mare dal Finist\u00e8re<\/h2>\n\n\n\n<p>Una delle caratteristiche del Finist\u00e8re \u00e8 la sua apertura sull&#8217;oceano e la <strong>vita isolana<\/strong>.<\/p>\n\n\n\n<h3 class=\"wp-block-heading\">L&#8217;isola di Ouessant<\/h3>\n\n\n\n<p>Scogliere scolpite dal mare, calette nascoste, luci cangianti, coste selvagge: Ouessant \u00e8 uno dei luoghi migliori per osservare gli uccelli migratori e le api nere. <strong>L\u2019isola di Ouessant<\/strong>, <em>Ushant<\/em> in bretone, \u00e8 conosciuta come \u201cl\u2019isola alla fine del mondo\u201d e deve il suo nome al fatto che rappresenta l\u2019ultima terra <strong>prima dell\u2019America<\/strong>. Il comune insulare \u00e8 in gran parte <strong>pedonale<\/strong>, rendendo piacevole esplorare l\u2019isola a piedi o in bicicletta.<\/p>\n\n\n<div class=\"wp-block-image\">\n<figure class=\"aligncenter size-full is-resized\"><img loading=\"lazy\" decoding=\"async\" width=\"1000\" height=\"667\" src=\"https:\/\/www.teritoria.com\/wp-content\/uploads\/2025\/05\/Ouessant_\u00a9shutterstock_1198420537_Stephane-Bidouze.jpg\" alt=\"\" class=\"wp-image-137915\" style=\"aspect-ratio:1;object-fit:cover;width:1450px\" title=\"\" srcset=\"https:\/\/www.teritoria.com\/wp-content\/uploads\/2025\/05\/Ouessant_\u00a9shutterstock_1198420537_Stephane-Bidouze.jpg 1000w, https:\/\/www.teritoria.com\/wp-content\/uploads\/2025\/05\/Ouessant_\u00a9shutterstock_1198420537_Stephane-Bidouze-300x200.jpg 300w, https:\/\/www.teritoria.com\/wp-content\/uploads\/2025\/05\/Ouessant_\u00a9shutterstock_1198420537_Stephane-Bidouze-768x512.jpg 768w\" sizes=\"auto, (max-width: 1000px) 100vw, 1000px\" \/><figcaption class=\"wp-element-caption\">Tramonto sull&#8217;isola di Ouessant \u00a9Shutterstock \/Stephane Bidouze<\/figcaption><\/figure>\n<\/div>\n\n\n<p>Per scoprire i tesori dell&#8217;isola, l&#8217;ufficio turistico organizza passeggiate alla scoperta delle piante medicinali e commestibili dell&#8217;isola. Il tour dell&#8217;isola riserva molte sorprese: il faro, la chiesa e la sua cappella, il mulino, il <strong>megalite centenario<\/strong>, le famose pecore di Ouessant, il museo, il forte e, naturalmente, la spiaggia.<\/p>\n\n\n<div class=\"wp-block-image\">\n<figure class=\"aligncenter size-full is-resized\"><img loading=\"lazy\" decoding=\"async\" width=\"1000\" height=\"665\" src=\"https:\/\/www.teritoria.com\/wp-content\/uploads\/2025\/05\/village-Ouessant_\u00a9shutterstock_2366798953_penofot.jpg\" alt=\"\" class=\"wp-image-137918\" style=\"aspect-ratio:1;object-fit:cover;width:1450px\" title=\"\" srcset=\"https:\/\/www.teritoria.com\/wp-content\/uploads\/2025\/05\/village-Ouessant_\u00a9shutterstock_2366798953_penofot.jpg 1000w, https:\/\/www.teritoria.com\/wp-content\/uploads\/2025\/05\/village-Ouessant_\u00a9shutterstock_2366798953_penofot-300x200.jpg 300w, https:\/\/www.teritoria.com\/wp-content\/uploads\/2025\/05\/village-Ouessant_\u00a9shutterstock_2366798953_penofot-768x511.jpg 768w\" sizes=\"auto, (max-width: 1000px) 100vw, 1000px\" \/><figcaption class=\"wp-element-caption\">Borgo addormentato sull&#8217;isola di Ouessant \u00a9Shutterstock\/penofoto<\/figcaption><\/figure>\n<\/div>\n\n\n<p>L\u2019isola \u00e8 molto <strong>impegnata<\/strong> sul fronte ecologico e invita i visitatori a rispettarla e preservarla. Mette a disposizione sacchetti e guanti per raccogliere i rifiuti degli animali, bottiglie, mozziconi di sigaretta\u2026 facendo attenzione a non confonderli con i ciottoli della spiaggia, per evitare l\u2019erosione. L\u2019isola incoraggia anche a sostenere i piccoli commercianti e <strong>artigiani locali<\/strong>, per consumare a chilometro zero e preservare le sue risorse.<\/p>\n\n\n\n<h3 class=\"wp-block-heading\">L&#8217;isola di Sein<\/h3>\n\n\n\n<p>All\u2019estremit\u00e0 della Pointe du Raz vi aspetta una cittadina ben conservata, senza auto: le sue stradine strette rendono impossibile il traffico. <strong>L\u2019isola di Sein<\/strong>, soprannominata \u201cl\u2019isola del sole\u201d, custodisce due menhir preistorici classificati come <strong>Monumenti Storici <\/strong>e vanta un\u2019altitudine media di appena 1,50 metri, che contribuisce a preservarne l\u2019ambiente. Le sue tipiche case portuali bretoni e i paesaggi insulari sono stati inseriti tra i \u201c<strong>Borghi pi\u00f9 belli di Francia<\/strong>\u201d. I fari della <strong>Vieille<\/strong> e di <strong>Ar Men<\/strong> guidano le navi provenienti dalla Francia e dall\u2019Inghilterra\u2026 lasciatevi guidare anche voi!<\/p>\n\n\n<div class=\"wp-block-image\">\n<figure class=\"aligncenter size-full is-resized\"><img loading=\"lazy\" decoding=\"async\" width=\"615\" height=\"407\" src=\"https:\/\/www.teritoria.com\/wp-content\/uploads\/2025\/05\/ile-de-sein_\u00a9shutterstock_1882541668_Obatala-photography-edited.jpg\" alt=\"\" class=\"wp-image-137941\" style=\"aspect-ratio:1;object-fit:cover;width:1450px\" title=\"\" srcset=\"https:\/\/www.teritoria.com\/wp-content\/uploads\/2025\/05\/ile-de-sein_\u00a9shutterstock_1882541668_Obatala-photography-edited.jpg 615w, https:\/\/www.teritoria.com\/wp-content\/uploads\/2025\/05\/ile-de-sein_\u00a9shutterstock_1882541668_Obatala-photography-edited-300x199.jpg 300w\" sizes=\"auto, (max-width: 615px) 100vw, 615px\" \/><figcaption class=\"wp-element-caption\">Borgo di pescatori sull&#8217;isola di Sein \u00a9Shutterstock\/ Obatala-photography<\/figcaption><\/figure>\n<\/div>\n\n\n<p>Gli abitanti di Sein vogliono proteggere la loro isola dal trambusto del mondo: per questo motivo, monopattini e biciclette sono vietati. Per visitarla, vi basteranno un paio di scarpe comode. Da aprile a settembre, il<strong> faro di Ar Men<\/strong> \u00e8 aperto al pubblico: partite dal porto di Audierne e salite a bordo dell\u2019<strong>Enez Sun<\/strong> per una crociera alla scoperta dei segreti dell\u2019isola. Con un po\u2019 di fortuna, potreste perfino avvistare dei delfini lungo il tragitto.<\/p>\n\n\n\n<h3 class=\"wp-block-heading\">L&#8217;isola di Gl\u00e9nans<\/h3>\n\n\n\n<p>Un\u2019isola quasi tropicale, con spiagge di sabbia bianca e acque cristalline: \u00e8 <strong>l\u2019Isola di Gl\u00e9nans<\/strong>. Un paradiso per il narciso dei Gl\u00e9nans, le foche selvatiche e gli amanti degli sport acquatici. Oasi di pace nel cuore dell\u2019oceano, l\u2019arcipelago offre spiagge immacolate, acque verde smeraldo e sette isolotti principali che si possono esplorare anche in catamarano o persino dal fondo del mare.<\/p>\n\n\n<div class=\"wp-block-image\">\n<figure class=\"aligncenter size-full is-resized\"><img loading=\"lazy\" decoding=\"async\" width=\"1000\" height=\"667\" src=\"https:\/\/www.teritoria.com\/wp-content\/uploads\/2025\/05\/Glenan_\u00a9shutterstock_1205489452_Christian-Musat.jpg\" alt=\"\" class=\"wp-image-137924\" style=\"aspect-ratio:1;object-fit:cover;width:1450px\" title=\"\" srcset=\"https:\/\/www.teritoria.com\/wp-content\/uploads\/2025\/05\/Glenan_\u00a9shutterstock_1205489452_Christian-Musat.jpg 1000w, https:\/\/www.teritoria.com\/wp-content\/uploads\/2025\/05\/Glenan_\u00a9shutterstock_1205489452_Christian-Musat-300x200.jpg 300w, https:\/\/www.teritoria.com\/wp-content\/uploads\/2025\/05\/Glenan_\u00a9shutterstock_1205489452_Christian-Musat-768x512.jpg 768w\" sizes=\"auto, (max-width: 1000px) 100vw, 1000px\" \/><figcaption class=\"wp-element-caption\">Sabbia bianca sulla spiaggia dell&#8217;isola di Gl\u00e9nan \u00a9Shutterstock\/Christian Musat<\/figcaption><\/figure>\n<\/div>\n\n\n<p>Il Finist\u00e8re, con i suoi colori e i suoi paesaggi, ha ispirato <strong>generazioni di artisti<\/strong>. Da Mathurin M\u00e9heut a Jean Bazaine, da Paul Gauguin a Maurice Denis e Paul S\u00e9rusier, tutti artisti con stili diversi, ma uniti dalla stessa passione: rappresentare la <strong>bellezza del Finist\u00e8re<\/strong>.<\/p>\n\n\n\n<p>Il <strong>Finist\u00e8re<\/strong> \u00e8 una bellezza autentica tutta da scoprire. Per saperne di pi\u00f9 su questa regione incontaminata, iscrivetevi alla nostra <a href=\"https:\/\/share-eu1.hsforms.com\/1Djr2uzE4Q8mjQLtOL5WiNgf7vkn\" rel=\"nofollow noopener\" target=\"_blank\">newslette<\/a>r e scoprite le nostre offerte nella regione con la nostra <a href=\"https:\/\/www.teritoria.com\/it\/boutique\/\">boutique online<\/a>. Se il fascino della Bretagna vi ha gi\u00e0 conquistato, scoprite come essere premiato durante il vostro prossimo soggiorno con il<a href=\"https:\/\/www.teritoria.com\/it\/programma-fedelta-teritoria\/\"> programma fedelt\u00e0<\/a> Teritoria.<\/p>\n\n\n\n<p><\/p>\n\n\n\n<p>Di \u00c9milie FALLOT NGUYEN<\/p>\n\n\n\n<p><\/p>\n","protected":false},"excerpt":{"rendered":"<p>\u00abSenza la Bretagna, la Francia non sarebbe quella che \u00e8\u00bb Anna di Bretagna, ultima duchessa della regione. Scoprite la punta della Bretagna e il suo fascino secolare!<\/p>\n","protected":false},"author":16,"featured_media":137899,"comment_status":"closed","ping_status":"closed","sticky":false,"template":"","format":"standard","meta":{"_acf_changed":false,"footnotes":""},"categories":[23,707],"tags":[3884,3940,3671],"class_list":["post-139080","post","type-post","status-publish","format-standard","has-post-thumbnail","hentry","category-tutti-i-nostri-articoli","category-diari-di-viaggio","tag-france-it","tag-voyage-responsable-it","tag-voyager-it"],"acf":[],"_links":{"self":[{"href":"https:\/\/www.teritoria.com\/it\/wp-json\/wp\/v2\/posts\/139080","targetHints":{"allow":["GET"]}}],"collection":[{"href":"https:\/\/www.teritoria.com\/it\/wp-json\/wp\/v2\/posts"}],"about":[{"href":"https:\/\/www.teritoria.com\/it\/wp-json\/wp\/v2\/types\/post"}],"author":[{"embeddable":true,"href":"https:\/\/www.teritoria.com\/it\/wp-json\/wp\/v2\/users\/16"}],"replies":[{"embeddable":true,"href":"https:\/\/www.teritoria.com\/it\/wp-json\/wp\/v2\/comments?post=139080"}],"version-history":[{"count":4,"href":"https:\/\/www.teritoria.com\/it\/wp-json\/wp\/v2\/posts\/139080\/revisions"}],"predecessor-version":[{"id":149941,"href":"https:\/\/www.teritoria.com\/it\/wp-json\/wp\/v2\/posts\/139080\/revisions\/149941"}],"wp:featuredmedia":[{"embeddable":true,"href":"https:\/\/www.teritoria.com\/it\/wp-json\/wp\/v2\/media\/137899"}],"wp:attachment":[{"href":"https:\/\/www.teritoria.com\/it\/wp-json\/wp\/v2\/media?parent=139080"}],"wp:term":[{"taxonomy":"category","embeddable":true,"href":"https:\/\/www.teritoria.com\/it\/wp-json\/wp\/v2\/categories?post=139080"},{"taxonomy":"post_tag","embeddable":true,"href":"https:\/\/www.teritoria.com\/it\/wp-json\/wp\/v2\/tags?post=139080"}],"curies":[{"name":"wp","href":"https:\/\/api.w.org\/{rel}","templated":true}]}}