{"id":137723,"date":"2025-04-10T18:18:14","date_gmt":"2025-04-10T16:18:14","guid":{"rendered":"https:\/\/www.teritoria.com\/moselle-terre-de-metissage\/"},"modified":"2025-05-20T15:21:25","modified_gmt":"2025-05-20T13:21:25","slug":"mosella-terra-di-intreccio-culturale","status":"publish","type":"post","link":"https:\/\/www.teritoria.com\/it\/mosella-terra-di-intreccio-culturale\/","title":{"rendered":"La Mosella: sulle tracce di un intreccio culturale"},"content":{"rendered":"\n<p><\/p>\n\n\n\n<pre class=\"wp-block-verse\">Immagine di copertina: Cochem e il fiume Mosella \u00a9 shutterstock \/ Robert Harding Vid\u00e9o<\/pre>\n\n\n\n<p><\/p>\n\n\n\n<p>All&#8217;incrocio tra Francia, Lussemburgo e Germania, <strong>la Mosella<\/strong> custodisce una storia ricca di influenze culturali. A tratti <strong>francese<\/strong>, a tratti <strong>tedesca<\/strong>, conserva l\u2019impronta tenace di questi continui passaggi: un dialetto franco ancora vivo, un\u2019architettura che fonde neogotico tedesco e classicismo francese. La Mosella \u00e8 il frutto di una<strong> doppia cultura <\/strong>che ne ha modellato l\u2019identit\u00e0. Grazie al suo passato turbolento, oggi abbiamo una regione variegata dove si conciliano lo stile tedesco e quello francese, creando un ponte vivente tra due mondi. Questo articolo ti invita a scoprire i luoghi della Mosella segnati da una <strong>grande storia<\/strong>.<\/p>\n\n\n\n<p><\/p>\n\n\n\n<h2 class=\"wp-block-heading has-luminous-vivid-orange-color has-text-color has-link-color wp-elements-ab661434922baabbe7d95b4b07f0d411\">L&#8217;identit\u00e0 francese della Mosella radicata nel suo patrimonio<\/h2>\n\n\n\n<p>Questo dipartimento, situato nel <strong>Grand Est<\/strong>, nonostante le influenze germaniche, ha mantenuto parte della sua identit\u00e0 francese, evidente nell&#8217;architettura dei monumenti.\u00a0<\/p>\n\n\n\n<h3 class=\"wp-block-heading\"><strong>La cattedrale di Santo Stefano, emblema del gotico francese\u00a0 <\/strong>\u00a0\u00a0<\/h3>\n\n\n\n<p><strong>La cattedrale di Santo Stefano<\/strong> a Metz \u00e8 uno dei fiori all&#8217;occhiello dell&#8217;architettura gotica francese, soprannominata la Lanterna di Dio per le sue vetrate eccezionali, che inondano l&#8217;edificio di luce e gli conferiscono un&#8217;aura quasi mistica. \u00c8 una vera prodezza architettonica, con quasi <strong>6.500 m\u00b2 di vetrate<\/strong>, tra le pi\u00f9 grandi collezioni di vetrate antiche d&#8217;Europa.<\/p>\n\n\n<div class=\"wp-block-image\">\n<figure class=\"aligncenter size-full is-resized\"><img loading=\"lazy\" decoding=\"async\" width=\"666\" height=\"666\" src=\"https:\/\/www.teritoria.com\/wp-content\/uploads\/2025\/05\/shutterstock_2388319505_cReflexpixel_Cathedrale-Saint-Etienne-de-Metz-vue-du-plan-deau-edited.jpg\" alt=\"\" class=\"wp-image-137006\" style=\"aspect-ratio:1;object-fit:cover;width:1450px\" title=\"\" srcset=\"https:\/\/www.teritoria.com\/wp-content\/uploads\/2025\/05\/shutterstock_2388319505_cReflexpixel_Cathedrale-Saint-Etienne-de-Metz-vue-du-plan-deau-edited.jpg 666w, https:\/\/www.teritoria.com\/wp-content\/uploads\/2025\/05\/shutterstock_2388319505_cReflexpixel_Cathedrale-Saint-Etienne-de-Metz-vue-du-plan-deau-edited-300x300.jpg 300w, https:\/\/www.teritoria.com\/wp-content\/uploads\/2025\/05\/shutterstock_2388319505_cReflexpixel_Cathedrale-Saint-Etienne-de-Metz-vue-du-plan-deau-edited-150x150.jpg 150w, https:\/\/www.teritoria.com\/wp-content\/uploads\/2025\/05\/shutterstock_2388319505_cReflexpixel_Cathedrale-Saint-Etienne-de-Metz-vue-du-plan-deau-edited-423x423.jpg 423w, https:\/\/www.teritoria.com\/wp-content\/uploads\/2025\/05\/shutterstock_2388319505_cReflexpixel_Cathedrale-Saint-Etienne-de-Metz-vue-du-plan-deau-edited-206x206.jpg 206w, https:\/\/www.teritoria.com\/wp-content\/uploads\/2025\/05\/shutterstock_2388319505_cReflexpixel_Cathedrale-Saint-Etienne-de-Metz-vue-du-plan-deau-edited-392x392.jpg 392w, https:\/\/www.teritoria.com\/wp-content\/uploads\/2025\/05\/shutterstock_2388319505_cReflexpixel_Cathedrale-Saint-Etienne-de-Metz-vue-du-plan-deau-edited-425x425.jpg 425w, https:\/\/www.teritoria.com\/wp-content\/uploads\/2025\/05\/shutterstock_2388319505_cReflexpixel_Cathedrale-Saint-Etienne-de-Metz-vue-du-plan-deau-edited-207x207.jpg 207w\" sizes=\"auto, (max-width: 666px) 100vw, 666px\" \/><figcaption class=\"wp-element-caption\">Cattedrale di Santo Stefano a Metz \u00a9 shutterstock \/ Reflexpixel<\/figcaption><\/figure>\n<\/div>\n\n\n<p>Inoltre, alcune vetrate sono firmate dal grande artista francese <strong>Chagall<\/strong>, il che accresce ancora di pi\u00f9 il valore artistico e simbolico del luogo. <strong>La cattedrale di Santo Stefano<\/strong> si distingue per la sua <strong>navata monumentale<\/strong> che arriva a 41 metri, rendendola una delle pi\u00f9 alte di Francia. Il suo slancio verso il cielo esprime chiaramente l&#8217;ambizione spirituale propria dello stile gotico. Nel rivendicare la sua identit\u00e0 architettonica francese riflette anche il profondo legame storico di Metz con il <strong>Regno di Francia<\/strong>, prima dell\u2019annessione tedesca del 1871.<\/p>\n\n\n<div class=\"wp-block-image\">\n<figure class=\"aligncenter size-full is-resized\"><img loading=\"lazy\" decoding=\"async\" width=\"1000\" height=\"667\" src=\"https:\/\/www.teritoria.com\/wp-content\/uploads\/2025\/04\/shutterstock_327777200.jpg\" alt=\"\" class=\"wp-image-136828\" style=\"aspect-ratio:1;object-fit:cover;width:1450px\" title=\"\" srcset=\"https:\/\/www.teritoria.com\/wp-content\/uploads\/2025\/04\/shutterstock_327777200.jpg 1000w, https:\/\/www.teritoria.com\/wp-content\/uploads\/2025\/04\/shutterstock_327777200-300x200.jpg 300w, https:\/\/www.teritoria.com\/wp-content\/uploads\/2025\/04\/shutterstock_327777200-768x512.jpg 768w\" sizes=\"auto, (max-width: 1000px) 100vw, 1000px\" \/><figcaption class=\"wp-element-caption\">Cattedrale di Metz \u00a9 shutterstock \/ Philip Bird LRPS CPAGB<\/figcaption><\/figure>\n<\/div>\n\n\n<p>La cattedrale vanta anche uno degli <strong>organi pi\u00f9 antichi di Francia<\/strong>, risalente al 1537. Questo strumento storico fa parte dell&#8217;eccezionale patrimonio musicale della Mosella, secondo dipartimento francese per numero di organi. \u00c8 in questo contesto che si inserisce <strong>la Strada degli Organi della Mosella<\/strong>, un itinerario creato per valorizzare, conservare e far risuonare questo patrimonio unico.<\/p>\n\n\n\n<h3 class=\"wp-block-heading\">Il castello di Sierck, un castello medievale francese<\/h3>\n\n\n\n<p>Conosciuto anche come il<strong> Castello dei Duchi di Lorena,<\/strong> l\u2019antica fortezza di <strong>Sierck-les-Bains<\/strong> si trova su un promontorio roccioso che domina la valle della Mosella, alle porte del Lussemburgo e della Germania. Immerso in un paesaggio verdeggiante, questo castello millenario, le cui origini risalgono all&#8217;XI\u00b0 secolo, fu una delle residenze preferite dei duchi di Lorena fino al XVII\u00b0 secolo.<\/p>\n\n\n<div class=\"wp-block-image\">\n<figure class=\"aligncenter size-large is-resized\"><img loading=\"lazy\" decoding=\"async\" width=\"2049\" height=\"2048\" src=\"https:\/\/www.teritoria.com\/wp-content\/uploads\/2025\/05\/www.chateau-sierck.com_cassociation-du-Chateau-des-Ducs-de-Lorraine_vue-generique-du-chateau-de-sierck-edited.jpg\" alt=\"\" class=\"wp-image-137028\" style=\"aspect-ratio:1;object-fit:cover;width:1450px\" title=\"\" srcset=\"https:\/\/www.teritoria.com\/wp-content\/uploads\/2025\/05\/www.chateau-sierck.com_cassociation-du-Chateau-des-Ducs-de-Lorraine_vue-generique-du-chateau-de-sierck-edited.jpg 2049w, https:\/\/www.teritoria.com\/wp-content\/uploads\/2025\/05\/www.chateau-sierck.com_cassociation-du-Chateau-des-Ducs-de-Lorraine_vue-generique-du-chateau-de-sierck-edited-300x300.jpg 300w, https:\/\/www.teritoria.com\/wp-content\/uploads\/2025\/05\/www.chateau-sierck.com_cassociation-du-Chateau-des-Ducs-de-Lorraine_vue-generique-du-chateau-de-sierck-edited-1024x1024.jpg 1024w, https:\/\/www.teritoria.com\/wp-content\/uploads\/2025\/05\/www.chateau-sierck.com_cassociation-du-Chateau-des-Ducs-de-Lorraine_vue-generique-du-chateau-de-sierck-edited-150x150.jpg 150w, https:\/\/www.teritoria.com\/wp-content\/uploads\/2025\/05\/www.chateau-sierck.com_cassociation-du-Chateau-des-Ducs-de-Lorraine_vue-generique-du-chateau-de-sierck-edited-768x768.jpg 768w, https:\/\/www.teritoria.com\/wp-content\/uploads\/2025\/05\/www.chateau-sierck.com_cassociation-du-Chateau-des-Ducs-de-Lorraine_vue-generique-du-chateau-de-sierck-edited-1536x1536.jpg 1536w, https:\/\/www.teritoria.com\/wp-content\/uploads\/2025\/05\/www.chateau-sierck.com_cassociation-du-Chateau-des-Ducs-de-Lorraine_vue-generique-du-chateau-de-sierck-edited-423x423.jpg 423w, https:\/\/www.teritoria.com\/wp-content\/uploads\/2025\/05\/www.chateau-sierck.com_cassociation-du-Chateau-des-Ducs-de-Lorraine_vue-generique-du-chateau-de-sierck-edited-206x206.jpg 206w, https:\/\/www.teritoria.com\/wp-content\/uploads\/2025\/05\/www.chateau-sierck.com_cassociation-du-Chateau-des-Ducs-de-Lorraine_vue-generique-du-chateau-de-sierck-edited-392x392.jpg 392w, https:\/\/www.teritoria.com\/wp-content\/uploads\/2025\/05\/www.chateau-sierck.com_cassociation-du-Chateau-des-Ducs-de-Lorraine_vue-generique-du-chateau-de-sierck-edited-425x425.jpg 425w, https:\/\/www.teritoria.com\/wp-content\/uploads\/2025\/05\/www.chateau-sierck.com_cassociation-du-Chateau-des-Ducs-de-Lorraine_vue-generique-du-chateau-de-sierck-edited-207x207.jpg 207w\" sizes=\"auto, (max-width: 2049px) 100vw, 2049px\" \/><figcaption class=\"wp-element-caption\">Vista del Castello di Sierck \u00a9 Associazione del Castello dei Duchi di Lorena<\/figcaption><\/figure>\n<\/div>\n\n\n<p>La sua architettura si fonde<strong> in modo armonioso<\/strong> con il paesaggio: una cinta muraria ovale, torri imponenti e muri in pietra che raccontano, ad ogni angolo, una storia plasmata dai secoli. Trasformato e abbellito negli anni, oggi \u00e8 una straordinaria testimonianza <strong>dell&#8217;evoluzione architettonica francese<\/strong>.<\/p>\n\n\n\n<div class=\"wp-block-group is-content-justification-space-between is-nowrap is-layout-flex wp-container-core-group-is-layout-0dfbf163 wp-block-group-is-layout-flex\">\n<figure class=\"wp-block-image size-large is-resized\"><img loading=\"lazy\" decoding=\"async\" width=\"1024\" height=\"683\" src=\"https:\/\/www.teritoria.com\/wp-content\/uploads\/2025\/04\/www.chateau-sierck.com_cassociation-du-Chateau-des-Ducs-de-Lorraine_vueSierck1-1024x683.jpg\" alt=\"\" class=\"wp-image-137034\" style=\"aspect-ratio:4\/3;object-fit:cover;width:1026px\" title=\"\" srcset=\"https:\/\/www.teritoria.com\/wp-content\/uploads\/2025\/04\/www.chateau-sierck.com_cassociation-du-Chateau-des-Ducs-de-Lorraine_vueSierck1-1024x683.jpg 1024w, https:\/\/www.teritoria.com\/wp-content\/uploads\/2025\/04\/www.chateau-sierck.com_cassociation-du-Chateau-des-Ducs-de-Lorraine_vueSierck1-300x200.jpg 300w, https:\/\/www.teritoria.com\/wp-content\/uploads\/2025\/04\/www.chateau-sierck.com_cassociation-du-Chateau-des-Ducs-de-Lorraine_vueSierck1-768x512.jpg 768w, https:\/\/www.teritoria.com\/wp-content\/uploads\/2025\/04\/www.chateau-sierck.com_cassociation-du-Chateau-des-Ducs-de-Lorraine_vueSierck1-1536x1024.jpg 1536w, https:\/\/www.teritoria.com\/wp-content\/uploads\/2025\/04\/www.chateau-sierck.com_cassociation-du-Chateau-des-Ducs-de-Lorraine_vueSierck1-2048x1365.jpg 2048w\" sizes=\"auto, (max-width: 1024px) 100vw, 1024px\" \/><figcaption class=\"wp-element-caption\">vista dal castello di sierck \u00a9 associazione del castello dei duchi di lorena<\/figcaption><\/figure>\n\n\n\n<figure class=\"wp-block-image size-large is-resized\"><img loading=\"lazy\" decoding=\"async\" width=\"648\" height=\"1024\" src=\"https:\/\/www.teritoria.com\/wp-content\/uploads\/2025\/04\/www.chateau-sierck.com_cassociation-du-Chateau-des-Ducs-de-Lorraine_vue-Schall-648x1024.jpg\" alt=\"\" class=\"wp-image-137031\" style=\"width:488px;height:auto\" title=\"\" srcset=\"https:\/\/www.teritoria.com\/wp-content\/uploads\/2025\/04\/www.chateau-sierck.com_cassociation-du-Chateau-des-Ducs-de-Lorraine_vue-Schall-648x1024.jpg 648w, https:\/\/www.teritoria.com\/wp-content\/uploads\/2025\/04\/www.chateau-sierck.com_cassociation-du-Chateau-des-Ducs-de-Lorraine_vue-Schall-190x300.jpg 190w, https:\/\/www.teritoria.com\/wp-content\/uploads\/2025\/04\/www.chateau-sierck.com_cassociation-du-Chateau-des-Ducs-de-Lorraine_vue-Schall-768x1213.jpg 768w, https:\/\/www.teritoria.com\/wp-content\/uploads\/2025\/04\/www.chateau-sierck.com_cassociation-du-Chateau-des-Ducs-de-Lorraine_vue-Schall-972x1536.jpg 972w, https:\/\/www.teritoria.com\/wp-content\/uploads\/2025\/04\/www.chateau-sierck.com_cassociation-du-Chateau-des-Ducs-de-Lorraine_vue-Schall-1296x2048.jpg 1296w, https:\/\/www.teritoria.com\/wp-content\/uploads\/2025\/04\/www.chateau-sierck.com_cassociation-du-Chateau-des-Ducs-de-Lorraine_vue-Schall-scaled.jpg 1621w\" sizes=\"auto, (max-width: 648px) 100vw, 648px\" \/><figcaption class=\"wp-element-caption\">vista schall \u00a9 associazione del castello dei duchi di lorena<\/figcaption><\/figure>\n<\/div>\n\n\n\n<p>Il castello affascina non solo per il suo passato, ma anche per la sua atmosfera unica: panorami spettacolari sulla valle della Mosella, passeggiate tra le rovine, mostre temporanee e rievocazioni storiche. Un&#8217;immersione in un luogo che riunisce memoria, paesaggio e vita culturale.<\/p>\n\n\n\n<h3 class=\"wp-block-heading\">Il pi\u00f9 antico teatro francese ancora in attivit\u00e0\u00a0\u00a0<\/h3>\n\n\n\n<p>Percorrendo le terre della Mosella, concediti una tappa a Metz. \u00c8 nella \u201ccitt\u00e0 d\u2019oro\u201d che si trova il <strong>pi\u00f9 antico teatro di Francia<\/strong>. <strong>Il Teatro dell\u2019Opera di Metz<\/strong>, risalente al XVIII\u00b0 secolo, \u00e8 in attivit\u00e0 da oltre 700 anni. Da sempre al centro della Mosella, ha visto scorrere i secoli, i cambiamenti d\u2019epoca e di sovranit\u00e0. Nel XIX\u00b0 secolo, opere fondamentali di <strong>Victor Hugo<\/strong>, come <em>Hernani<\/em>, vi sono state messe in scena poco dopo la loro prima a Parigi.\u00a0<\/p>\n\n\n<div class=\"wp-block-image\">\n<figure class=\"aligncenter size-full is-resized\"><img loading=\"lazy\" decoding=\"async\" width=\"1000\" height=\"667\" src=\"https:\/\/www.teritoria.com\/wp-content\/uploads\/2025\/04\/shutterstock_1536973037.jpg\" alt=\"\" class=\"wp-image-136834\" style=\"aspect-ratio:1;object-fit:cover;width:1450px\" title=\"\" srcset=\"https:\/\/www.teritoria.com\/wp-content\/uploads\/2025\/04\/shutterstock_1536973037.jpg 1000w, https:\/\/www.teritoria.com\/wp-content\/uploads\/2025\/04\/shutterstock_1536973037-300x200.jpg 300w, https:\/\/www.teritoria.com\/wp-content\/uploads\/2025\/04\/shutterstock_1536973037-768x512.jpg 768w\" sizes=\"auto, (max-width: 1000px) 100vw, 1000px\" \/><figcaption class=\"wp-element-caption\">Teatro dell&#8217;Opera di Metz \u00a9 shutterstock \/ Chris worldwide<\/figcaption><\/figure>\n<\/div>\n\n\n<p>E come diceva Victor Hugo: \u201c<em>Il teatro \u00e8 un punto di osservazione. Tutto ci\u00f2 che esiste nel mondo, nella storia, tutto deve e pu\u00f2 riflettersi in esso<\/em>\u201d. Una bella tappa e una bella citazione per la tua visita storico-culturale della Mosella. Eppure, \u00e8 ora di tornare sul versante tedesco\u2026<\/p>\n\n\n\n<p><\/p>\n\n\n\n<h2 class=\"wp-block-heading has-luminous-vivid-orange-color has-text-color has-link-color wp-elements-a809948c9af38ff359fc7c6a612a038b\">L&#8217;influenza tedesca nelle strade della Mosella\u00a0\u00a0\u00a0<\/h2>\n\n\n\n<p>Se sei nei dintorni di Metz, cogli l&#8217;occasione per visitare la citt\u00e0, perch\u00e9 ci sono altre <strong>curiosit\u00e0 <\/strong>che ti aspettano&#8230;\u00a0\u00a0<\/p>\n\n\n\n<h3 class=\"wp-block-heading\">Il centro medievale, emblema della memoria dell\u2019annessione<\/h3>\n\n\n\n<p>Rinnovato dall\u2019imperatore Guglielmo II alla fine del XIX\u00b0 secolo, questo quartiere custodisce, tra le sue pietre, il ricordo di quasi cinquant\u2019anni di \u201cFrancia tedesca\u201d. Ma lungi dall\u2019essere congelata nel tempo, quell\u2019epoca ha profondamente segnato l\u2019identit\u00e0 visiva e culturale del luogo: vicoli stretti e <strong>case a graticcio<\/strong> convivono con edifici massicci dall\u2019<strong>aspetto germanico<\/strong>, dove la pietra dorata di Jaumont incontra il rigore neoromanico. Pi\u00f9 che una semplice passeggiata storica, il quartiere racconta una citt\u00e0 ricostruita con sfarzo per affermare la potenza dell\u2019Impero tedesco, mescolando patrimonio locale e ambizione imperiale.\u00a0<\/p>\n\n\n<div class=\"wp-block-image\">\n<figure class=\"aligncenter size-full is-resized\"><img loading=\"lazy\" decoding=\"async\" width=\"1000\" height=\"703\" src=\"https:\/\/www.teritoria.com\/wp-content\/uploads\/2025\/04\/shutterstock_2093857594.jpg\" alt=\"\" class=\"wp-image-136837\" style=\"aspect-ratio:1;object-fit:cover;width:1450px\" title=\"\" srcset=\"https:\/\/www.teritoria.com\/wp-content\/uploads\/2025\/04\/shutterstock_2093857594.jpg 1000w, https:\/\/www.teritoria.com\/wp-content\/uploads\/2025\/04\/shutterstock_2093857594-300x211.jpg 300w, https:\/\/www.teritoria.com\/wp-content\/uploads\/2025\/04\/shutterstock_2093857594-768x540.jpg 768w\" sizes=\"auto, (max-width: 1000px) 100vw, 1000px\" \/><figcaption class=\"wp-element-caption\">Porta dei Tedeschi a Metz \u00a9 shutterstock \/ Mikhail Markovskiy<\/figcaption><\/figure>\n<\/div>\n\n\n<p>Passeggiando per la citt\u00e0, ti ritroverai tra botteghe medievali e panorami monumentali della <strong>Neue Stadt<\/strong> (\u201ccitt\u00e0 nuova\u201d in tedesco), come se Metz fosse ancora sospesa tra <strong>due culture<\/strong>. \u00c8 un viaggio in un mondo sospeso, dove gli echi del Sacro Romano Impero e i sogni di grandezza si incrociano a ogni angolo. Un frammento di Alsazia-Lorena, dove l\u2019Europa ha scritto la sua storia sui muri.\u00a0<\/p>\n\n\n\n<h3 class=\"wp-block-heading\">Un viaggio nel tempo: la cittadella di Bitche\u00a0 \u00a0<\/h3>\n\n\n\n<p>No, non \u00e8 un insulto, ma una vera e propria <strong>citt\u00e0 medievale<\/strong> nascosta nella regione del Grand Est. Con la sua vista che domina i paesaggi collinari attorno alla <strong>citt\u00e0 di Bitche<\/strong>, la cittadella omonima, capolavoro di Vauban del XVII\u00b0 secolo, sembra emergere dalla roccia stessa, potente e serena allo stesso tempo.<strong> Nel 1870<\/strong> fu il cuore pulsante della resistenza mosellana contro gli assalti tedeschi e prussiani, incarnando il forte attaccamento della regione alla propria identit\u00e0.<\/p>\n\n\n<div class=\"wp-block-image\">\n<figure class=\"aligncenter size-full is-resized\"><img loading=\"lazy\" decoding=\"async\" width=\"584\" height=\"584\" src=\"https:\/\/www.teritoria.com\/wp-content\/uploads\/2025\/05\/shutterstock_2378351383_cINTREEGUE-Photography_Vue-de-la-petite-eglise-Citadelle-de-Bitche-forteresse-dans-le-quartier-de-la-Moselle-en-France-edited.jpg\" alt=\"\" class=\"wp-image-137054\" style=\"aspect-ratio:1;object-fit:cover;width:1450px\" title=\"\" srcset=\"https:\/\/www.teritoria.com\/wp-content\/uploads\/2025\/05\/shutterstock_2378351383_cINTREEGUE-Photography_Vue-de-la-petite-eglise-Citadelle-de-Bitche-forteresse-dans-le-quartier-de-la-Moselle-en-France-edited.jpg 584w, https:\/\/www.teritoria.com\/wp-content\/uploads\/2025\/05\/shutterstock_2378351383_cINTREEGUE-Photography_Vue-de-la-petite-eglise-Citadelle-de-Bitche-forteresse-dans-le-quartier-de-la-Moselle-en-France-edited-300x300.jpg 300w, https:\/\/www.teritoria.com\/wp-content\/uploads\/2025\/05\/shutterstock_2378351383_cINTREEGUE-Photography_Vue-de-la-petite-eglise-Citadelle-de-Bitche-forteresse-dans-le-quartier-de-la-Moselle-en-France-edited-150x150.jpg 150w, https:\/\/www.teritoria.com\/wp-content\/uploads\/2025\/05\/shutterstock_2378351383_cINTREEGUE-Photography_Vue-de-la-petite-eglise-Citadelle-de-Bitche-forteresse-dans-le-quartier-de-la-Moselle-en-France-edited-423x423.jpg 423w, https:\/\/www.teritoria.com\/wp-content\/uploads\/2025\/05\/shutterstock_2378351383_cINTREEGUE-Photography_Vue-de-la-petite-eglise-Citadelle-de-Bitche-forteresse-dans-le-quartier-de-la-Moselle-en-France-edited-206x206.jpg 206w, https:\/\/www.teritoria.com\/wp-content\/uploads\/2025\/05\/shutterstock_2378351383_cINTREEGUE-Photography_Vue-de-la-petite-eglise-Citadelle-de-Bitche-forteresse-dans-le-quartier-de-la-Moselle-en-France-edited-392x392.jpg 392w, https:\/\/www.teritoria.com\/wp-content\/uploads\/2025\/05\/shutterstock_2378351383_cINTREEGUE-Photography_Vue-de-la-petite-eglise-Citadelle-de-Bitche-forteresse-dans-le-quartier-de-la-Moselle-en-France-edited-425x425.jpg 425w, https:\/\/www.teritoria.com\/wp-content\/uploads\/2025\/05\/shutterstock_2378351383_cINTREEGUE-Photography_Vue-de-la-petite-eglise-Citadelle-de-Bitche-forteresse-dans-le-quartier-de-la-Moselle-en-France-edited-207x207.jpg 207w\" sizes=\"auto, (max-width: 584px) 100vw, 584px\" \/><figcaption class=\"wp-element-caption\">Vista della cittadella di Bitche \u00a9 shutterstock \/ INTREEGUE<\/figcaption><\/figure>\n<\/div>\n\n\n<p>Oggi, le sue fortificazioni raccontano, attraverso un percorso immersivo e toccante, la storia di un assedio eroico e di un territorio a lungo conteso. <strong>La Cittadella di Bitche<\/strong> propone una visita suggestiva dei suoi sotterranei, accompagnata da un<strong> itinerario cinematografico<\/strong>. Con le cuffie, i visitatori seguono il racconto dei soldati protagonisti di un docu-film in pi\u00f9 episodi, proiettati lungo il percorso, che ripercorre l\u2019assedio del 1870-1871. \u00a0<\/p>\n\n\n<div class=\"wp-block-image\">\n<figure class=\"aligncenter size-full is-resized\"><img loading=\"lazy\" decoding=\"async\" width=\"1000\" height=\"666\" src=\"https:\/\/www.teritoria.com\/wp-content\/uploads\/2025\/04\/shutterstock_1538373635_cmaloff_Star-shaped-bastions-and-outworks-of-Citadelle-de-Bitche-medieval-fortress-and-stronghold-near-German-border-in-Moselle-department-France.jpg\" alt=\"\" class=\"wp-image-137050\" style=\"aspect-ratio:1;object-fit:cover;width:1450px\" title=\"\" srcset=\"https:\/\/www.teritoria.com\/wp-content\/uploads\/2025\/04\/shutterstock_1538373635_cmaloff_Star-shaped-bastions-and-outworks-of-Citadelle-de-Bitche-medieval-fortress-and-stronghold-near-German-border-in-Moselle-department-France.jpg 1000w, https:\/\/www.teritoria.com\/wp-content\/uploads\/2025\/04\/shutterstock_1538373635_cmaloff_Star-shaped-bastions-and-outworks-of-Citadelle-de-Bitche-medieval-fortress-and-stronghold-near-German-border-in-Moselle-department-France-300x200.jpg 300w, https:\/\/www.teritoria.com\/wp-content\/uploads\/2025\/04\/shutterstock_1538373635_cmaloff_Star-shaped-bastions-and-outworks-of-Citadelle-de-Bitche-medieval-fortress-and-stronghold-near-German-border-in-Moselle-department-France-768x511.jpg 768w\" sizes=\"auto, (max-width: 1000px) 100vw, 1000px\" \/><figcaption class=\"wp-element-caption\">Vista dall&#8217;alto della cittadella di Bitche \u00a9 shutterstock \/ maloff<\/figcaption><\/figure>\n<\/div>\n\n\n<p>Dopo l\u2019esperienza sotterranea, il pianoro superiore offre una fantastica vista sui Vosgi settentrionali. Ai piedi della cittadella, infine, <strong>il Giardino della Pace<\/strong> invita alla quiete e alla contemplazione, in uno spazio verde che si estende per quasi cinquecento metri. \u00a0<\/p>\n\n\n\n<p><\/p>\n\n\n\n<p>La Mosella \u00e8 una terra ricca di storia a cielo aperto, dove ogni pietra racconta secoli di conflitti e convivenze. Per esplorare altri luoghi ricchi <strong>di storia e cultura<\/strong>, scopri <strong>i nostri <\/strong><a href=\"https:\/\/www.teritoria.com\/it\/\" target=\"_blank\" rel=\"noreferrer noopener\"><strong>hotel e ristoranti Teritoria<\/strong><\/a><strong> <\/strong>nella regione, nonch\u00e9 altri luoghi ed esperienze autentiche da regalare nella <a href=\"https:\/\/www.teritoria.com\/it\/boutique\/\" target=\"_blank\" rel=\"noreferrer noopener\">nostra boutique online<\/a>. Per altre storie interessanti, iscriviti alla <a href=\"https:\/\/share-eu1.hsforms.com\/1Djr2uzE4Q8mjQLtOL5WiNgf7vkn\" target=\"_blank\" rel=\"noreferrer noopener nofollow\">nostra newsletter<\/a>. Se sei gi\u00e0 convinto\/a, scopri con il <a href=\"https:\/\/www.teritoria.com\/it\/programma-fedelta-teritoria\/\" target=\"_blank\" rel=\"noreferrer noopener\">nostro programma fedelt\u00e0<\/a> come ricevere un rimborso parziale sulla tua prossima esperienza.\u00a0\u00a0<\/p>\n\n\n\n<p><\/p>\n\n\n\n<pre class=\"wp-block-verse\">Un articolo di Emilie Fallot Nguyen<\/pre>\n\n\n\n<p><\/p>\n","protected":false},"excerpt":{"rendered":"<p>La Mosella, dipartimento francese della regione Grand Est, deve la sua identit\u00e0 alla vicinanza con la Germania e il Lussemburgo, che hanno influenzato la sua architettura, la sua storia e le sue tradizioni.\u202f\u202f <\/p>\n","protected":false},"author":16,"featured_media":136827,"comment_status":"closed","ping_status":"closed","sticky":false,"template":"","format":"standard","meta":{"_acf_changed":false,"footnotes":""},"categories":[707,23],"tags":[3940],"class_list":["post-137723","post","type-post","status-publish","format-standard","has-post-thumbnail","hentry","category-diari-di-viaggio","category-tutti-i-nostri-articoli","tag-voyage-responsable-it"],"acf":[],"_links":{"self":[{"href":"https:\/\/www.teritoria.com\/it\/wp-json\/wp\/v2\/posts\/137723","targetHints":{"allow":["GET"]}}],"collection":[{"href":"https:\/\/www.teritoria.com\/it\/wp-json\/wp\/v2\/posts"}],"about":[{"href":"https:\/\/www.teritoria.com\/it\/wp-json\/wp\/v2\/types\/post"}],"author":[{"embeddable":true,"href":"https:\/\/www.teritoria.com\/it\/wp-json\/wp\/v2\/users\/16"}],"replies":[{"embeddable":true,"href":"https:\/\/www.teritoria.com\/it\/wp-json\/wp\/v2\/comments?post=137723"}],"version-history":[{"count":2,"href":"https:\/\/www.teritoria.com\/it\/wp-json\/wp\/v2\/posts\/137723\/revisions"}],"predecessor-version":[{"id":137726,"href":"https:\/\/www.teritoria.com\/it\/wp-json\/wp\/v2\/posts\/137723\/revisions\/137726"}],"wp:featuredmedia":[{"embeddable":true,"href":"https:\/\/www.teritoria.com\/it\/wp-json\/wp\/v2\/media\/136827"}],"wp:attachment":[{"href":"https:\/\/www.teritoria.com\/it\/wp-json\/wp\/v2\/media?parent=137723"}],"wp:term":[{"taxonomy":"category","embeddable":true,"href":"https:\/\/www.teritoria.com\/it\/wp-json\/wp\/v2\/categories?post=137723"},{"taxonomy":"post_tag","embeddable":true,"href":"https:\/\/www.teritoria.com\/it\/wp-json\/wp\/v2\/tags?post=137723"}],"curies":[{"name":"wp","href":"https:\/\/api.w.org\/{rel}","templated":true}]}}