{"id":136614,"date":"2025-04-09T19:08:59","date_gmt":"2025-04-09T17:08:59","guid":{"rendered":"https:\/\/www.teritoria.com\/ou-partir-en-juin-en-europe\/"},"modified":"2025-05-08T22:55:34","modified_gmt":"2025-05-08T20:55:34","slug":"dove-andare-in-europa-a-giugno","status":"publish","type":"post","link":"https:\/\/www.teritoria.com\/it\/dove-andare-in-europa-a-giugno\/","title":{"rendered":"Dove andare in Europa a giugno"},"content":{"rendered":"\n<p>Se ti stai chiedendo <strong>dove andare in Europa<\/strong> a giugno per goderti il sole, Teritoria ti propone una <strong>selezione d\u2019indirizzi<\/strong> nascosti dove si viaggia con l\u2019essenziale, in sintonia con il territorio e le stagioni.<\/p>\n\n\n\n<h2 class=\"wp-block-heading has-luminous-vivid-orange-color has-text-color has-link-color wp-elements-4f6acf91d8b3f557ac7412aa54d21d95\">In Francia: borghi dimenticati, valli segrete e coste nascoste&nbsp;<\/h2>\n\n\n\n<p>Rimanere in Francia significa immergersi in un territorio ricco di sfumature e di diversit\u00e0.<\/p>\n\n\n\n<h3 class=\"wp-block-heading\">La Dr\u00f4me Provenzale&nbsp;<\/h3>\n\n\n<div class=\"wp-block-image\">\n<figure class=\"aligncenter size-full is-resized\"><img loading=\"lazy\" decoding=\"async\" width=\"537\" height=\"537\" src=\"https:\/\/www.teritoria.com\/wp-content\/uploads\/2025\/05\/shutterstock_1788837215_cphotosimysia_Paysage-francais-dete.-Champ-de-lavande-montagnes-et-vignobles.-Departement-de-la-Drome-Provencale.-Panorama-edited.jpg\" alt=\"\" class=\"wp-image-136963\" style=\"aspect-ratio:1;object-fit:cover;width:1450px\" title=\"\" srcset=\"https:\/\/www.teritoria.com\/wp-content\/uploads\/2025\/05\/shutterstock_1788837215_cphotosimysia_Paysage-francais-dete.-Champ-de-lavande-montagnes-et-vignobles.-Departement-de-la-Drome-Provencale.-Panorama-edited.jpg 537w, https:\/\/www.teritoria.com\/wp-content\/uploads\/2025\/05\/shutterstock_1788837215_cphotosimysia_Paysage-francais-dete.-Champ-de-lavande-montagnes-et-vignobles.-Departement-de-la-Drome-Provencale.-Panorama-edited-300x300.jpg 300w, https:\/\/www.teritoria.com\/wp-content\/uploads\/2025\/05\/shutterstock_1788837215_cphotosimysia_Paysage-francais-dete.-Champ-de-lavande-montagnes-et-vignobles.-Departement-de-la-Drome-Provencale.-Panorama-edited-150x150.jpg 150w, https:\/\/www.teritoria.com\/wp-content\/uploads\/2025\/05\/shutterstock_1788837215_cphotosimysia_Paysage-francais-dete.-Champ-de-lavande-montagnes-et-vignobles.-Departement-de-la-Drome-Provencale.-Panorama-edited-423x423.jpg 423w, https:\/\/www.teritoria.com\/wp-content\/uploads\/2025\/05\/shutterstock_1788837215_cphotosimysia_Paysage-francais-dete.-Champ-de-lavande-montagnes-et-vignobles.-Departement-de-la-Drome-Provencale.-Panorama-edited-206x206.jpg 206w, https:\/\/www.teritoria.com\/wp-content\/uploads\/2025\/05\/shutterstock_1788837215_cphotosimysia_Paysage-francais-dete.-Champ-de-lavande-montagnes-et-vignobles.-Departement-de-la-Drome-Provencale.-Panorama-edited-392x392.jpg 392w, https:\/\/www.teritoria.com\/wp-content\/uploads\/2025\/05\/shutterstock_1788837215_cphotosimysia_Paysage-francais-dete.-Champ-de-lavande-montagnes-et-vignobles.-Departement-de-la-Drome-Provencale.-Panorama-edited-425x425.jpg 425w, https:\/\/www.teritoria.com\/wp-content\/uploads\/2025\/05\/shutterstock_1788837215_cphotosimysia_Paysage-francais-dete.-Champ-de-lavande-montagnes-et-vignobles.-Departement-de-la-Drome-Provencale.-Panorama-edited-207x207.jpg 207w\" sizes=\"auto, (max-width: 537px) 100vw, 537px\" \/><figcaption class=\"wp-element-caption\">Campo di lavanda nella Dr\u00f4me Provenzale \u00a9 shutterstock \/ photosimysia<\/figcaption><\/figure>\n<\/div>\n\n\n<p>A sud della valle del Rodano, la <strong>Dr\u00f4me Provenzale<\/strong> si svela come un paesaggio da cartolina: distese di lavanda in fiore, dolci colline punteggiate di ulivi&#8230; Ma qui, non si trova lo stesso trambusto del vicino Luberon.\u00a0I borghi arroccati di Po\u00ebt-Laval, La Garde-Adh\u00e9mar o Sao\u00fb, ad esempio, sono un&#8217;oasi di pace. <\/p>\n\n\n<div class=\"wp-block-image\">\n<figure class=\"aligncenter size-full is-resized\"><img loading=\"lazy\" decoding=\"async\" width=\"1000\" height=\"667\" src=\"https:\/\/www.teritoria.com\/wp-content\/uploads\/2025\/04\/shutterstock_1929003269_cBegir_Grignan-village-medieval-de-Drme-en-Auvergne-Rhone-Alpes-France.jpg\" alt=\"\" class=\"wp-image-136932\" style=\"aspect-ratio:1;object-fit:cover;width:1450px\" title=\"\" srcset=\"https:\/\/www.teritoria.com\/wp-content\/uploads\/2025\/04\/shutterstock_1929003269_cBegir_Grignan-village-medieval-de-Drme-en-Auvergne-Rhone-Alpes-France.jpg 1000w, https:\/\/www.teritoria.com\/wp-content\/uploads\/2025\/04\/shutterstock_1929003269_cBegir_Grignan-village-medieval-de-Drme-en-Auvergne-Rhone-Alpes-France-300x200.jpg 300w, https:\/\/www.teritoria.com\/wp-content\/uploads\/2025\/04\/shutterstock_1929003269_cBegir_Grignan-village-medieval-de-Drme-en-Auvergne-Rhone-Alpes-France-768x512.jpg 768w\" sizes=\"auto, (max-width: 1000px) 100vw, 1000px\" \/><figcaption class=\"wp-element-caption\">Grignan borgo medievale \u00a9 shutterstock \/ Begir<\/figcaption><\/figure>\n<\/div>\n\n\n<p>\u00c8 anche un angolo di paradiso per gli appassionati di <a href=\"https:\/\/www.teritoria.com\/les-meilleurs-chemins-de-randonnee-en-europe\/\" target=\"_blank\" rel=\"noreferrer noopener\">escursioni a piedi<\/a>. Tra le esperienze da non perdere, ti consigliamo di provare il sentiero degli <strong>Ugoni<\/strong>, di passeggiare per i vicoli ombreggiati di <strong>Grignan<\/strong> o di noleggiare una <strong>bicicletta elettrica<\/strong> per perderti tra le stradine dei dintorni.<\/p>\n\n\n\n<h3 class=\"wp-block-heading\">Il Parco naturale regionale dell&#8217;Alta Linguadoca<\/h3>\n\n\n<div class=\"wp-block-image\">\n<figure class=\"aligncenter size-full is-resized\"><img loading=\"lazy\" decoding=\"async\" width=\"1000\" height=\"667\" src=\"https:\/\/www.teritoria.com\/wp-content\/uploads\/2025\/04\/shutterstock_2188952155_cIdgfr-photos_Vue-sur-lHerault-et-le-Parc-Naturel-du-Haut-Languedoc-et-sur-la-vallee-de-lOrb-depuis-le-sommet-du-Mont-Caroux.jpg\" alt=\"\" class=\"wp-image-136938\" style=\"aspect-ratio:1;object-fit:cover;width:1450px\" title=\"\" srcset=\"https:\/\/www.teritoria.com\/wp-content\/uploads\/2025\/04\/shutterstock_2188952155_cIdgfr-photos_Vue-sur-lHerault-et-le-Parc-Naturel-du-Haut-Languedoc-et-sur-la-vallee-de-lOrb-depuis-le-sommet-du-Mont-Caroux.jpg 1000w, https:\/\/www.teritoria.com\/wp-content\/uploads\/2025\/04\/shutterstock_2188952155_cIdgfr-photos_Vue-sur-lHerault-et-le-Parc-Naturel-du-Haut-Languedoc-et-sur-la-vallee-de-lOrb-depuis-le-sommet-du-Mont-Caroux-300x200.jpg 300w, https:\/\/www.teritoria.com\/wp-content\/uploads\/2025\/04\/shutterstock_2188952155_cIdgfr-photos_Vue-sur-lHerault-et-le-Parc-Naturel-du-Haut-Languedoc-et-sur-la-vallee-de-lOrb-depuis-le-sommet-du-Mont-Caroux-768x512.jpg 768w\" sizes=\"auto, (max-width: 1000px) 100vw, 1000px\" \/><figcaption class=\"wp-element-caption\">Vista sull&#8217;H\u00e9rault e sul Parco Naturale dell&#8217;Alta Linguadoca dalla cima del Mont-Caroux \u00a9 shutterstock \/ Idgfr photos<\/figcaption><\/figure>\n<\/div>\n\n\n<p>Ancora poco esplorata, l&#8217;Alta Linguadoca \u00e8 una terra di contrasti e silenzi. I monti del Caroux, le foreste del Somail e le gole di H\u00e9ric creano un susseguirsi di paesaggi intimamente legati, in perfetta armonia. A giugno, i <strong>sentieri escursionistici<\/strong> permettono di osservare una <strong>biodiversit\u00e0 rara, <\/strong>accompagnati dal canto delle cicale. <\/p>\n\n\n<div class=\"wp-block-image\">\n<figure class=\"aligncenter size-full is-resized\"><img loading=\"lazy\" decoding=\"async\" width=\"1000\" height=\"662\" src=\"https:\/\/www.teritoria.com\/wp-content\/uploads\/2025\/04\/shutterstock_1908667957_cPierre-Alexandre-Saumon_vue-depuis-les-Gorges-dHeric-en-Herault.jpg\" alt=\"\" class=\"wp-image-136929\" style=\"aspect-ratio:1;object-fit:cover;width:1450px\" title=\"\" srcset=\"https:\/\/www.teritoria.com\/wp-content\/uploads\/2025\/04\/shutterstock_1908667957_cPierre-Alexandre-Saumon_vue-depuis-les-Gorges-dHeric-en-Herault.jpg 1000w, https:\/\/www.teritoria.com\/wp-content\/uploads\/2025\/04\/shutterstock_1908667957_cPierre-Alexandre-Saumon_vue-depuis-les-Gorges-dHeric-en-Herault-300x199.jpg 300w, https:\/\/www.teritoria.com\/wp-content\/uploads\/2025\/04\/shutterstock_1908667957_cPierre-Alexandre-Saumon_vue-depuis-les-Gorges-dHeric-en-Herault-768x508.jpg 768w\" sizes=\"auto, (max-width: 1000px) 100vw, 1000px\" \/><figcaption class=\"wp-element-caption\">Vista dalle Gole di H\u00e9ric nell&#8217;H\u00e9rault \u00a9 shutterstock \/ Pierre Alexandre Saumon<\/figcaption><\/figure>\n<\/div>\n\n\n<p>E con un po\u2019 di fortuna, potrai persino incontrare dei mufloni. Per goderti al meglio questa esperienza, Teritoria ti invita a <strong>privilegiare attivit\u00e0 rilassanti<\/strong> come la fotografia, le passeggiate, le escursioni botaniche o l&#8217;introduzione alla <a href=\"https:\/\/www.teritoria.com\/s-initier-a-la-permaculture\/\" target=\"_blank\" rel=\"noreferrer noopener\">permacultura<\/a> presso le fattorie locali.<\/p>\n\n\n\n<h2 class=\"wp-block-heading has-luminous-vivid-orange-color has-text-color has-link-color wp-elements-3b833d24148dc3fba4894f374225845b\">In Italia: quiete mediterranea e campagne incontaminate&nbsp;<\/h2>\n\n\n\n<p>Ora dirigiamoci verso un&#8217;Italia nascosta, con il suo stile di vita lento, i borghi dimenticati e quei territori soleggiati che sanno toccare l&#8217;anima.<\/p>\n\n\n\n<h3 class=\"wp-block-heading\">Il Molise<\/h3>\n\n\n<div class=\"wp-block-image\">\n<figure class=\"aligncenter size-full is-resized\"><img loading=\"lazy\" decoding=\"async\" width=\"1000\" height=\"667\" src=\"https:\/\/www.teritoria.com\/wp-content\/uploads\/2025\/04\/shutterstock_2252975379_cOnly-Fabrizio_Vue-du-Trabucco-di-Celestino-Termoli-Italie.jpg\" alt=\"\" class=\"wp-image-136941\" style=\"aspect-ratio:1;object-fit:cover;width:1450px\" title=\"\" srcset=\"https:\/\/www.teritoria.com\/wp-content\/uploads\/2025\/04\/shutterstock_2252975379_cOnly-Fabrizio_Vue-du-Trabucco-di-Celestino-Termoli-Italie.jpg 1000w, https:\/\/www.teritoria.com\/wp-content\/uploads\/2025\/04\/shutterstock_2252975379_cOnly-Fabrizio_Vue-du-Trabucco-di-Celestino-Termoli-Italie-300x200.jpg 300w, https:\/\/www.teritoria.com\/wp-content\/uploads\/2025\/04\/shutterstock_2252975379_cOnly-Fabrizio_Vue-du-Trabucco-di-Celestino-Termoli-Italie-768x512.jpg 768w\" sizes=\"auto, (max-width: 1000px) 100vw, 1000px\" \/><figcaption class=\"wp-element-caption\">Vista del Trabucco di Celestino, Termoli, Italia \u00a9 shutterstock \/ Only Fabrizio<\/figcaption><\/figure>\n<\/div>\n\n\n<p>Dimentica Roma, Firenze o le Cinque Terre. Il Molise, tra l&#8217;Abruzzo e la Puglia, \u00e8 senza dubbio la regione pi\u00f9 nascosta d&#8217;Italia&#8230; e una delle pi\u00f9 autentiche. I suoi <strong>borghi medievali<\/strong>, come Agnone, Termoli o Campobasso, sembrano essersi fermati nel tempo. Qui, si parlano ancora i dialetti antichi e si cucina secondo le <strong>tradizioni<\/strong>. <\/p>\n\n\n<div class=\"wp-block-image\">\n<figure class=\"aligncenter size-full is-resized\"><img loading=\"lazy\" decoding=\"async\" width=\"1000\" height=\"667\" src=\"https:\/\/www.teritoria.com\/wp-content\/uploads\/2025\/04\/shutterstock_2173480263_cLev-Levin_Rue-de-Campobasso-ville-et-commune-dans-le-sud-de-lItalie-la-capitale-de-la-region-de-Molise-et-de-la-province-de-Campobasso.jpg\" alt=\"\" class=\"wp-image-136935\" style=\"aspect-ratio:1;object-fit:cover;width:1450px\" title=\"\" srcset=\"https:\/\/www.teritoria.com\/wp-content\/uploads\/2025\/04\/shutterstock_2173480263_cLev-Levin_Rue-de-Campobasso-ville-et-commune-dans-le-sud-de-lItalie-la-capitale-de-la-region-de-Molise-et-de-la-province-de-Campobasso.jpg 1000w, https:\/\/www.teritoria.com\/wp-content\/uploads\/2025\/04\/shutterstock_2173480263_cLev-Levin_Rue-de-Campobasso-ville-et-commune-dans-le-sud-de-lItalie-la-capitale-de-la-region-de-Molise-et-de-la-province-de-Campobasso-300x200.jpg 300w, https:\/\/www.teritoria.com\/wp-content\/uploads\/2025\/04\/shutterstock_2173480263_cLev-Levin_Rue-de-Campobasso-ville-et-commune-dans-le-sud-de-lItalie-la-capitale-de-la-region-de-Molise-et-de-la-province-de-Campobasso-768x512.jpg 768w\" sizes=\"auto, (max-width: 1000px) 100vw, 1000px\" \/><figcaption class=\"wp-element-caption\">Vicolo nella citt\u00e0 di Campobasso, Italia \u00a9 shutterstock \/ Lev Levin<\/figcaption><\/figure>\n<\/div>\n\n\n<p>A giugno, i sentieri escursionistici si riempiono di fiori e le spiagge sono ancora deserte. \u00c8 il momento ideale per scoprire questa regione <strong>a piedi, in treno o in bicicletta<\/strong>! Secondo noi, l&#8217;attivit\u00e0 tipica da non perdere \u00e8 un&#8217;escursione lungo uno storico <strong>percorso di transumanza <\/strong>per scoprire il legame millenario tra l&#8217;uomo, gli animali e la terra.<\/p>\n\n\n\n<h3 class=\"wp-block-heading\">Le Marche<\/h3>\n\n\n\n<p>Ancora poco frequentata dai turisti, la regione delle Marche \u00e8 l\u2019alter ego tranquillo della <a href=\"https:\/\/www.teritoria.com\/toscane-meconnue\/\" target=\"_blank\" rel=\"noreferrer noopener\">Toscana<\/a>. All&#8217;inizio dell&#8217;estate la luce \u00e8 magnifica, le temperature sono ideali e il mare gi\u00e0 caldo, perfetto per fare il bagno in tutta libert\u00e0. Tra i nostri borghi preferiti ci sono Urbino, Corinaldo e Offida. <\/p>\n\n\n<div class=\"wp-block-image\">\n<figure class=\"aligncenter size-full is-resized\"><img loading=\"lazy\" decoding=\"async\" width=\"1000\" height=\"667\" src=\"https:\/\/www.teritoria.com\/wp-content\/uploads\/2025\/04\/shutterstock_424947382_cEddy-Galeotti_Parc-regional-de-la-Reserve-naturelle-du-Mont-Conero-a-Sirolo-Italie.jpg\" alt=\"\" class=\"wp-image-136956\" style=\"aspect-ratio:1;object-fit:cover;width:1450px\" title=\"\" srcset=\"https:\/\/www.teritoria.com\/wp-content\/uploads\/2025\/04\/shutterstock_424947382_cEddy-Galeotti_Parc-regional-de-la-Reserve-naturelle-du-Mont-Conero-a-Sirolo-Italie.jpg 1000w, https:\/\/www.teritoria.com\/wp-content\/uploads\/2025\/04\/shutterstock_424947382_cEddy-Galeotti_Parc-regional-de-la-Reserve-naturelle-du-Mont-Conero-a-Sirolo-Italie-300x200.jpg 300w, https:\/\/www.teritoria.com\/wp-content\/uploads\/2025\/04\/shutterstock_424947382_cEddy-Galeotti_Parc-regional-de-la-Reserve-naturelle-du-Mont-Conero-a-Sirolo-Italie-768x512.jpg 768w\" sizes=\"auto, (max-width: 1000px) 100vw, 1000px\" \/><figcaption class=\"wp-element-caption\">Parco regionale della Riserva Naturale del Monte Conero a Sirolo, Italia \u00a9 shutterstock \/ Eddy Galeotti<\/figcaption><\/figure>\n<\/div>\n\n\n<p>Se sei nei dintorni, puoi approfittarne per scoprire il <strong>Parco naturale regionale del Conero<\/strong>, dove piccole insenature nascoste aspettano solo di essere scoperte dagli escursionisti pi\u00f9 audaci.\u00a0<\/p>\n\n\n\n<h2 class=\"wp-block-heading has-luminous-vivid-orange-color has-text-color has-link-color wp-elements-a1c203d7478594046ebe857e94e1b404\">In Spagna: entroterra selvaggio e coste nascoste<\/h2>\n\n\n\n<p>Ah, la Spagna\u2026 che dire di questa destinazione, impossibile non lasciarsi travolgere da questo mosaico di culture, lingue e terre dai forti contrasti. Teritoria ti accompagna alla scoperta di alcuni indirizzi autentici e riservati, per rispondere alla semplice domanda:<em> dove andare in Europa a giugno?<\/em><\/p>\n\n\n\n<h3 class=\"wp-block-heading\">Le Asturie<\/h3>\n\n\n<div class=\"wp-block-image\">\n<figure class=\"aligncenter size-full is-resized\"><img loading=\"lazy\" decoding=\"async\" width=\"1000\" height=\"667\" src=\"https:\/\/www.teritoria.com\/wp-content\/uploads\/2025\/04\/shutterstock_2299892701_cDaboost_Lac-Ercina-a-Covadonga-Pics-dEurope-Asturies-Espagne.jpg\" alt=\"\" class=\"wp-image-136944\" style=\"aspect-ratio:1;object-fit:cover;width:1450px\" title=\"\" srcset=\"https:\/\/www.teritoria.com\/wp-content\/uploads\/2025\/04\/shutterstock_2299892701_cDaboost_Lac-Ercina-a-Covadonga-Pics-dEurope-Asturies-Espagne.jpg 1000w, https:\/\/www.teritoria.com\/wp-content\/uploads\/2025\/04\/shutterstock_2299892701_cDaboost_Lac-Ercina-a-Covadonga-Pics-dEurope-Asturies-Espagne-300x200.jpg 300w, https:\/\/www.teritoria.com\/wp-content\/uploads\/2025\/04\/shutterstock_2299892701_cDaboost_Lac-Ercina-a-Covadonga-Pics-dEurope-Asturies-Espagne-768x512.jpg 768w\" sizes=\"auto, (max-width: 1000px) 100vw, 1000px\" \/><figcaption class=\"wp-element-caption\">Lago Ercina a Covadonga, Picos de Europa, Asturie, Spagna \u00a9 shuttrstock \/ Daboost<\/figcaption><\/figure>\n<\/div>\n\n\n<p>Dimentica le spiagge affollate della Costa Brava e parti per le <strong>Asturie<\/strong>, nel nord-ovest della Spagna. Qui le montagne si tuffano nel mare, i borghi sembrano usciti da una fiaba e la e la gastronomia celebra con fierezza l\u2019autenticit\u00e0 dei <strong>prodotti locali.<\/strong> Uno dei luoghi che amiamo di pi\u00f9?\u00a0 <\/p>\n\n\n<div class=\"wp-block-image\">\n<figure class=\"aligncenter size-full is-resized\"><img loading=\"lazy\" decoding=\"async\" width=\"1000\" height=\"668\" src=\"https:\/\/www.teritoria.com\/wp-content\/uploads\/2025\/04\/shutterstock_2525730767_cimagoDens_Une-touriste-faisant-de-la-randonnee-dans-les-gorges-pittoresques-de-Cares-dans-les-montagnes-des-Picos-de-Europa-Asturies-dans-le-nord-de-lEspagne.jpg\" alt=\"\" class=\"wp-image-136953\" style=\"aspect-ratio:1;object-fit:cover;width:1450px\" title=\"\" srcset=\"https:\/\/www.teritoria.com\/wp-content\/uploads\/2025\/04\/shutterstock_2525730767_cimagoDens_Une-touriste-faisant-de-la-randonnee-dans-les-gorges-pittoresques-de-Cares-dans-les-montagnes-des-Picos-de-Europa-Asturies-dans-le-nord-de-lEspagne.jpg 1000w, https:\/\/www.teritoria.com\/wp-content\/uploads\/2025\/04\/shutterstock_2525730767_cimagoDens_Une-touriste-faisant-de-la-randonnee-dans-les-gorges-pittoresques-de-Cares-dans-les-montagnes-des-Picos-de-Europa-Asturies-dans-le-nord-de-lEspagne-300x200.jpg 300w, https:\/\/www.teritoria.com\/wp-content\/uploads\/2025\/04\/shutterstock_2525730767_cimagoDens_Une-touriste-faisant-de-la-randonnee-dans-les-gorges-pittoresques-de-Cares-dans-les-montagnes-des-Picos-de-Europa-Asturies-dans-le-nord-de-lEspagne-768x513.jpg 768w\" sizes=\"auto, (max-width: 1000px) 100vw, 1000px\" \/><figcaption class=\"wp-element-caption\">Escursione nel Parco Nazionale dei Picchi d&#8217;Europa \u00a9 shutterstock \/ imagoDens<\/figcaption><\/figure>\n<\/div>\n\n\n<p>Il <strong>Parco Nazionale dei Picchi d&#8217;Europa<\/strong>, un santuario per escursionisti, con sentieri poco battuti che invitano alla contemplazione e alla scoperta.\u00a0<\/p>\n\n\n\n<p>Per chi ama le esperienze fuori dal comune, concediti <strong>una notte in una capanna immersa nella natura<\/strong> e Riconnettiti con l\u2019essenziale.<\/p>\n\n\n\n<h3 class=\"wp-block-heading\">L&#8217;entroterra catalana&nbsp;<\/h3>\n\n\n<div class=\"wp-block-image\">\n<figure class=\"aligncenter size-full is-resized\"><img loading=\"lazy\" decoding=\"async\" width=\"1000\" height=\"564\" src=\"https:\/\/www.teritoria.com\/wp-content\/uploads\/2025\/04\/shutterstock_2480433099_cM.-Vinuesa_Fageda-den-Jorda-a-a-Santa-Pau-La-Garrotxa-Catalogne-Espagne.jpg\" alt=\"\" class=\"wp-image-136950\" style=\"aspect-ratio:1;object-fit:cover;width:1450px\" title=\"\" srcset=\"https:\/\/www.teritoria.com\/wp-content\/uploads\/2025\/04\/shutterstock_2480433099_cM.-Vinuesa_Fageda-den-Jorda-a-a-Santa-Pau-La-Garrotxa-Catalogne-Espagne.jpg 1000w, https:\/\/www.teritoria.com\/wp-content\/uploads\/2025\/04\/shutterstock_2480433099_cM.-Vinuesa_Fageda-den-Jorda-a-a-Santa-Pau-La-Garrotxa-Catalogne-Espagne-300x169.jpg 300w, https:\/\/www.teritoria.com\/wp-content\/uploads\/2025\/04\/shutterstock_2480433099_cM.-Vinuesa_Fageda-den-Jorda-a-a-Santa-Pau-La-Garrotxa-Catalogne-Espagne-768x433.jpg 768w\" sizes=\"auto, (max-width: 1000px) 100vw, 1000px\" \/><figcaption class=\"wp-element-caption\">Foresta della Garrotxa, Catalogna, Spagna \u00a9 shutterstock \/ M. Vinuesa<\/figcaption><\/figure>\n<\/div>\n\n\n<p>Se cerchi il sole a giugno, ma senza andare al mare, ti proponiamo una bella <strong>fuga nell&#8217;entroterra catalano<\/strong>. Lontano da Barcellona, la Garrotxa o il Priorat ti portano in un mondo di <strong>vulcani spenti, foreste e borghi sospesi<\/strong>. <\/p>\n\n\n<div class=\"wp-block-image\">\n<figure class=\"aligncenter size-full is-resized\"><img loading=\"lazy\" decoding=\"async\" width=\"1000\" height=\"625\" src=\"https:\/\/www.teritoria.com\/wp-content\/uploads\/2025\/04\/shutterstock_2372227145_cOliverasoscar_Vignobles-en-pente-dans-la-region-du-Priorat-Catalogne-Espagne.jpg\" alt=\"\" class=\"wp-image-136947\" style=\"aspect-ratio:1;object-fit:cover;width:1450px\" title=\"\" srcset=\"https:\/\/www.teritoria.com\/wp-content\/uploads\/2025\/04\/shutterstock_2372227145_cOliverasoscar_Vignobles-en-pente-dans-la-region-du-Priorat-Catalogne-Espagne.jpg 1000w, https:\/\/www.teritoria.com\/wp-content\/uploads\/2025\/04\/shutterstock_2372227145_cOliverasoscar_Vignobles-en-pente-dans-la-region-du-Priorat-Catalogne-Espagne-300x188.jpg 300w, https:\/\/www.teritoria.com\/wp-content\/uploads\/2025\/04\/shutterstock_2372227145_cOliverasoscar_Vignobles-en-pente-dans-la-region-du-Priorat-Catalogne-Espagne-768x480.jpg 768w\" sizes=\"auto, (max-width: 1000px) 100vw, 1000px\" \/><figcaption class=\"wp-element-caption\">Vigneti terrazzati nella regione del Priorat, Catalogna, Spagna \u00a9 shutterstock \/ Oliverasoscar<\/figcaption><\/figure>\n<\/div>\n\n\n<p>Una quieta atmosfera, le persone sono accoglienti e le tradizioni sono ancora vive, il tutto immerso in un paesaggio incontaminato. Se sei appassionato di <strong>enoturismo<\/strong> e di escursioni, questo angolo della Catalogna, ti conquister\u00e0!<\/p>\n\n\n\n<h2 class=\"wp-block-heading has-luminous-vivid-orange-color has-text-color has-link-color wp-elements-231e7e66a0f5be873137b4ecc9acf9ad\">Giugno, viaggiare in modo diverso&nbsp;<\/h2>\n\n\n\n<p>Partire a giugno significa <strong>godersi l&#8217;anteprima della stagione estiva, quando le destinazioni sono ancora tranquille, la gente del luogo \u00e8 pi\u00f9 disponibile e la natura si rivela in tutta la sua bellezza<\/strong>. \u00c8 anche l&#8217;occasione perfetta per <strong>viaggiare in modo pi\u00f9<\/strong> <strong>consapevole<\/strong>, scegliendo luoghi meno affollati, mezzi di trasporto sostenibili ed esperienze legate al territorio. L&#8217;Europa ti aspetta. Non resta che<strong> uscire dai sentieri battuti<\/strong>&#8230; e seguire il sole. <strong>Con Teritoria, scopri un nuovo modo di viaggiare: autentico, sostenibile, umano<\/strong>. Le nostre strutture, a due passi da questi luoghi suggestivi, sono gestite da padroni di casa appassionati e responsabili.<\/p>\n\n\n\n<p><\/p>\n\n\n\n<p><strong>Per non perderti nulla:<\/strong><\/p>\n\n\n\n<p>Iscriviti alla nostra <a href=\"http:\/\/Form (hsforms.com)\" rel=\"nofollow\">newsletter<\/a>: consigli, ispirazioni e racconti di viaggio.&nbsp;<\/p>\n\n\n\n<p>Regala un soggiorno pieno di significato: dai un&#8217;occhiata alla nostra <a href=\"https:\/\/www.teritoria.com\/it\/boutique\/\">boutique online<\/a>.&nbsp;<\/p>\n\n\n\n<p>Scopri il nostro <a href=\"https:\/\/www.teritoria.com\/it\/programma-fedelta-teritoria\/\">programma fedelt\u00e0<\/a> per far parte di una community di artigiani dell&#8217;ospitalit\u00e0 sostenibile.&nbsp;<\/p>\n","protected":false},"excerpt":{"rendered":"<p>Giugno \u00e8 una promessa di sole, di giornate pi\u00f9 lunghe, di primi bagni e di destinazioni ancora incontaminate prima dell&#8217;effervescenza estiva. Lontano dalla folla e dagli itinerari turistici, l\u2019Europa \u00e8 ricca di luoghi in cui prendersi il tempo per vivere, incontrare ed esplorare con consapevolezza.<\/p>\n","protected":false},"author":16,"featured_media":134793,"comment_status":"closed","ping_status":"closed","sticky":false,"template":"","format":"standard","meta":{"_acf_changed":false,"footnotes":""},"categories":[707,23],"tags":[],"class_list":["post-136614","post","type-post","status-publish","format-standard","has-post-thumbnail","hentry","category-diari-di-viaggio","category-tutti-i-nostri-articoli"],"acf":[],"_links":{"self":[{"href":"https:\/\/www.teritoria.com\/it\/wp-json\/wp\/v2\/posts\/136614","targetHints":{"allow":["GET"]}}],"collection":[{"href":"https:\/\/www.teritoria.com\/it\/wp-json\/wp\/v2\/posts"}],"about":[{"href":"https:\/\/www.teritoria.com\/it\/wp-json\/wp\/v2\/types\/post"}],"author":[{"embeddable":true,"href":"https:\/\/www.teritoria.com\/it\/wp-json\/wp\/v2\/users\/16"}],"replies":[{"embeddable":true,"href":"https:\/\/www.teritoria.com\/it\/wp-json\/wp\/v2\/comments?post=136614"}],"version-history":[{"count":5,"href":"https:\/\/www.teritoria.com\/it\/wp-json\/wp\/v2\/posts\/136614\/revisions"}],"predecessor-version":[{"id":136971,"href":"https:\/\/www.teritoria.com\/it\/wp-json\/wp\/v2\/posts\/136614\/revisions\/136971"}],"wp:featuredmedia":[{"embeddable":true,"href":"https:\/\/www.teritoria.com\/it\/wp-json\/wp\/v2\/media\/134793"}],"wp:attachment":[{"href":"https:\/\/www.teritoria.com\/it\/wp-json\/wp\/v2\/media?parent=136614"}],"wp:term":[{"taxonomy":"category","embeddable":true,"href":"https:\/\/www.teritoria.com\/it\/wp-json\/wp\/v2\/categories?post=136614"},{"taxonomy":"post_tag","embeddable":true,"href":"https:\/\/www.teritoria.com\/it\/wp-json\/wp\/v2\/tags?post=136614"}],"curies":[{"name":"wp","href":"https:\/\/api.w.org\/{rel}","templated":true}]}}