{"id":110315,"date":"2024-12-24T15:53:19","date_gmt":"2024-12-24T14:53:19","guid":{"rendered":"https:\/\/www.teritoria.com\/chateau-de-pray-immersion-eco-responsable\/"},"modified":"2025-02-13T10:25:16","modified_gmt":"2025-02-13T09:25:16","slug":"chateau-de-pray-immersione-eco-responsabile","status":"publish","type":"post","link":"https:\/\/www.teritoria.com\/it\/chateau-de-pray-immersione-eco-responsabile\/","title":{"rendered":"Lo Ch\u00e2teau de Pray : tra patrimonio, eccellenza e responsabilit\u00e0"},"content":{"rendered":"\n<p><\/p>\n\n\n\n<p>Adagiato sulle rive della Loira, a pochi passi dalla <strong>citt\u00e0 reale di Amboise<\/strong>, lo <a href=\"\/?p=3559\">Ch\u00e2teau de Pray<\/a> \u00e8 un gioiello nella corona degli hotel e della gastronomia francese. Questa<strong> ex fortezza medievale<\/strong>, trasformata in un hotel a quattro stelle e in un ristorante stellato Michelin, incarna perfettamente l&#8217;equilibrio tra tradizione, raffinatezza e impegno per un futuro sostenibile. Scopriamo insieme questo luogo eccezionale e i valori che lo rendono un esempio di<strong> turismo responsabile<\/strong>.<\/p>\n\n\n<div class=\"wp-block-image\">\n<figure class=\"aligncenter size-large is-resized\"><img loading=\"lazy\" decoding=\"async\" width=\"1024\" height=\"684\" src=\"https:\/\/www.teritoria.com\/wp-content\/uploads\/2023\/11\/0011o-1024x684.jpg\" alt=\"La facciata dello Ch\u00e2teau de Pray\" class=\"wp-image-6703\" style=\"aspect-ratio:1;object-fit:cover;width:1450px\" title=\"\" srcset=\"https:\/\/www.teritoria.com\/wp-content\/uploads\/2023\/11\/0011o-1024x684.jpg 1024w, https:\/\/www.teritoria.com\/wp-content\/uploads\/2023\/11\/0011o-300x200.jpg 300w, https:\/\/www.teritoria.com\/wp-content\/uploads\/2023\/11\/0011o-768x513.jpg 768w, https:\/\/www.teritoria.com\/wp-content\/uploads\/2023\/11\/0011o-1536x1026.jpg 1536w, https:\/\/www.teritoria.com\/wp-content\/uploads\/2023\/11\/0011o.jpg 1917w\" sizes=\"auto, (max-width: 1024px) 100vw, 1024px\" \/><\/figure>\n<\/div>\n\n\n<h2 class=\"wp-block-heading has-luminous-vivid-orange-color has-text-color has-link-color wp-elements-03fd5bce51a731bd339b965886aff877\">Un ambiente ricco di storia e serenit\u00e0<\/h2>\n\n\n\n<p>Dal<strong> XIII secolo<\/strong>, lo Ch\u00e2teau de Pray si erge maestoso sulla Valle della Loira. Un tempo <strong>residenza di Lord Geoffroy de Pray<\/strong>, questo edificio medievale \u00e8 sopravvissuto ai secoli reinventandosi. Oggi, le sue due torri protettive fanno da cornice a <strong>un&#8217;elegante tenuta con 19 camere da letto arredate con gusto<\/strong>, ognuna delle quali racconta una storia unica, come quella di <strong>Marcel Proust<\/strong>, un ex visitatore del castello.<\/p>\n\n\n<div class=\"wp-block-image\">\n<figure class=\"aligncenter size-large is-resized\"><img loading=\"lazy\" decoding=\"async\" width=\"1024\" height=\"683\" src=\"https:\/\/www.teritoria.com\/wp-content\/uploads\/2023\/11\/0011b-1024x683.jpg\" alt=\"La piscina riscaldata dello Ch\u00e2teau de Pray\" class=\"wp-image-6501\" style=\"aspect-ratio:1;object-fit:cover;width:1450px\" title=\"\" srcset=\"https:\/\/www.teritoria.com\/wp-content\/uploads\/2023\/11\/0011b-1024x683.jpg 1024w, https:\/\/www.teritoria.com\/wp-content\/uploads\/2023\/11\/0011b-300x200.jpg 300w, https:\/\/www.teritoria.com\/wp-content\/uploads\/2023\/11\/0011b-768x512.jpg 768w, https:\/\/www.teritoria.com\/wp-content\/uploads\/2023\/11\/0011b-1536x1024.jpg 1536w, https:\/\/www.teritoria.com\/wp-content\/uploads\/2023\/11\/0011b.jpg 1920w\" sizes=\"auto, (max-width: 1024px) 100vw, 1024px\" \/><\/figure>\n<\/div>\n\n\n<p>I<strong> giardini formali<\/strong>, i cinque ettari di parco alberato e la <strong>piscina riscaldata<\/strong> creano un ambiente favorevole al relax e alla fuga. L&#8217;atmosfera tranquilla del castello invita i visitatori a vivere un&#8217;esperienza unica, sia che siano alla ricerca di romanticismo, avventura o semplicemente di una pausa dalla frenesia.<\/p>\n\n\n\n<h2 class=\"wp-block-heading has-luminous-vivid-orange-color has-text-color has-link-color wp-elements-2268d484c45b61f6bcad938355efab4f\">Gastronomia stellata al servizio della natura<\/h2>\n\n\n\n<p>Il <a href=\"\/?p=3556\">ristorante gastronomico dello Ch\u00e2teau de Pray<\/a>, premiato con<strong>una stella Michelin<\/strong>, \u00e8 un&#8217;ode ai sapori locali e stagionali. Lo chef, appassionato di prodotti locali, <strong>lavora a stretto contatto con i produttori del territorio<\/strong> per creare piatti raffinati che celebrano la ricchezza culinaria della regione.<\/p>\n\n\n<div class=\"wp-block-image\">\n<figure class=\"aligncenter size-full is-resized\"><img loading=\"lazy\" decoding=\"async\" width=\"910\" height=\"780\" src=\"https:\/\/www.teritoria.com\/wp-content\/uploads\/2023\/11\/0011_ChateauDePray-9.jpg\" alt=\"Piatto del ristorante gourmet dello Ch\u00e2teau de Pray\" class=\"wp-image-59336\" style=\"aspect-ratio:1;object-fit:cover;width:1450px\" title=\"\" srcset=\"https:\/\/www.teritoria.com\/wp-content\/uploads\/2023\/11\/0011_ChateauDePray-9.jpg 910w, https:\/\/www.teritoria.com\/wp-content\/uploads\/2023\/11\/0011_ChateauDePray-9-300x257.jpg 300w, https:\/\/www.teritoria.com\/wp-content\/uploads\/2023\/11\/0011_ChateauDePray-9-768x658.jpg 768w\" sizes=\"auto, (max-width: 910px) 100vw, 910px\" \/><\/figure>\n<\/div>\n\n\n<p>In perfetta armonia con l&#8217;approccio ecologico della struttura, i menu sono caratterizzati da una <strong>cucina responsabile, che riduce l&#8217;impronta di carbonio utilizzando prodotti freschi e locali<\/strong>. Una vera e propria <strong>esperienza sensoriale<\/strong> che delizier\u00e0 gli amanti della buona tavola e della sostenibilit\u00e0.<\/p>\n\n\n\n<h2 class=\"wp-block-heading has-luminous-vivid-orange-color has-text-color has-link-color wp-elements-c174a17045dc4faf060aba39bb1a6e5a\">Un approccio eco-responsabile esemplare<\/h2>\n\n\n\n<p><a href=\"\u201c\/?p=3559\u201d\">Lo Ch\u00e2teau de<\/a> Pray non si limita a preservare la bellezza del suo patrimonio. <strong>\u00c8 anche responsabile<\/strong> di iniziative ecologiche, dimostrando che comfort e responsabilit\u00e0 possono coesistere armoniosamente.<\/p>\n\n\n<div class=\"wp-block-image\">\n<figure class=\"aligncenter size-large is-resized\"><img loading=\"lazy\" decoding=\"async\" width=\"1024\" height=\"684\" src=\"https:\/\/www.teritoria.com\/wp-content\/uploads\/2023\/11\/0011n-1024x684.jpg\" alt=\"La sala ristorante dello Ch\u00e2teau de Pray\" class=\"wp-image-6655\" style=\"aspect-ratio:1;object-fit:cover;width:1450px\" title=\"\" srcset=\"https:\/\/www.teritoria.com\/wp-content\/uploads\/2023\/11\/0011n-1024x684.jpg 1024w, https:\/\/www.teritoria.com\/wp-content\/uploads\/2023\/11\/0011n-300x200.jpg 300w, https:\/\/www.teritoria.com\/wp-content\/uploads\/2023\/11\/0011n-768x513.jpg 768w, https:\/\/www.teritoria.com\/wp-content\/uploads\/2023\/11\/0011n-1536x1026.jpg 1536w, https:\/\/www.teritoria.com\/wp-content\/uploads\/2023\/11\/0011n.jpg 1917w\" sizes=\"auto, (max-width: 1024px) 100vw, 1024px\" \/><\/figure>\n<\/div>\n\n\n<p>Tra le tante iniziative messe in atto:<\/p>\n\n\n\n<ul style=\"background-color:#ff8d3b29\" class=\"wp-block-list has-background\">\n<li>&#8211; Utilizzo esclusivo di lampadine a LED per ridurre il consumo energetico.<\/li>\n\n\n\n<li>&#8211; Installazione di punti di ricarica per veicoli elettrici, per facilitare gli spostamenti dei visitatori in modo eco-responsabile.<\/li>\n\n\n\n<li>&#8211; Gestione rigorosa delle risorse, con bagni a doppio scarico e una politica di stampa solo quando necessario.<\/li>\n\n\n\n<li>&#8211; Collaborazione con i produttori locali per ridurre le emissioni legate al trasporto delle merci.<\/li>\n<\/ul>\n\n\n\n<p><\/p>\n\n\n\n<p>Queste iniziative non si limitano alle infrastrutture: si estendono anche alla <strong>sensibilizzazione di dipendenti, clienti e stakeholder locali <\/strong>sull&#8217;importanza di preservare questo eccezionale patrimonio.<\/p>\n\n\n\n<h2 class=\"wp-block-heading has-luminous-vivid-orange-color has-text-color has-link-color wp-elements-d21976ddaaaf954afa1954bf327c5fbd\">Un&#8217;esperienza unica per un soggiorno memorabile<\/h2>\n\n\n\n<p>Lo Ch\u00e2teau de Pray \u00e8 molto pi\u00f9 di un semplice luogo di soggiorno: \u00e8 una destinazione a s\u00e9 stante. Un mix di storia e modernit\u00e0, eccellenza e semplicit\u00e0, offre ai visitatori <strong>momenti eccezionali in un ambiente incantevole<\/strong>. Che si tratti di una fuga romantica, di una festa in famiglia o di un&#8217;esplorazione culturale, ogni visita diventa una parentesi indimenticabile.<\/p>\n\n\n<div class=\"wp-block-image\">\n<figure class=\"aligncenter size-large is-resized\"><img loading=\"lazy\" decoding=\"async\" width=\"1024\" height=\"750\" src=\"https:\/\/www.teritoria.com\/wp-content\/uploads\/2023\/11\/0011m-1024x750.jpg\" alt=\"Sala dello Ch\u00e2teau de Pray\" class=\"wp-image-6649\" style=\"aspect-ratio:1;object-fit:cover;width:1450px\" title=\"\" srcset=\"https:\/\/www.teritoria.com\/wp-content\/uploads\/2023\/11\/0011m-1024x750.jpg 1024w, https:\/\/www.teritoria.com\/wp-content\/uploads\/2023\/11\/0011m-300x220.jpg 300w, https:\/\/www.teritoria.com\/wp-content\/uploads\/2023\/11\/0011m-768x563.jpg 768w, https:\/\/www.teritoria.com\/wp-content\/uploads\/2023\/11\/0011m-1536x1125.jpg 1536w, https:\/\/www.teritoria.com\/wp-content\/uploads\/2023\/11\/0011m.jpg 1747w\" sizes=\"auto, (max-width: 1024px) 100vw, 1024px\" \/><\/figure>\n<\/div>\n\n\n<p>Il castello \u00e8 anche la scelta ideale per un <a href=\"https:\/\/www.teritoria.com\/minimoon-mariage\/\">minimoon<\/a> &#8211; una breve luna di miele per celebrare un amore dolce e affiatato &#8211; o per un regalo eccezionale, grazie ai cofanetti e alle carte regalo disponibili nella boutique di Teritoria.<\/p>\n\n\n\n<h2 class=\"wp-block-heading has-luminous-vivid-orange-color has-text-color has-link-color wp-elements-d44751beedbec17a00359943fe67d40d\">Lasciati sedurre dallo Ch\u00e2teau de Pray<\/h2>\n\n\n\n<p>Combinando un fascino senza tempo con l&#8217;impegno per un turismo sostenibile, Ch\u00e2teau de Pray \u00e8 una destinazione imperdibile per gli amanti del patrimonio, della natura e della gastronomia. Vieni a goderti un soggiorno in cui ogni dettaglio \u00e8 stato pensato per offrirti un&#8217;esperienza autentica e responsabile.<\/p>\n\n\n\n<p>Vuoi scoprire questo luogo unico o offrire un&#8217;esperienza indimenticabile? <a href=\"https:\/\/share-eu1.hsforms.com\/1AzaUmyeDS_6G7jHqch1fDAf7vkn?__hstc=232335232.7057127ac5000853284baedd2871923a.1721742148909.1735038070833.1735049760790.211&amp;__hssc=232335232.2.1735049760790&amp;__hsfp=550555314\" rel=\"nofollow noopener\" target=\"_blank\">Iscriviti alla nostra newsletter<\/a> e visita la nostra <a href=\"https:\/\/www.teritoria.com\/boutique-cadeaux\/\">Boutique<\/a> per scoprire i cofanetti e le carte regalo valide in tutte le nostre strutture. Condividiamo insieme la passione per i viaggi sostenibili e i piaceri autentici.<\/p>\n\n\n\n<p>Iscriviti oggi stesso al <a href=\"https:\/\/www.teritoria.com\/programme-de-fidelite-teritoria\/\">programma fedelt\u00e0 di Teritoria<\/a> e approfitta dei vantaggi esclusivi per vivere l&#8217;esperienza unica di Ch\u00e2teau de Pray e di altre destinazioni eccezionali.<\/p>\n","protected":false},"excerpt":{"rendered":"<p>Immergiti nel mondo dello Ch\u00e2teau de Pray: un patrimonio affascinante, una cucina stellata e iniziative sostenibili ti aspettano nel cuore della Valle della Loira.<\/p>\n","protected":false},"author":16,"featured_media":6500,"comment_status":"closed","ping_status":"closed","sticky":false,"template":"","format":"standard","meta":{"_acf_changed":false,"footnotes":""},"categories":[707,23],"tags":[],"class_list":["post-110315","post","type-post","status-publish","format-standard","has-post-thumbnail","hentry","category-diari-di-viaggio","category-tutti-i-nostri-articoli"],"acf":[],"_links":{"self":[{"href":"https:\/\/www.teritoria.com\/it\/wp-json\/wp\/v2\/posts\/110315","targetHints":{"allow":["GET"]}}],"collection":[{"href":"https:\/\/www.teritoria.com\/it\/wp-json\/wp\/v2\/posts"}],"about":[{"href":"https:\/\/www.teritoria.com\/it\/wp-json\/wp\/v2\/types\/post"}],"author":[{"embeddable":true,"href":"https:\/\/www.teritoria.com\/it\/wp-json\/wp\/v2\/users\/16"}],"replies":[{"embeddable":true,"href":"https:\/\/www.teritoria.com\/it\/wp-json\/wp\/v2\/comments?post=110315"}],"version-history":[{"count":2,"href":"https:\/\/www.teritoria.com\/it\/wp-json\/wp\/v2\/posts\/110315\/revisions"}],"predecessor-version":[{"id":110319,"href":"https:\/\/www.teritoria.com\/it\/wp-json\/wp\/v2\/posts\/110315\/revisions\/110319"}],"wp:featuredmedia":[{"embeddable":true,"href":"https:\/\/www.teritoria.com\/it\/wp-json\/wp\/v2\/media\/6500"}],"wp:attachment":[{"href":"https:\/\/www.teritoria.com\/it\/wp-json\/wp\/v2\/media?parent=110315"}],"wp:term":[{"taxonomy":"category","embeddable":true,"href":"https:\/\/www.teritoria.com\/it\/wp-json\/wp\/v2\/categories?post=110315"},{"taxonomy":"post_tag","embeddable":true,"href":"https:\/\/www.teritoria.com\/it\/wp-json\/wp\/v2\/tags?post=110315"}],"curies":[{"name":"wp","href":"https:\/\/api.w.org\/{rel}","templated":true}]}}