{"id":51494,"date":"2023-11-24T16:46:12","date_gmt":"2023-11-24T15:46:12","guid":{"rendered":"https:\/\/www.teritoria.com\/la-montagne-selon-omar\/"},"modified":"2025-12-02T17:57:13","modified_gmt":"2025-12-02T16:57:13","slug":"la-montagne-selon-omar","status":"publish","type":"post","link":"https:\/\/www.teritoria.com\/en\/la-montagne-selon-omar\/","title":{"rendered":"La montagne selon Omar"},"content":{"rendered":"\n<figure class=\"wp-block-gallery has-nested-images columns-default is-cropped wp-block-gallery-1 is-layout-flex wp-block-gallery-is-layout-flex\">\n<figure class=\"wp-block-image size-large\"><img loading=\"lazy\" decoding=\"async\" width=\"958\" height=\"1024\" data-id=\"34706\" src=\"https:\/\/www.teritoria.com\/wp-content\/uploads\/2023\/11\/omar_abodib_2.png\" alt=\"\" class=\"wp-image-34706\" title=\"\" srcset=\"https:\/\/www.teritoria.com\/wp-content\/uploads\/2023\/11\/omar_abodib_2.png 958w, https:\/\/www.teritoria.com\/wp-content\/uploads\/2023\/11\/omar_abodib_2-281x300.png 281w, https:\/\/www.teritoria.com\/wp-content\/uploads\/2023\/11\/omar_abodib_2-768x821.png 768w\" sizes=\"auto, (max-width: 958px) 100vw, 958px\" \/><\/figure>\n\n\n\n<figure class=\"wp-block-image size-large\"><img loading=\"lazy\" decoding=\"async\" width=\"762\" height=\"1024\" data-id=\"34703\" src=\"https:\/\/www.teritoria.com\/wp-content\/uploads\/2023\/11\/chalet_vue_neige_en_coulisse_omar-1.png\" alt=\"\" class=\"wp-image-34703\" title=\"\" srcset=\"https:\/\/www.teritoria.com\/wp-content\/uploads\/2023\/11\/chalet_vue_neige_en_coulisse_omar-1.png 762w, https:\/\/www.teritoria.com\/wp-content\/uploads\/2023\/11\/chalet_vue_neige_en_coulisse_omar-1-223x300.png 223w\" sizes=\"auto, (max-width: 762px) 100vw, 762px\" \/><\/figure>\n<\/figure>\n\n\n\n<p><\/p>\n\n\n\n<p class=\"has-text-align-center\"><em>L\u2019h\u00f4telier franco-libanais Omar Abodib, d\u00e9j\u00e0 propri\u00e9taire du Donjon-Domaine Saint Clair \u00e0 \u00c9tretat, a inaugur\u00e9 une adresse skis aux pieds \u00e0 Saint-Sorlin-d\u2019Arves, au c\u0153ur du domaine skiable des Sybelles, en Savoie.<\/em><\/p>\n\n\n\n<p class=\"has-text-align-center has-small-font-size\"><em>Par Laurence Gounel<\/em><\/p>\n\n\n\n<p><\/p>\n\n\n\n<div class=\"wp-block-media-text is-stacked-on-mobile\"><figure class=\"wp-block-media-text__media\"><img loading=\"lazy\" decoding=\"async\" width=\"657\" height=\"1024\" src=\"https:\/\/www.teritoria.com\/wp-content\/uploads\/2023\/11\/article_omar_en_coulisse.png\" alt=\"\" class=\"wp-image-34696 size-full\" title=\"\" srcset=\"https:\/\/www.teritoria.com\/wp-content\/uploads\/2023\/11\/article_omar_en_coulisse.png 657w, https:\/\/www.teritoria.com\/wp-content\/uploads\/2023\/11\/article_omar_en_coulisse-192x300.png 192w\" sizes=\"auto, (max-width: 657px) 100vw, 657px\" \/><\/figure><div class=\"wp-block-media-text__content\">\n<p>L\u2019histoire est d\u2019abord celle d\u2019un r\u00eave de petite fille. Celui de l\u2019\u00e9pouse d\u2019Omar, qui r\u00eave depuis longtemps d\u2019un chalet \u00e0 la montagne. Son v\u0153u est exauc\u00e9 pendant la crise sanitaire et une opportunit\u00e9 en d\u00e9voilant une autre, un h\u00f4tel familial est \u00e0 vendre dans ce m\u00eame village pr\u00e9serv\u00e9 de la vall\u00e9e de la Maurienne. Un \u00e9tablissement construit en 1969 et tenu par la seconde g\u00e9n\u00e9ration qui l\u2019exploite \u00ab dans son jus \u00bb. Omar saisit cette chance de poursuivre une histoire d\u2019h\u00f4teliers ind\u00e9pen- dants \u2013 crit\u00e8re qui lui est cher \u2013 dans un village aux traditions fortes et au terroir bien vivant. Propri\u00e9taire des lieux deux mois avant le d\u00e9but de la saison, c\u2019est d\u2019abord le salon qui est enti\u00e8rement revu et corrig\u00e9 pour l\u2019ouverture en d\u00e9cembre 2021. <em>\u00ab Une priorit\u00e9 car ici, le fil conducteur demeure la convi- vialit\u00e9. L\u2019id\u00e9e n\u2019est pas de rester dans sa chambre mais bien de profiter du feu de chemin\u00e9e et des ap\u00e9ritifs qui s\u2019\u00e9ternisent. C\u2019est toute l\u2019atmosph\u00e8re d\u2019une maison de famille que je veux cultiver \u00e0 la montagne. \u00bb <\/em>Un fil rouge qui prend tout son sens avec la vision de l\u2019hospitalit\u00e9 chic et conviviale qu\u2019affiche d\u00e9j\u00e0 Omar au Donjon \u00e0 \u00c9tretat. <\/p>\n\n\n\n<p><\/p>\n<\/div><\/div>\n\n\n\n<p>D\u2019ailleurs, l\u2019esprit \u00ab un pied \u00e0 la mer, un pied \u00e0 la montagne \u00bb a s\u00e9duit les plus fid\u00e8les qui sont d\u00e9sor- mais clients des deux, car c\u2019est un \u00e9tat d\u2019esprit qu\u2019ils viennent chercher dans ce 3 \u00e9toiles savoyard au confort d\u00e9contract\u00e9&#8230; Si les 32 chambres avec balcons et vue \u2013 dont 4 suites et 2 duplex pour cette nouvelle saison \u2013 ont gagn\u00e9 en lumi\u00e8re, literie haut de gamme et une salle de bains contemporaine, l\u2019h\u00f4tel cultive cette image vintage du ski des ann\u00e9es 1970, d\u00e9complex\u00e9e et joyeuse jusque sur les pistes. <em>\u00ab Cette atmosph\u00e8re chaleureuse <\/em>\u2013<em> qui me semble naturelle en montagne <\/em>\u2013 <em>me permet d\u2019\u00eatre encore plus dans l\u2019\u00e9change et la spontan\u00e9it\u00e9 avec mes clients. Et c\u2019est pour cela que je prends autant de plaisir \u00e0 faire ce m\u00e9tier. La vue exceptionnelle, l\u2019exigence du confort et le souci du d\u00e9tail n\u2019emp\u00eachent pas de cultiver un relationnel fort. \u00bb <\/em>M\u00eame sens du joyeux tous les jeudis soir avec une soir\u00e9e libanaise et des mezz\u00e9s \u00e0 partager, tandis que le restaurant valorise les autres soirs une carte courte et travaill\u00e9e. Jacuzzi, hammam et sauna privatifs, spa avec deux cabines&#8230; Rien ne manque \u00e0 ce chalet au charme vintage qui se veut \u00eatre un vrai rendez-vous.<\/p>\n\n\n\n<p><\/p>\n\n\n\n<p>Pour plus de d\u00e9couvertes, explorez notre <a href=\"https:\/\/www.teritoria.com\/en\/\">site internet<\/a> et d\u00e9couvrez notre s\u00e9lection d\u2019adresses et d\u2019escapades d\u00e9di\u00e9es \u00e0 la d\u00e9tente. Laissez-vous inspirer par notre <a href=\"https:\/\/www.teritoria.com\/boutique-cadeaux\/idees-cadeaux\/toutes-nos-idees-cadeaux\/\">boutique en ligne<\/a> et ses tr\u00e9sors. Et si vous souhaitez vivre pleinement cette parenth\u00e8se, rejoignez notre newsletter et notre <a href=\"https:\/\/www.teritoria.com\/programme-de-fidelite-teritoria\/\">programme de fid\u00e9lit\u00e9<\/a> : chaque s\u00e9jour, chaque soin, chaque instant devient une exp\u00e9rience r\u00e9compens\u00e9e.<\/p>\n\n\n\n<p><\/p>\n","protected":false},"excerpt":{"rendered":"<p>Le r\u00eave d&#8217;une \u00e9pouse, le projet d&#8217;un franco-libanais, un tr\u00e9sor au creux des montagnes, d\u00e9couvrez La Montagne selon Omar Abodib.<\/p>\n","protected":false},"author":16,"featured_media":34697,"comment_status":"closed","ping_status":"closed","sticky":false,"template":"","format":"standard","meta":{"_acf_changed":false,"footnotes":""},"categories":[695,1],"tags":[],"class_list":["post-51494","post","type-post","status-publish","format-standard","has-post-thumbnail","hentry","category-behind-the-scenes","category-all-our-articles"],"acf":[],"_links":{"self":[{"href":"https:\/\/www.teritoria.com\/en\/wp-json\/wp\/v2\/posts\/51494","targetHints":{"allow":["GET"]}}],"collection":[{"href":"https:\/\/www.teritoria.com\/en\/wp-json\/wp\/v2\/posts"}],"about":[{"href":"https:\/\/www.teritoria.com\/en\/wp-json\/wp\/v2\/types\/post"}],"author":[{"embeddable":true,"href":"https:\/\/www.teritoria.com\/en\/wp-json\/wp\/v2\/users\/16"}],"replies":[{"embeddable":true,"href":"https:\/\/www.teritoria.com\/en\/wp-json\/wp\/v2\/comments?post=51494"}],"version-history":[{"count":5,"href":"https:\/\/www.teritoria.com\/en\/wp-json\/wp\/v2\/posts\/51494\/revisions"}],"predecessor-version":[{"id":203832,"href":"https:\/\/www.teritoria.com\/en\/wp-json\/wp\/v2\/posts\/51494\/revisions\/203832"}],"wp:featuredmedia":[{"embeddable":true,"href":"https:\/\/www.teritoria.com\/en\/wp-json\/wp\/v2\/media\/34697"}],"wp:attachment":[{"href":"https:\/\/www.teritoria.com\/en\/wp-json\/wp\/v2\/media?parent=51494"}],"wp:term":[{"taxonomy":"category","embeddable":true,"href":"https:\/\/www.teritoria.com\/en\/wp-json\/wp\/v2\/categories?post=51494"},{"taxonomy":"post_tag","embeddable":true,"href":"https:\/\/www.teritoria.com\/en\/wp-json\/wp\/v2\/tags?post=51494"}],"curies":[{"name":"wp","href":"https:\/\/api.w.org\/{rel}","templated":true}]}}