{"id":51189,"date":"2023-11-16T12:24:49","date_gmt":"2023-11-16T11:24:49","guid":{"rendered":"https:\/\/www.teritoria.com\/que-faire-pour-le-week-end-de-lascension-2\/"},"modified":"2025-01-31T15:58:55","modified_gmt":"2025-01-31T14:58:55","slug":"que-faire-pour-le-week-end-de-lascension-2","status":"publish","type":"post","link":"https:\/\/www.teritoria.com\/en\/que-faire-pour-le-week-end-de-lascension-2\/","title":{"rendered":"Que faire pour le week-end de l\u2019Ascension ?"},"content":{"rendered":"\n<p>Avec la possibilit\u00e9 de <strong>faire le pont<\/strong> gr\u00e2ce au jeudi de l\u2019Ascension f\u00e9ri\u00e9,<strong> ce long week-end avant les vacances d\u2019\u00e9t\u00e9<\/strong> est l\u2019occasion de partir lors de courts s\u00e9jours en t\u00eate-\u00e0-t\u00eate, entre amis ou avec toute la famille.<\/p>\n\n\n\n<p><\/p>\n\n\n\n<h2 class=\"wp-block-heading has-text-color has-link-color has-large-font-size wp-elements-9ae9be95d4379a40377524cd5629fb34\" style=\"color:#ff8300\">Planifier votre week-end de l\u2019Ascension en famille<\/h2>\n\n\n<div class=\"wp-block-image\">\n<figure class=\"aligncenter size-large\"><img loading=\"lazy\" decoding=\"async\" width=\"1024\" height=\"652\" src=\"https:\/\/www.teritoria.com\/wp-content\/uploads\/2023\/11\/iStock-696190508-1024x652.jpg\" alt=\"\" class=\"wp-image-110899\" title=\"\" srcset=\"https:\/\/www.teritoria.com\/wp-content\/uploads\/2023\/11\/iStock-696190508-1024x652.jpg 1024w, https:\/\/www.teritoria.com\/wp-content\/uploads\/2023\/11\/iStock-696190508-300x191.jpg 300w, https:\/\/www.teritoria.com\/wp-content\/uploads\/2023\/11\/iStock-696190508-768x489.jpg 768w, https:\/\/www.teritoria.com\/wp-content\/uploads\/2023\/11\/iStock-696190508.jpg 1283w\" sizes=\"auto, (max-width: 1024px) 100vw, 1024px\" \/><figcaption class=\"wp-element-caption\">\u00a9Istock &#8211; skynesher<\/figcaption><\/figure>\n<\/div>\n\n\n<p>Partir en mai lors d\u2019une <strong>escapade familiale<\/strong> permet de souffler en attendant les grandes vacances estivales. Avec les enfants, il est agr\u00e9able de partager un moment entre <strong>\u00e9vasion et d\u00e9paysement<\/strong>, dans un cadre enchanteur o\u00f9 sont propos\u00e9es de nombreuses activit\u00e9s.<\/p>\n\n\n\n<p>Randonner en pleine nature, imaginer des balades \u00e0 v\u00e9lo ou sillonner lacs et rivi\u00e8res en cano\u00eb promettent des souvenirs inoubliables. Destination id\u00e9ale pour des <strong>vacances en famille<\/strong>, le Doubs, en Bourgogne-Franche-Comt\u00e9, offre des paysages verdoyants de montagnes et vall\u00e9es. C\u2019est sur les rives du lac de Saint-Point qu\u2019est post\u00e9 l\u2019<strong>H\u00f4tel SPA Les Rives Sauvages<\/strong>, un \u00e9tablissement de charme disposant de seize suites dont sept <strong>chambres familiales tout confort avec vue sur le lac<\/strong>.<\/p>\n\n\n\n<p>Sur cette vaste \u00e9tendue d\u2019eau bord\u00e9e de for\u00eats de sapins, <strong>les voyageurs peuvent choisir parmi diverses activit\u00e9s nautiques, du catamaran au voilier<\/strong>, agr\u00e9ables lors d\u2019un court s\u00e9jour printanier. Autour, il ne faudra pas manquer de visiter avec les plus jeunes le ch\u00e2teau de Joux perch\u00e9 sur son \u00e9peron rocheux ou se balader au c\u0153ur de la r\u00e9serve naturelle de la vall\u00e9e du Drugeon connue pour sa riche biodiversit\u00e9.<\/p>\n\n\n\n<p><strong>Apr\u00e8s une vir\u00e9e au grand air, l\u2019espace bien-\u00eatre de l\u2019h\u00f4tel apportera un instant de d\u00e9tente<\/strong>. Le spa dispose d\u2019une piscine int\u00e9rieure \u00e9quip\u00e9e de jets massants, un hammam et un sauna, ainsi qu\u2019une vaste terrasse solarium et un coin d\u00e9tente avec tisanerie. Un v\u00e9ritable havre de paix pour se ressourcer au c\u0153ur d\u2019un environnement calme et bucolique.<\/p>\n\n\n\n<p><\/p>\n\n\n\n<h2 class=\"wp-block-heading has-text-color has-link-color has-large-font-size wp-elements-786099a15e185c35701571f6754fa10a\" style=\"color:#ff8300\">Organiser le week-end de l\u2019Ascension entre amis<\/h2>\n\n\n<div class=\"wp-block-image\">\n<figure class=\"aligncenter size-large\"><img loading=\"lazy\" decoding=\"async\" width=\"1024\" height=\"683\" src=\"https:\/\/www.teritoria.com\/wp-content\/uploads\/2023\/11\/iStock-915800040-1024x683.jpg\" alt=\"\" class=\"wp-image-110902\" title=\"\" srcset=\"https:\/\/www.teritoria.com\/wp-content\/uploads\/2023\/11\/iStock-915800040-1024x683.jpg 1024w, https:\/\/www.teritoria.com\/wp-content\/uploads\/2023\/11\/iStock-915800040-300x200.jpg 300w, https:\/\/www.teritoria.com\/wp-content\/uploads\/2023\/11\/iStock-915800040-768x512.jpg 768w, https:\/\/www.teritoria.com\/wp-content\/uploads\/2023\/11\/iStock-915800040.jpg 1254w\" sizes=\"auto, (max-width: 1024px) 100vw, 1024px\" \/><figcaption class=\"wp-element-caption\">\u00a9Istock &#8211; jacoblund<\/figcaption><\/figure>\n<\/div>\n\n\n<p>Les ponts de mai sont l\u2019occasion de se r\u00e9unir \u00e9galement entre amis pour s\u2019\u00e9vader quelques jours. \u00c0 mi-chemin entre les Landes et la Dordogne, sur les bords du Lot, se dresse une \u00e9trange b\u00e2tisse, aussi charmante qu\u2019\u00e9tonnante. Le <strong>Ch\u00e2teau Le Stelsia \u2013 Resort<\/strong>, <strong>un ch\u00e2teau m\u00e9di\u00e9val nich\u00e9 dans un \u00e9crin de verdure de 23 hectares, offre un univers onirique rare<\/strong>. Laiss\u00e9 un temps \u00e0 l\u2019abandon, le domaine conna\u00eet un nouveau souffle depuis que Philippe Ginestet, un enfant du pays, a d\u00e9cid\u00e9 de cr\u00e9er un environnement audacieux sous le signe de l\u2019espi\u00e8glerie.<\/p>\n\n\n\n<p>Le manoir, nimb\u00e9 de couleurs pimpantes, semble sortir d\u2019un conte de f\u00e9e et offre tout le confort moderne. Chaque voyageur y retrouve son \u00e2me d\u2019enfant. Le <strong>Ch\u00e2teau Le Stelsia \u2013 Resort <\/strong>met \u00e0 disposition une piscine ext\u00e9rieure, une salle de fitness, deux terrains de tennis, un terrain multisports, et <strong>le plus grand mini-golf 18 trous d\u2019Europe<\/strong>. Dans le vaste parc ponctu\u00e9 de topiaires et d\u2019arbres centenaires circulent de myst\u00e9rieuses coccinelles g\u00e9antes qui entretiennent la pelouse. Tout est con\u00e7u pour cr\u00e9er la surprise. Une destination insolite, parfaite pour passer des vacances avec ses proches.<\/p>\n\n\n\n<p><\/p>\n\n\n\n<h2 class=\"wp-block-heading has-text-color has-link-color has-large-font-size wp-elements-dfa586c47c979ae92dcb1fe0d727832f\" style=\"color:#ff8300\">Partir pour un s\u00e9jour \u00e0 la campagne lors du week-end de l\u2019Ascension<\/h2>\n\n\n<div class=\"wp-block-image\">\n<figure class=\"aligncenter size-large is-resized\"><img loading=\"lazy\" decoding=\"async\" width=\"1024\" height=\"683\" src=\"https:\/\/www.teritoria.com\/wp-content\/uploads\/2023\/11\/iStock-512986487-1024x683.jpg\" alt=\"\" class=\"wp-image-110889\" style=\"width:1006px;height:auto\" title=\"\" srcset=\"https:\/\/www.teritoria.com\/wp-content\/uploads\/2023\/11\/iStock-512986487-1024x683.jpg 1024w, https:\/\/www.teritoria.com\/wp-content\/uploads\/2023\/11\/iStock-512986487-300x200.jpg 300w, https:\/\/www.teritoria.com\/wp-content\/uploads\/2023\/11\/iStock-512986487-768x513.jpg 768w, https:\/\/www.teritoria.com\/wp-content\/uploads\/2023\/11\/iStock-512986487.jpg 1254w\" sizes=\"auto, (max-width: 1024px) 100vw, 1024px\" \/><figcaption class=\"wp-element-caption\">\u00a9Istock &#8211; eopleImages<\/figcaption><\/figure>\n<\/div>\n\n\n<p>Du Pays basque \u00e0 la Charente-Maritime, en passant par le Golfe du Morbihan ou l\u2019Ard\u00e8che, ces belles r\u00e9gions de France offrent d\u00e9paysement et volupt\u00e9. Comme une v\u00e9ritable d\u00e9connexion, un <strong>week-end \u00e0 la campagne<\/strong> appelle \u00e0 ralentir et profiter des choses simples.<\/p>\n\n\n\n<p><\/p>\n\n\n\n<h2 class=\"wp-block-heading has-text-color has-link-color has-large-font-size wp-elements-c6c21e1b200dd66bf67dc9ff749dc31a\" style=\"color:#ff8300\">L\u2019Ascension en r\u00e9gion Grand Est<\/h2>\n\n\n<div class=\"wp-block-image\">\n<figure class=\"aligncenter size-large\"><img loading=\"lazy\" decoding=\"async\" width=\"1024\" height=\"683\" src=\"https:\/\/www.teritoria.com\/wp-content\/uploads\/2023\/11\/iStock-2166510875-1024x683.jpg\" alt=\"\" class=\"wp-image-110892\" title=\"\" srcset=\"https:\/\/www.teritoria.com\/wp-content\/uploads\/2023\/11\/iStock-2166510875-1024x683.jpg 1024w, https:\/\/www.teritoria.com\/wp-content\/uploads\/2023\/11\/iStock-2166510875-300x200.jpg 300w, https:\/\/www.teritoria.com\/wp-content\/uploads\/2023\/11\/iStock-2166510875-768x512.jpg 768w, https:\/\/www.teritoria.com\/wp-content\/uploads\/2023\/11\/iStock-2166510875.jpg 1254w\" sizes=\"auto, (max-width: 1024px) 100vw, 1024px\" \/><figcaption class=\"wp-element-caption\">\u00a9Istock &#8211; pkazmierczak<\/figcaption><\/figure>\n<\/div>\n\n\n<p>Pour sortir des sentiers battus, il est bon de s\u2019\u00e9vader vers de nouveaux horizons calmes et confidentiels. Dans le Grand Est, au c\u0153ur de la Moselle, \u00e0 Cond\u00e9-Northen,<strong>La Grange de Cond\u00e9 <\/strong>fait rimer charme et authenticit\u00e9 dans une ambiance chaleureuse et cosy. Cette \u00e9l\u00e9gante b\u00e2tisse nich\u00e9e dans un coin de verdure propose des chambres tout \u00e9quip\u00e9es d\u00e9cor\u00e9es dans un style romantique d\u00e9licat.<\/p>\n\n\n\n<p>Un espace spa avec piscine chauff\u00e9e, hammam et bain bouillonnant vient parfaire les lieux. <strong>\u00c0 la belle saison, le jardin est un v\u00e9ritable havre de s\u00e9r\u00e9nit\u00e9 avec son potager cultiv\u00e9 en permaculture<\/strong>, son \u00e9tang et ses fontaines qui bercent les convives.<\/p>\n\n\n\n<p><\/p>\n\n\n\n<h2 class=\"wp-block-heading has-text-color has-link-color has-large-font-size wp-elements-a32ed0a70ed8a9657e8e5af9853ac475\" style=\"color:#ff8300\">Week-end prolong\u00e9 en Provence-Alpes-C\u00f4te d\u2019Azur<\/h2>\n\n\n<div class=\"wp-block-image\">\n<figure class=\"aligncenter size-large\"><img loading=\"lazy\" decoding=\"async\" width=\"1024\" height=\"683\" src=\"https:\/\/www.teritoria.com\/wp-content\/uploads\/2023\/11\/iStock-1335053564-1024x683.jpg\" alt=\"\" class=\"wp-image-110895\" title=\"\" srcset=\"https:\/\/www.teritoria.com\/wp-content\/uploads\/2023\/11\/iStock-1335053564-1024x683.jpg 1024w, https:\/\/www.teritoria.com\/wp-content\/uploads\/2023\/11\/iStock-1335053564-300x200.jpg 300w, https:\/\/www.teritoria.com\/wp-content\/uploads\/2023\/11\/iStock-1335053564-768x513.jpg 768w, https:\/\/www.teritoria.com\/wp-content\/uploads\/2023\/11\/iStock-1335053564.jpg 1254w\" sizes=\"auto, (max-width: 1024px) 100vw, 1024px\" \/><figcaption class=\"wp-element-caption\">\u00a9Istock &#8211; Serbek<\/figcaption><\/figure>\n<\/div>\n\n\n<p>L\u2019ambiance farniente qui \u00e9mane de la r\u00e9gion Provence-Alpes-C\u00f4te-d\u2019Azur s\u00e9duit les voyageurs en qu\u00eate de nature. Des gorges du Verdon au parc naturel r\u00e9gional des Alpilles, le sud de la France compte nombre de paysages sauvages et escarp\u00e9s. Les villages pittoresques travers\u00e9s par de petites ruelles pav\u00e9es, o\u00f9 l\u2019on peut d\u00e9couvrir une chapelle romane, valent \u00e9galement le d\u00e9tour.<\/p>\n\n\n\n<p>Pour un <strong>week-end en amoureux en PACA<\/strong> ou une vir\u00e9e entre amis, <strong>le Mas de l\u2019Oulivi\u00e9 <\/strong>offre un pied-\u00e0-terre intime et raffin\u00e9 \u00e0 quelques encablures de la mer M\u00e9diterran\u00e9e, pr\u00e8s des Baux-de-Provence. <strong>Au milieu des oliviers et des cypr\u00e8s, ce mas poss\u00e8de une belle piscine bord\u00e9e de rochers<\/strong>.<\/p>\n\n\n\n<p>\u00c0 l\u2019int\u00e9rieur, les chambres joliment d\u00e9cor\u00e9es se succ\u00e8dent sous les poutres, tandis qu\u2019un grand salon dot\u00e9 d\u2019une chemin\u00e9e de pierre blanche rassemble les h\u00f4tes lors des soir\u00e9es fra\u00eeches. Id\u00e9alement situ\u00e9e entre la Camargue, le Luberon, le littoral m\u00e9diterran\u00e9en et ses plages de sable fin, cette belle adresse est <strong>idyllique pour une parenth\u00e8se relaxante<\/strong> au mois de mai.<\/p>\n","protected":false},"excerpt":{"rendered":"<p>Avec la possibilit\u00e9 de faire le pont gr\u00e2ce au jeudi de l\u2019Ascension f\u00e9ri\u00e9, ce long week-end avant les vacances d\u2019\u00e9t\u00e9 est l\u2019occasion de partir lors de courts s\u00e9jours en t\u00eate-\u00e0-t\u00eate, entre amis ou avec toute la famille. Planifier votre week-end de l\u2019Ascension en famille Partir en mai lors d\u2019une escapade familiale permet de souffler en [&hellip;]<\/p>\n","protected":false},"author":16,"featured_media":55342,"comment_status":"closed","ping_status":"closed","sticky":false,"template":"","format":"standard","meta":{"_acf_changed":false,"footnotes":""},"categories":[1,705],"tags":[],"class_list":["post-51189","post","type-post","status-publish","format-standard","has-post-thumbnail","hentry","category-all-our-articles","category-travel-diaries"],"acf":[],"_links":{"self":[{"href":"https:\/\/www.teritoria.com\/en\/wp-json\/wp\/v2\/posts\/51189","targetHints":{"allow":["GET"]}}],"collection":[{"href":"https:\/\/www.teritoria.com\/en\/wp-json\/wp\/v2\/posts"}],"about":[{"href":"https:\/\/www.teritoria.com\/en\/wp-json\/wp\/v2\/types\/post"}],"author":[{"embeddable":true,"href":"https:\/\/www.teritoria.com\/en\/wp-json\/wp\/v2\/users\/16"}],"replies":[{"embeddable":true,"href":"https:\/\/www.teritoria.com\/en\/wp-json\/wp\/v2\/comments?post=51189"}],"version-history":[{"count":2,"href":"https:\/\/www.teritoria.com\/en\/wp-json\/wp\/v2\/posts\/51189\/revisions"}],"predecessor-version":[{"id":110906,"href":"https:\/\/www.teritoria.com\/en\/wp-json\/wp\/v2\/posts\/51189\/revisions\/110906"}],"wp:featuredmedia":[{"embeddable":true,"href":"https:\/\/www.teritoria.com\/en\/wp-json\/wp\/v2\/media\/55342"}],"wp:attachment":[{"href":"https:\/\/www.teritoria.com\/en\/wp-json\/wp\/v2\/media?parent=51189"}],"wp:term":[{"taxonomy":"category","embeddable":true,"href":"https:\/\/www.teritoria.com\/en\/wp-json\/wp\/v2\/categories?post=51189"},{"taxonomy":"post_tag","embeddable":true,"href":"https:\/\/www.teritoria.com\/en\/wp-json\/wp\/v2\/tags?post=51189"}],"curies":[{"name":"wp","href":"https:\/\/api.w.org\/{rel}","templated":true}]}}