{"id":101670,"date":"2024-06-12T18:55:40","date_gmt":"2024-06-12T16:55:40","guid":{"rendered":"https:\/\/www.teritoria.com\/que-faire-en-septembre-2024\/"},"modified":"2025-04-30T15:29:20","modified_gmt":"2025-04-30T13:29:20","slug":"que-faire-en-septembre","status":"publish","type":"post","link":"https:\/\/www.teritoria.com\/en\/que-faire-en-septembre\/","title":{"rendered":"O\u00f9 aller en septembre 2024 : top des \u00e9v\u00e9nements \u00e0 d\u00e9couvrir"},"content":{"rendered":"\n<p>Vous vous demandez que faire en septembre 2024 ? Teritoria vous propose une s\u00e9lection d&#8217;\u00e9v\u00e9nements uniques \u00e0 ne pas manquer. Entre visites historiques et festivals de jardins, d\u00e9couvrez les activit\u00e9s phares de ce mois de septembre.<\/p>\n\n\n\n<h2 class=\"wp-block-heading\">\u00c9v\u00e9nements en France<\/h2>\n\n\n\n<h2 class=\"wp-block-heading has-luminous-vivid-orange-color has-text-color has-link-color wp-elements-ff5f4af80b5b0daee93d65dac2b6dd0e\">Profiter d&#8217;un surclassement \u00e0 l&#8217;H\u00f4tel La Baronnie &amp; SPA, en \u00cele de R\u00e9<\/h2>\n\n\n<div class=\"wp-block-image\">\n<figure class=\"aligncenter size-full is-resized\"><img loading=\"lazy\" decoding=\"async\" width=\"1917\" height=\"1280\" src=\"https:\/\/www.teritoria.com\/wp-content\/uploads\/2023\/11\/2915m.jpg\" alt=\"\" class=\"wp-image-13259\" style=\"aspect-ratio:16\/9;object-fit:cover;width:1026px\" title=\"\" srcset=\"https:\/\/www.teritoria.com\/wp-content\/uploads\/2023\/11\/2915m.jpg 1917w, https:\/\/www.teritoria.com\/wp-content\/uploads\/2023\/11\/2915m-300x200.jpg 300w, https:\/\/www.teritoria.com\/wp-content\/uploads\/2023\/11\/2915m-1024x684.jpg 1024w, https:\/\/www.teritoria.com\/wp-content\/uploads\/2023\/11\/2915m-768x513.jpg 768w, https:\/\/www.teritoria.com\/wp-content\/uploads\/2023\/11\/2915m-1536x1026.jpg 1536w\" sizes=\"auto, (max-width: 1917px) 100vw, 1917px\" \/><\/figure>\n<\/div>\n\n\n<p>En septembre, venez d\u00e9couvrir l&#8217;<strong>\u00cele de R\u00e9<\/strong> dans toute sa splendeur automnale en s\u00e9journant \u00e0 <a href=\"https:\/\/www.teritoria.com\/hotels\/la-baronnie-hotel-spa-la-villa-baronnie-2915-ho01\/\">La Baronnie H\u00f4tel &amp; Spa****<\/a>. Profitez d&#8217;une offre sp\u00e9ciale basse saison, valable <strong>du 25 ao\u00fbt au 7 novembre<\/strong>, pour vivre au rythme de l&#8217;\u00e9t\u00e9 indien. En r\u00e9servant d\u00e8s maintenant un s\u00e9jour de deux nuits minimum avec petits-d\u00e9jeuners inclus, b\u00e9n\u00e9ficiez d&#8217;un <strong>surclassement offert<\/strong>. Ne manquez pas cette occasion unique de <strong>vous d\u00e9tendre dans un cadre idyllique et \u00e9l\u00e9gant<\/strong> tout en explorant les charmes de l&#8217;\u00cele de R\u00e9.<\/p>\n\n\n\n<h3 class=\"wp-block-heading has-luminous-vivid-orange-color has-text-color has-link-color wp-elements-d52e1399100d49cdca37918860954a9d\">Journ\u00e9es Europ\u00e9ennes du Patrimoine aux Jardins de La Ballue<\/h3>\n\n\n<div class=\"wp-block-image\">\n<figure class=\"aligncenter size-large is-resized\"><img loading=\"lazy\" decoding=\"async\" width=\"1024\" height=\"628\" src=\"https:\/\/www.teritoria.com\/wp-content\/uploads\/2024\/05\/2377t-1024x628.webp\" alt=\"\" class=\"wp-image-69444\" style=\"aspect-ratio:16\/9;object-fit:cover;width:1026px\" title=\"\" srcset=\"https:\/\/www.teritoria.com\/wp-content\/uploads\/2024\/05\/2377t-1024x628.webp 1024w, https:\/\/www.teritoria.com\/wp-content\/uploads\/2024\/05\/2377t-300x184.webp 300w, https:\/\/www.teritoria.com\/wp-content\/uploads\/2024\/05\/2377t-768x471.webp 768w, https:\/\/www.teritoria.com\/wp-content\/uploads\/2024\/05\/2377t-1536x942.webp 1536w, https:\/\/www.teritoria.com\/wp-content\/uploads\/2024\/05\/2377t-309x190.webp 309w, https:\/\/www.teritoria.com\/wp-content\/uploads\/2024\/05\/2377t.webp 1885w\" sizes=\"auto, (max-width: 1024px) 100vw, 1024px\" \/><\/figure>\n<\/div>\n\n\n<p>Les <strong>21 et 22 septembre 2024<\/strong>, participez \u00e0 la 41e \u00e9dition des Journ\u00e9es Europ\u00e9ennes du Patrimoine aux Jardins du <a href=\"https:\/\/www.teritoria.com\/hotels\/chateau-de-la-ballue-2377-ho01\/\">Ch\u00e2teau de La Ballue<\/a>, entre Saint-Malo et Mont Saint-Michel. Profitez de la visite libre des jardins, class\u00e9s <strong>monuments historiques<\/strong> et labellis\u00e9s<strong> jardin remarquable<\/strong>. Des visites guid\u00e9es des int\u00e9rieurs du ch\u00e2teau du XVIIe si\u00e8cle sont propos\u00e9es \u00e0 10h30, 14h, 16h et 18h.<\/p>\n\n\n\n<h3 class=\"wp-block-heading has-luminous-vivid-orange-color has-text-color has-link-color wp-elements-55d2102109de9f190667f1f5214a5155\">Festival International des Jardins de Chaumont-sur-Loire<\/h3>\n\n\n<div class=\"wp-block-image\">\n<figure class=\"aligncenter size-full is-resized\"><img loading=\"lazy\" decoding=\"async\" width=\"910\" height=\"780\" src=\"https:\/\/www.teritoria.com\/wp-content\/uploads\/2023\/12\/4134_Caillere_site_2-1.jpg\" alt=\"\" class=\"wp-image-60004\" style=\"aspect-ratio:16\/9;object-fit:cover;width:1026px\" title=\"\" srcset=\"https:\/\/www.teritoria.com\/wp-content\/uploads\/2023\/12\/4134_Caillere_site_2-1.jpg 910w, https:\/\/www.teritoria.com\/wp-content\/uploads\/2023\/12\/4134_Caillere_site_2-1-300x257.jpg 300w, https:\/\/www.teritoria.com\/wp-content\/uploads\/2023\/12\/4134_Caillere_site_2-1-768x658.jpg 768w\" sizes=\"auto, (max-width: 910px) 100vw, 910px\" \/><\/figure>\n<\/div>\n\n\n<p><strong>Jusqu&#8217;au 3 novembre<\/strong>, le 33e Festival International des Jardins de Chaumont-sur-Loire, en Loir-et-Cher, vous invite \u00e0 d\u00e9couvrir des cr\u00e9ations sous le th\u00e8me &#8220;<em><strong>Jardin Source de Vie<\/strong><\/em>&#8220;. Plus de 300 \u00e9quipes internationales ont con\u00e7u des jardins spectaculaires. Parmi les \u0153uvres marquantes, d\u00e9couvrez &#8220;Spiralis&#8221; de Marie Delassus, &#8220;G\u00e9n\u00e9rosit\u00e9 de la nature&#8221; per une \u00e9quipe de Singapour et &#8220;Le Jardin des murmures&#8221;.<\/p>\n\n\n\n<p>Une visite au festival est l&#8217;occasion id\u00e9ale pour faire une escale gastronomique \u00e0 l&#8217;<a href=\"\/?p=5905\">Auberge de la Caill\u00e8re<\/a>, situ\u00e9e \u00e0 seulement 6 km.<\/p>\n\n\n\n<h2 class=\"wp-block-heading has-luminous-vivid-orange-color has-text-color has-link-color wp-elements-a167ade08aecf2e4b5a8bcfa691b3937\">Exposition &#8220;Les fouilles arch\u00e9ologiques du Passage de l&#8217;Arsenal&#8221; au Royal Hainaut Spa &amp; Resort Hotel<\/h2>\n\n\n<div class=\"wp-block-image\">\n<figure class=\"aligncenter size-large is-resized\"><img loading=\"lazy\" decoding=\"async\" width=\"1024\" height=\"683\" src=\"https:\/\/www.teritoria.com\/wp-content\/uploads\/2023\/11\/3908b-1024x683.jpg\" alt=\"\" class=\"wp-image-21797\" style=\"aspect-ratio:16\/9;object-fit:cover;width:1026px\" title=\"\" srcset=\"https:\/\/www.teritoria.com\/wp-content\/uploads\/2023\/11\/3908b-1024x683.jpg 1024w, https:\/\/www.teritoria.com\/wp-content\/uploads\/2023\/11\/3908b-300x200.jpg 300w, https:\/\/www.teritoria.com\/wp-content\/uploads\/2023\/11\/3908b-768x512.jpg 768w, https:\/\/www.teritoria.com\/wp-content\/uploads\/2023\/11\/3908b-1536x1024.jpg 1536w, https:\/\/www.teritoria.com\/wp-content\/uploads\/2023\/11\/3908b.jpg 1920w\" sizes=\"auto, (max-width: 1024px) 100vw, 1024px\" \/><\/figure>\n<\/div>\n\n\n<p>En septembre, ne manquez pas l&#8217;exposition &#8220;<strong><em>Les fouilles arch\u00e9ologiques du Passage de l&#8217;Arsenal<\/em><\/strong>&#8221; au <a href=\"\/?p=5239\">Royal Hainaut Spa &amp; Resort Hotel<\/a> \u00e0 Valenciennes. D\u00e9couvrez les <strong>vestiges du Moyen \u00c2ge et de la Renaissance<\/strong>, r\u00e9v\u00e9l\u00e9s par les r\u00e9centes fouilles arch\u00e9ologiques, \u00e0 travers une <strong>pr\u00e9sentation immersive<\/strong> de photos, vid\u00e9os et objets historiques. Cet \u00e9v\u00e9nement offre une occasion unique de <strong>plonger dans l&#8217;histoire tout en profitant du cadre raffin\u00e9<\/strong> du Royal Hainaut. L&#8217;exposition est <strong>gratuite et ouverte tous les jours<\/strong> <strong>jusqu&#8217;au 23 septembre 2024<\/strong>, de 10h \u00e0 minuit (et jusqu&#8217;\u00e0 1h les vendredis et samedis). <\/p>\n\n\n\n<h3 class=\"wp-block-heading has-luminous-vivid-orange-color has-text-color has-link-color wp-elements-e8b3312bcd5ef997e064441a5c5f615f\">Journ\u00e9es du Patrimoine avec Teritoria<\/h3>\n\n\n<div class=\"wp-block-image\">\n<figure class=\"aligncenter size-full is-resized\"><img loading=\"lazy\" decoding=\"async\" width=\"1500\" height=\"1000\" src=\"https:\/\/www.teritoria.com\/wp-content\/uploads\/2024\/06\/Chateau-detoges.webp\" alt=\"\" class=\"wp-image-71825\" style=\"aspect-ratio:16\/9;object-fit:cover;width:1026px\" title=\"\" srcset=\"https:\/\/www.teritoria.com\/wp-content\/uploads\/2024\/06\/Chateau-detoges.webp 1500w, https:\/\/www.teritoria.com\/wp-content\/uploads\/2024\/06\/Chateau-detoges-300x200.webp 300w, https:\/\/www.teritoria.com\/wp-content\/uploads\/2024\/06\/Chateau-detoges-1024x683.webp 1024w, https:\/\/www.teritoria.com\/wp-content\/uploads\/2024\/06\/Chateau-detoges-768x512.webp 768w\" sizes=\"auto, (max-width: 1500px) 100vw, 1500px\" \/><figcaption class=\"wp-element-caption\">Le Ch\u00e2teau d&#8217;\u00c9toges<\/figcaption><\/figure>\n<\/div>\n\n\n<p>Les <strong>21 et 22 septembre<\/strong>, visitez les <strong>maisons Teritoria historiques et class\u00e9es monuments historiques <\/strong>\u00e0 l&#8217;occasion des <a href=\"https:\/\/www.teritoria.com\/journees-du-patrimoine\/\" target=\"_blank\" rel=\"noreferrer noopener\">Journ\u00e9es du Patrimoine<\/a>. Une opportunit\u00e9 unique de d\u00e9couvrir des lieux charg\u00e9s d&#8217;histoire et de charme. Chacune de ces maisons offre une plong\u00e9e fascinante dans le pass\u00e9, avec des architectures remarquables et des anecdotes captivantes sur leur h\u00e9ritage. Plongez dans l&#8217;histoire de la France avec des visites enrichissantes, mettant en lumi\u00e8re l&#8217;importance de la pr\u00e9servation du <strong>patrimoine culturel fran\u00e7ais<\/strong>. Vous aurez l&#8217;occasion d&#8217;explorer des int\u00e9rieurs magnifiquement restaur\u00e9s, des jardins somptueux et de d\u00e9couvrir des d\u00e9tails architecturaux uniques qui t\u00e9moignent de l&#8217;art de vivre d&#8217;autrefois. C&#8217;est l&#8217;occasion id\u00e9ale pour les passionn\u00e9s d&#8217;histoire et d&#8217;architecture de vivre une exp\u00e9rience immersive et \u00e9ducative.<\/p>\n\n\n\n<p>Ne manquez pas ces journ\u00e9es pour enrichir votre connaissance du patrimoine et profiter du charme intemporel de nos maisons.<\/p>\n\n\n\n<p><\/p>\n\n\n\n<h2 class=\"wp-block-heading has-luminous-vivid-orange-color has-text-color has-link-color wp-elements-7a9231352d343e2b25dd2e1013bc7831\">La Terrasse By l\u2019\u00c2tre \u00e0 l&#8217;Hippodrome de Clairefontaine<\/h2>\n\n\n<div class=\"wp-block-image\">\n<figure class=\"aligncenter size-large is-resized\"><img loading=\"lazy\" decoding=\"async\" width=\"1024\" height=\"682\" src=\"https:\/\/www.teritoria.com\/wp-content\/uploads\/2024\/06\/4128-20230330-105733-0-2180-scaled-1-1024x682.webp\" alt=\"\" class=\"wp-image-71471\" style=\"aspect-ratio:16\/9;object-fit:cover;width:1026px\" title=\"\" srcset=\"https:\/\/www.teritoria.com\/wp-content\/uploads\/2024\/06\/4128-20230330-105733-0-2180-scaled-1-1024x682.webp 1024w, https:\/\/www.teritoria.com\/wp-content\/uploads\/2024\/06\/4128-20230330-105733-0-2180-scaled-1-300x200.webp 300w, https:\/\/www.teritoria.com\/wp-content\/uploads\/2024\/06\/4128-20230330-105733-0-2180-scaled-1-768x512.webp 768w, https:\/\/www.teritoria.com\/wp-content\/uploads\/2024\/06\/4128-20230330-105733-0-2180-scaled-1-1536x1024.webp 1536w, https:\/\/www.teritoria.com\/wp-content\/uploads\/2024\/06\/4128-20230330-105733-0-2180-scaled-1-2048x1365.webp 2048w\" sizes=\"auto, (max-width: 1024px) 100vw, 1024px\" \/><\/figure>\n<\/div>\n\n\n<p>En septembre, ne manquez pas l&#8217;exp\u00e9rience unique offerte par La Terrasse By l\u2019<a href=\"https:\/\/www.teritoria.com\/restaurants\/latre-4128-re01\/\">\u00c2tre<\/a> \u00e0 l&#8217;<strong>Hippodrome de Clairefontaine<\/strong>, dans le Calvados <strong>en Normandie<\/strong>. Le <strong>vendredi 6 septembre<\/strong>, venez profiter d&#8217;une <strong>ambiance conviviale<\/strong> tout en d\u00e9gustant des <strong>plats raffin\u00e9s<\/strong>, avec une<strong> vue imprenable sur l&#8217;arriv\u00e9e des courses<\/strong>. Id\u00e9alement situ\u00e9 pour offrir une perspective strat\u00e9gique, La Terrasse By l\u2019\u00c2tre devient le lieu de rendez-vous incontournable pour les amateurs de courses et les gourmands. Ce <strong>cadre \u00e9l\u00e9gant et chaleureux<\/strong> promet une journ\u00e9e m\u00e9morable, m\u00ealant gastronomie locale et l&#8217;excitation des courses hippiques. D\u00e9couvrez cette occasion exceptionnelle de savourer des moments privil\u00e9gi\u00e9s dans un environnement exceptionnel.<\/p>\n\n\n\n<p><\/p>\n\n\n\n<h2 class=\"wp-block-heading\">\u00c9v\u00e8nements en Italie<\/h2>\n\n\n\n<h3 class=\"wp-block-heading has-luminous-vivid-orange-color has-text-color has-link-color wp-elements-10693cd6e00715dc7b611eb4b27ac3ae\">Il &#8220;Borgo Selvaggio&#8221; en Ombrie<\/h3>\n\n\n<div class=\"wp-block-image\">\n<figure class=\"aligncenter size-large is-resized\"><img loading=\"lazy\" decoding=\"async\" width=\"1024\" height=\"683\" src=\"https:\/\/www.teritoria.com\/wp-content\/uploads\/2024\/05\/4094-20220629-155834-0-5152-scaled-1-1024x683.webp\" alt=\"\" class=\"wp-image-69438\" style=\"aspect-ratio:16\/9;object-fit:cover;width:1026px\" title=\"\" srcset=\"https:\/\/www.teritoria.com\/wp-content\/uploads\/2024\/05\/4094-20220629-155834-0-5152-scaled-1-1024x683.webp 1024w, https:\/\/www.teritoria.com\/wp-content\/uploads\/2024\/05\/4094-20220629-155834-0-5152-scaled-1-300x200.webp 300w, https:\/\/www.teritoria.com\/wp-content\/uploads\/2024\/05\/4094-20220629-155834-0-5152-scaled-1-768x512.webp 768w, https:\/\/www.teritoria.com\/wp-content\/uploads\/2024\/05\/4094-20220629-155834-0-5152-scaled-1-1536x1024.webp 1536w, https:\/\/www.teritoria.com\/wp-content\/uploads\/2024\/05\/4094-20220629-155834-0-5152-scaled-1-2048x1366.webp 2048w\" sizes=\"auto, (max-width: 1024px) 100vw, 1024px\" \/><\/figure>\n<\/div>\n\n\n<p>Le <strong>17 et 18 septembre<\/strong>, rendez-vous \u00e0 la <a href=\"https:\/\/www.teritoria.com\/hotels\/tenuta-borgo-santa-cecilia-4094-ho01\/\">Tenuta Borgo Santa Cecilia<\/a>, nich\u00e9e au c\u0153ur de l\u2019ancien village m\u00e9di\u00e9val de Gubbio en <strong>Ombrie<\/strong>, pour le deuxi\u00e8me d\u00e9jeuner \u00e0 quatre mains du cycle &#8220;<em>Il Borgo Selvaggio<\/em>&#8220;. Le chef Alessio Pierini aura l&#8217;honneur d&#8217;accueillir un autre chef de la communaut\u00e9 de Teritoria : ces deux talents culinaires uniront leurs forces pour vous offrir une exp\u00e9rience inoubliable et \u201csauvage\u201d, ax\u00e9e sur la <strong>valorisation du gibier sauvage et de l&#8217;\u00e9levage<\/strong>, ainsi que des ressources locales.<\/p>\n\n\n\n<p><\/p>\n\n\n\n<p>\u00ab Il Borgo Selvaggio \u00bb est une immersion dans la culture gastronomique \u00ab sauvage \u00bb de ce coin de l&#8217;Ombrie, et sera un <strong>voyage \u00ab <strong>\u00e0 <\/strong>5 sens \u00bb,<\/strong> gr\u00e2ce \u00e0 l&#8217;installation des d\u00e9jeuners directement dans les bois qui entourent la structure. En effet, vous serez accueillis autour d&#8217;une seule table conviviale et d\u00e9gusterez les plats sauvages cr\u00e9\u00e9s par les chefs de Teritoria, cuisin\u00e9s directement sur place \u00ab uniquement \u00e0 feu vif \u00bb.<\/p>\n\n\n\n<p><\/p>\n\n\n\n<h3 class=\"wp-block-heading has-luminous-vivid-orange-color has-text-color has-link-color wp-elements-6bfa13cc5ceafc34f4b915f5892dbb41\">Troisi\u00e8me soir\u00e9e du cycle \u201cIrpinia, Femminile Plurale\u201d au Restaurant Oasis Sapori Antichi<\/h3>\n\n\n\n<p>Le&nbsp;<strong>24 septembre 2024<\/strong>, le restaurant&nbsp;<a href=\"https:\/\/www.teritoria.com\/restaurants\/oasis-sapori-antichi-3950-re01\/\">OASIS SAPORI ANTICHI<\/a>, \u00e0 Vallesaccarda, en Campanie, Italie, accueillera la troisi\u00e8me soir\u00e9e du cycle \u201c<em>Irpinia, Femminile Plurale<\/em>\u201c. Cette s\u00e9rie d\u2019\u00e9v\u00e9nements<strong>&nbsp;met \u00e0 l\u2019honneur sept femmes chefs de la communaut\u00e9 Teritoria<\/strong>, chacune apportant son histoire et sa cr\u00e9ativit\u00e9 culinaire. <\/p>\n\n\n<div class=\"wp-block-image\">\n<figure class=\"aligncenter size-large is-resized\"><img loading=\"lazy\" decoding=\"async\" width=\"1024\" height=\"617\" src=\"https:\/\/www.teritoria.com\/wp-content\/uploads\/2024\/05\/3950o-1024x617.jpg\" alt=\"\" class=\"wp-image-70607\" style=\"aspect-ratio:16\/9;object-fit:cover;width:1026px\" title=\"\" srcset=\"https:\/\/www.teritoria.com\/wp-content\/uploads\/2024\/05\/3950o-1024x617.jpg 1024w, https:\/\/www.teritoria.com\/wp-content\/uploads\/2024\/05\/3950o-300x181.jpg 300w, https:\/\/www.teritoria.com\/wp-content\/uploads\/2024\/05\/3950o-768x462.jpg 768w, https:\/\/www.teritoria.com\/wp-content\/uploads\/2024\/05\/3950o-1536x925.jpg 1536w, https:\/\/www.teritoria.com\/wp-content\/uploads\/2024\/05\/3950o.jpg 1920w\" sizes=\"auto, (max-width: 1024px) 100vw, 1024px\" \/><\/figure>\n<\/div>\n\n\n<p>La soir\u00e9e d\u00e9butera \u00e0 20h30 et proposera un menu exclusif en collaboration avec les chefs r\u00e9sidents&nbsp;<strong>Michelina Fischetti&nbsp;<\/strong>et&nbsp;<strong>Serena Falco<\/strong>. Les convives auront l\u2019opportunit\u00e9 de d\u00e9couvrir une&nbsp;<strong>cuisine raffin\u00e9e et innovante<\/strong>, accompagn\u00e9e de vins s\u00e9lectionn\u00e9s par des&nbsp;<strong>productrices locales<\/strong>, c\u00e9l\u00e9brant ainsi la richesse et la diversit\u00e9 de la culture gastronomique f\u00e9minine.<\/p>\n\n\n\n<p><\/p>\n\n\n\n<p>Pour plus d\u2019informations et pour r\u00e9server votre place, contactez directement le restaurant Oasis Sapori Antichi.<\/p>\n\n\n\n<p><\/p>\n\n\n\n<h2 class=\"wp-block-heading has-luminous-vivid-orange-color has-text-color has-link-color wp-elements-962b95b3a345711265833d5abf721d98\">Conclusion<\/h2>\n\n\n\n<p>Septembre 2024 s&#8217;annonce riche en d\u00e9couvertes avec Teritoria. Ne manquez pas ces \u00e9v\u00e9nements pour vivre des exp\u00e9riences inoubliables. Pour rester inform\u00e9 des derni\u00e8res actualit\u00e9s et suggestions de voyage,<a href=\"https:\/\/share-eu1.hsforms.com\/1AzaUmyeDS_6G7jHqch1fDAf7vkn?__hstc=232335232.1d1da007268f1be4045da9973ec4a076.1708685834236.1716475569547.1716478938265.164&amp;__hssc=232335232.2.1716478938265&amp;__hsfp=1134051920\" rel=\"nofollow noopener\" target=\"_blank\"> inscrivez-vous \u00e0 notre newsletter<\/a>. Visitez notre <a href=\"https:\/\/www.teritoria.com\/boutique-cadeaux\/\">boutique cadeaux<\/a> pour offrir des coffrets et cartes cadeaux valables dans tous les h\u00f4tels et restaurants Teritoria.<\/p>\n","protected":false},"excerpt":{"rendered":"<p>Que faire en septembre ? D\u00e9couvrez les \u00e9v\u00e8nements de nos maisons et choisissez l&#8217;escapade parfaite pour vous !<\/p>\n","protected":false},"author":16,"featured_media":69445,"comment_status":"closed","ping_status":"closed","sticky":false,"template":"","format":"standard","meta":{"_acf_changed":false,"footnotes":""},"categories":[702,1],"tags":[13500],"class_list":["post-101670","post","type-post","status-publish","format-standard","has-post-thumbnail","hentry","category-life-moments","category-all-our-articles","tag-evenements-septembre-en"],"acf":[],"_links":{"self":[{"href":"https:\/\/www.teritoria.com\/en\/wp-json\/wp\/v2\/posts\/101670","targetHints":{"allow":["GET"]}}],"collection":[{"href":"https:\/\/www.teritoria.com\/en\/wp-json\/wp\/v2\/posts"}],"about":[{"href":"https:\/\/www.teritoria.com\/en\/wp-json\/wp\/v2\/types\/post"}],"author":[{"embeddable":true,"href":"https:\/\/www.teritoria.com\/en\/wp-json\/wp\/v2\/users\/16"}],"replies":[{"embeddable":true,"href":"https:\/\/www.teritoria.com\/en\/wp-json\/wp\/v2\/comments?post=101670"}],"version-history":[{"count":2,"href":"https:\/\/www.teritoria.com\/en\/wp-json\/wp\/v2\/posts\/101670\/revisions"}],"predecessor-version":[{"id":165934,"href":"https:\/\/www.teritoria.com\/en\/wp-json\/wp\/v2\/posts\/101670\/revisions\/165934"}],"wp:featuredmedia":[{"embeddable":true,"href":"https:\/\/www.teritoria.com\/en\/wp-json\/wp\/v2\/media\/69445"}],"wp:attachment":[{"href":"https:\/\/www.teritoria.com\/en\/wp-json\/wp\/v2\/media?parent=101670"}],"wp:term":[{"taxonomy":"category","embeddable":true,"href":"https:\/\/www.teritoria.com\/en\/wp-json\/wp\/v2\/categories?post=101670"},{"taxonomy":"post_tag","embeddable":true,"href":"https:\/\/www.teritoria.com\/en\/wp-json\/wp\/v2\/tags?post=101670"}],"curies":[{"name":"wp","href":"https:\/\/api.w.org\/{rel}","templated":true}]}}